{"id":42587,"date":"2014-08-27T01:58:52","date_gmt":"2014-08-26T23:58:52","guid":{"rendered":"http:\/\/stockportal.hu\/?p=42587"},"modified":"2014-08-26T22:00:10","modified_gmt":"2014-08-26T20:00:10","slug":"iszlam-allam-obama-nem-lesz-konnyu-felszamolni-a-terrorista-erot","status":"publish","type":"post","link":"https:\/\/gazdasagportal.hu\/index.php\/iszlam-allam-obama-nem-lesz-konnyu-felszamolni-a-terrorista-erot\/","title":{"rendered":"Iszl\u00e1m \u00c1llam &#8211; Obama: nem lesz k\u00f6nny\u0171 felsz\u00e1molni a terrorista er\u0151t"},"content":{"rendered":"<p><strong>Barack Obama amerikai eln\u00f6k kedden kijelentette, hogy \u00fcld\u00f6ztetni fogja a lefejezett \u00fajs\u00e1g\u00edr\u00f3, James Foley gyilkosait, de r\u00e1mutatott, hogy nem lesz k\u00f6nny\u0171 a hal\u00e1l\u00e1\u00e9rt felel\u0151s, Iszl\u00e1m \u00c1llam (I\u00c1) elnevez\u00e9s\u0171 dzsihadista er\u0151t &#8222;gy\u00f6kerest\u0151l kiirtani&#8221;.<\/strong><!--more--><br \/>\n<div class=\"ads-in-post1\"><div id=\"gazdasagportal.hu_fullbanner_wideboard\"><\/div>\r\n<\/div>\n<p>    \u00c9rt\u00e9sre adata, hogy az Egyes\u00fclt \u00c1llamok nem hagyja megtorlatlanul, ha az \u00e1llampolg\u00e1rait b\u00e1nt\u00f3d\u00e1s \u00e9ri.<br \/>\n    &#8222;Amerika nem felejt, a kez\u00fcnk messzire el\u00e9r, t\u00fcrelmesek vagyunk, az igazs\u00e1gszolg\u00e1ltat\u00e1s nem marad el&#8221; &#8211; hangoztatta Obama az \u00e9szak-karolinai Charlotte-ban, veter\u00e1nok el\u0151tt mondott besz\u00e9d\u00e9ben.<br \/>\n    &#8222;Az I\u00c1-hoz hasonlatos r\u00e1kfene gy\u00f6kerest\u0151l val\u00f3 kiirt\u00e1sa nem lesz k\u00f6nny\u0171, \u00e9s nem megy gyorsan&#8221; &#8211; mondta az eln\u00f6k, akinek augusztus 8-i parancsa nyom\u00e1n amerikai harci g\u00e9pek mintegy 100 l\u00e9gicsap\u00e1st m\u00e9rtek a terrorista mil\u00edci\u00e1ra. H\u00e9tf\u0151i bejelent\u00e9s szerint Obama enged\u00e9lyezte az I\u00c1 sz\u00edriai h\u00e1torsz\u00e1ga feletti felder\u00edt\u0151 rep\u00fcl\u00e9seket is, amelyek megkezd\u0151dtek.<br \/>\n    Obama egy\u00fattal \u00f3vatoss\u00e1gra intett, eml\u00e9keztetve arra, hogy a t\u00f6rt\u00e9nelem leck\u00e9ket adott Amerik\u00e1nak, amikor nemzetk\u00f6zi t\u00e1mogat\u00e1s n\u00e9lk\u00fcl vagy meggondolatlanul bocs\u00e1tkozott &#8222;katonai kalandokba&#8221;. Megfogadta, hogy nem engedi haz\u00e1j\u00e1t visszar\u00e1ngatni az iraki h\u00e1bor\u00faba, \u00e9s hangs\u00falyozta, hogy az ottani v\u00e1ls\u00e1gra nem jelentene megold\u00e1st az, ha nagy l\u00e9tsz\u00e1m\u00fa katonai er\u0151t vez\u00e9nyeln\u00e9nek oda, vagy orsz\u00e1gokat huzamosabb ideig megsz\u00e1llva tartan\u00e1nak, mert az ilyen l\u00e9p\u00e9sek a sz\u00e9ls\u0151s\u00e9gesek malm\u00e1ra hajtj\u00e1k a vizet.<br \/>\n    Az eln\u00f6k szavai szerint ugyanakkor az Egyes\u00fclt \u00c1llamoknak er\u0151sen, magabiztosan \u00e9s b\u00f6lcsen kell vezet\u0151 szerepet j\u00e1tszania a vil\u00e1gban.<br \/>\n    Chuck Hagel amerikai v\u00e9delmi miniszter kedden k\u00f6z\u00f6lte, hogy h\u00e9t orsz\u00e1g &#8211; Alb\u00e1nia, Kanada, Horv\u00e1torsz\u00e1g, D\u00e1nia, Olaszorsz\u00e1g, Franciaorsz\u00e1g \u00e9s Nagy-Britannia &#8211; fegyvert \u00e9s felszerel\u00e9st sz\u00e1ll\u00edt az iraki kurdoknak. A nemzetk\u00f6zi t\u00e1mogat\u00e1st a bagdadi korm\u00e1nnyal egyeztetve kapj\u00e1k a kurdok, akiknek az I\u00c1 elleni k\u00fczdelm\u00e9t az Egyes\u00fclt \u00c1llamok l\u00e9gicsap\u00e1sokkal t\u00e1mogatja.<br \/>\n    Amerikai hivatalos forr\u00e1sok szerint egy\u00e9bk\u00e9nt az I\u00c1 tavaly \u00f3ta egy fiatal amerikai n\u0151t is fogva tart, aki t\u00f6bb humanit\u00e1rius seg\u00e9lyszervezetnek is dolgozott. Nev\u00e9t a t\u00fasz \u00e9let\u00e9\u00e9rt agg\u00f3d\u00f3 csal\u00e1d k\u00e9r\u00e9s\u00e9re nem hozt\u00e1k nyilv\u00e1noss\u00e1gra.<br \/>\n    A seg\u00e9lymunk\u00e1sn\u0151 egyike annak a legal\u00e1bb h\u00e1rom amerikai \u00e1llampolg\u00e1rnak, akik terrorszervezet fogs\u00e1g\u00e1ba estek. K\u00f6z\u00fcl\u00fck James Foleyt a m\u00falt h\u00e9ten gyilkolt\u00e1k meg \u00e9s kil\u00e1t\u00e1sba helyezt\u00e9k egy m\u00e1sik \u00fajs\u00e1g\u00edr\u00f3, Steven Sotloff meg\u00f6l\u00e9s\u00e9t is, ha Obama eln\u00f6k nem vet v\u00e9get az I\u00c1 elleni l\u00e9gicsap\u00e1soknak.<br \/>\n    A 26 \u00e9ves n\u0151\u00e9rt sajt\u00f3\u00e9rtes\u00fcl\u00e9sek szerint az I\u00c1 6,6 milli\u00f3 doll\u00e1rt k\u00f6vetel, valamint azt, hogy bocs\u00e1ss\u00e1k szabadon a Lady al-Kaida n\u00e9ven ismertt\u00e9 v\u00e1lt, pakiszt\u00e1ni sz\u00fclet\u00e9s\u0171 \u00c1fija Sziddikit, akit az\u00e9rt \u00edt\u00e9ltek 86 \u00e9vi szabads\u00e1gveszt\u00e9sre, mert azt tervezte, hogy &#8222;piszkos bomb\u00e1val&#8221;, Ebola-v\u00edrussal vagy vegyi fegyverrel int\u00e9z t\u00e1mad\u00e1st az Egyes\u00fclt \u00c1llamok ellen.<br \/>\n    Az Iszl\u00e1m \u00c1llam mellett m\u00e1s sz\u00e9ls\u0151s\u00e9ges csoportoknak is vannak t\u00faszaik. K\u00f6z\u00fcl\u00fck az al-N\u00faszra Front katari k\u00f6zbenj\u00e1r\u00e1sra szabadon engedett egy harmadik \u00fajs\u00e1g\u00edr\u00f3t, Peter Curtist.<br \/>\n    A NBC News kedden k\u00f6z\u00f6lte, hogy az elm\u00falt h\u00e9tv\u00e9g\u00e9n Sz\u00edri\u00e1ban \u00e9let\u00e9t vesztette Douglas McAuthur McCain amerikai \u00e1llampolg\u00e1r, aki az I\u00c1 oldal\u00e1n harcolt az Egyes\u00fclt \u00c1llamok \u00e1ltal t\u00e1mogatott Szabad Sz\u00edriai Hadsereggel szemben. A telev\u00edzi\u00f3 szerint a kaliforniai San Dieg\u00f3ba val\u00f3 33 \u00e9ves f\u00e9rfi 10 \u00e9vvel ezel\u0151tt t\u00e9rt \u00e1t a kereszt\u00e9nys\u00e9gr\u0151l az iszl\u00e1m hitre. A csal\u00e1dot az amerikai k\u00fcl\u00fcgyminiszt\u00e9rium h\u00e9tf\u0151n \u00e9rtes\u00edtette az elhal\u00e1loz\u00e1sr\u00f3l.<br \/>\n    Az NBC hivatalos forr\u00e1sokb\u00f3l \u00fagy tudja, hogy t\u00f6bb tucatnyi amerikai harcolhat a dzsihadist\u00e1k soraiban. Egyik\u00fck, a Florid\u00e1ban feln\u0151tt Moner Mohammad Abusalha, egy j\u00faliusban nyilv\u00e1noss\u00e1gra hozott vide\u00f3 szerint \u00f6ngyilkos mer\u00e9nyletet hajtott v\u00e9gre Sz\u00edri\u00e1ban.(MTI)<\/p>\n","protected":false},"excerpt":{"rendered":"<p>Barack Obama amerikai eln\u00f6k kedden kijelentette, hogy \u00fcld\u00f6ztetni fogja a lefejezett \u00fajs\u00e1g\u00edr\u00f3, James Foley gyilkosait, de r\u00e1mutatott, hogy nem lesz k\u00f6nny\u0171 a hal\u00e1l\u00e1\u00e9rt felel\u0151s, Iszl\u00e1m \u00c1llam (I\u00c1) elnevez\u00e9s\u0171 dzsihadista er\u0151t &#8222;gy\u00f6kerest\u0151l kiirtani&#8221;.<\/p>\n","protected":false},"author":1,"featured_media":0,"comment_status":"open","ping_status":"closed","sticky":false,"template":"","format":"standard","meta":[],"categories":[16],"tags":[],"_links":{"self":[{"href":"https:\/\/gazdasagportal.hu\/index.php\/wp-json\/wp\/v2\/posts\/42587"}],"collection":[{"href":"https:\/\/gazdasagportal.hu\/index.php\/wp-json\/wp\/v2\/posts"}],"about":[{"href":"https:\/\/gazdasagportal.hu\/index.php\/wp-json\/wp\/v2\/types\/post"}],"author":[{"embeddable":true,"href":"https:\/\/gazdasagportal.hu\/index.php\/wp-json\/wp\/v2\/users\/1"}],"replies":[{"embeddable":true,"href":"https:\/\/gazdasagportal.hu\/index.php\/wp-json\/wp\/v2\/comments?post=42587"}],"version-history":[{"count":1,"href":"https:\/\/gazdasagportal.hu\/index.php\/wp-json\/wp\/v2\/posts\/42587\/revisions"}],"predecessor-version":[{"id":42588,"href":"https:\/\/gazdasagportal.hu\/index.php\/wp-json\/wp\/v2\/posts\/42587\/revisions\/42588"}],"wp:attachment":[{"href":"https:\/\/gazdasagportal.hu\/index.php\/wp-json\/wp\/v2\/media?parent=42587"}],"wp:term":[{"taxonomy":"category","embeddable":true,"href":"https:\/\/gazdasagportal.hu\/index.php\/wp-json\/wp\/v2\/categories?post=42587"},{"taxonomy":"post_tag","embeddable":true,"href":"https:\/\/gazdasagportal.hu\/index.php\/wp-json\/wp\/v2\/tags?post=42587"}],"curies":[{"name":"wp","href":"https:\/\/api.w.org\/{rel}","templated":true}]}}