{"id":42583,"date":"2014-08-27T03:32:26","date_gmt":"2014-08-27T01:32:26","guid":{"rendered":"http:\/\/stockportal.hu\/?p=42583"},"modified":"2014-08-26T20:23:33","modified_gmt":"2014-08-26T18:23:33","slug":"gazai-konfliktus-mindharom-fel-megerositette-a-tuzszuneti-megallapodast","status":"publish","type":"post","link":"https:\/\/gazdasagportal.hu\/index.php\/gazai-konfliktus-mindharom-fel-megerositette-a-tuzszuneti-megallapodast\/","title":{"rendered":"G\u00e1zai konfliktus &#8211; Mindh\u00e1rom f\u00e9l meger\u0151s\u00edtette a t\u0171zsz\u00fcneti meg\u00e1llapod\u00e1st"},"content":{"rendered":"<p><strong>Mahm\u00fad Abb\u00e1sz palesztin eln\u00f6k, a k\u00e9t f\u00e9l k\u00f6z\u00f6tt k\u00f6zvet\u00edt\u0151 Egyiptom, valamint az izraeli m\u00e9dia is meger\u0151s\u00edtette, hogy a G\u00e1zai \u00f6vezetben harcol\u00f3 feleknek siker\u00fclt hossz\u00fa t\u00e1v\u00fa t\u0171zsz\u00fcneti meg\u00e1llapod\u00e1st k\u00f6tni\u00fck kedden.<\/strong><!--more--><br \/>\n<div class=\"ads-in-post1\"><div id=\"gazdasagportal.hu_fullbanner_wideboard\"><\/div>\r\n<\/div>\n<p>    A fegyvernyugv\u00e1s egyiptomi k\u00f6zl\u00e9s szerint h\u00e9t \u00f3rakor (k\u00f6z\u00e9p-eur\u00f3pai id\u0151 szerint hat \u00f3rakor) l\u00e9pett \u00e9letbe. Ezzel szemben egyes izraeli \u00e9rtes\u00fcl\u00e9sek szerint a t\u0171zsz\u00fcnet helyi id\u0151 szerint \u00e9jf\u00e9lt\u0151l kezd\u0151dik.<br \/>\n    Az MTI jeruzs\u00e1lemi tud\u00f3s\u00edt\u00f3j\u00e1nak jelent\u00e9se szerint hat \u00f3ra ut\u00e1n m\u00e9g t\u00f6bb percig l\u0151tt\u00e9k rak\u00e9t\u00e1kkal a G\u00e1zai \u00f6vezetb\u0151l az azzal szomsz\u00e9dos izraeli telep\u00fcl\u00e9seket. Izraelben egy kibuctaggal n\u00e9h\u00e1ny perccel a t\u0171zsz\u00fcnet \u00e9letbe l\u00e9p\u00e9se el\u0151tt v\u00e9gzett egy gr\u00e1n\u00e1tl\u00f6ved\u00e9k, amely h\u00e1rom m\u00e1sik civilt is megsebes\u00edtett, egyik\u00fcket s\u00falyosan.<br \/>\n    Kor\u00e1bban a G\u00e1z\u00e1t ural\u00f3 Ham\u00e1sz radik\u00e1lis palesztin szervezet sz\u00f3viv\u0151je azt mondta, hogy a felek hat\u00e1rozatlan idej\u0171 t\u0171zsz\u00fcnetet k\u00f6t\u00f6ttek. Az egyiptomi k\u00f6zvet\u00edt\u00e9ssel l\u00e9trej\u00f6tt egyezs\u00e9g \u00e9rtelm\u00e9ben Izrael laz\u00edtani fog G\u00e1za blok\u00e1dj\u00e1n, \u00e9s be fogja engedni a seg\u00e9lysz\u00e1ll\u00edtm\u00e1nyokat \u00e9s az \u00fajj\u00e1\u00e9p\u00edt\u00e9shez sz\u00fcks\u00e9ges anyagokat a ter\u00fcletre.<br \/>\n    A g\u00e1zaiak kedd este z\u00f6ld ham\u00e1szos z\u00e1szl\u00f3kkal az utc\u00e1kra vonultak, a leveg\u0151be leadott l\u00f6v\u00e9sekkel, t\u0171zij\u00e1t\u00e9kkal, utcai felvonul\u00e1sokkal \u00fcnneplik a t\u0171zsz\u00fcnet \u00e9letbe l\u00e9p\u00e9s\u00e9t.<br \/>\n    Sz\u00e1meh Sukri egyiptomi k\u00fcl\u00fcgyminiszter sajt\u00f3k\u00f6zlem\u00e9nye szerint Egyiptom v\u00e9gleges t\u0171zsz\u00fcneti meg\u00e1llapod\u00e1sra sz\u00f3l\u00edtotta fel a szemben\u00e1ll\u00f3 feleket, az &#8222;\u00e1rtatlan lelkek meg\u00f3v\u00e1sa, \u00e9s a v\u00e9ront\u00e1s besz\u00fcntet\u00e9se&#8221; \u00e9rdek\u00e9ben. A fegyvernyugv\u00e1s felt\u00e9telei megfelelnek az egy h\u00f3nappal ezel\u0151tt beny\u00fajtott egyiptomi ind\u00edtv\u00e1ny \u00e9s a 2012-ben Kair\u00f3 k\u00f6zvet\u00edt\u00e9s\u00e9vel sz\u00fcletett t\u0171zsz\u00fcneti meg\u00e1llapod\u00e1sban foglaltaknak &#8211; \u00e1ll a jelent\u00e9sben.<br \/>\n    Izrael hivatalosan nem komment\u00e1lta a t\u0171zsz\u00fcnetet. Az ottani m\u00e9dia, illetve t\u00f6bb nemzetk\u00f6zi h\u00edr\u00fcgyn\u00f6ks\u00e9g magas rang\u00fa izraeli tiszts\u00e9gvisel\u0151kre hivatkozva mindenesetre azt \u00edrta, hogy Izrael is elfogadta a fegyvernyugv\u00e1st.<br \/>\n    A meg\u00e1llapod\u00e1s \u00e9rtelm\u00e9ben a G\u00e1zai \u00f6vezet blok\u00e1dj\u00e1nak tov\u00e1bbi laz\u00edt\u00e1s\u00e1r\u00f3l, illetve egy\u00e9b vit\u00e1s \u00fcgyekr\u0151l a j\u00f6v\u0151 h\u00f3napban kezdenek k\u00f6zvetett t\u00e1rgyal\u00e1sokat a felek, szint\u00e9n egyiptomi k\u00f6zvet\u00edt\u00e9ssel.<br \/>\n    A 2007 \u00f3ta tart\u00f3 g\u00e1zai blok\u00e1d felold\u00e1sa a Ham\u00e1sz legf\u0151bb felt\u00e9tele volt a t\u00e1rgyal\u00e1sok sor\u00e1n. Ugyanakkor Izrael \u00e9s Egyiptom is kock\u00e1zatosnak tartja a g\u00e1zai hat\u00e1r megnyit\u00e1s\u00e1t, att\u00f3l tartva, hogy az megk\u00f6nny\u00edten\u00e9 a Ham\u00e1sz sz\u00e1m\u00e1ra a fegyverekhez val\u00f3 hozz\u00e1jut\u00e1st.<br \/>\n    A j\u00falius 8-\u00e1n kirobbant g\u00e1zai konfliktusban t\u00f6bb mint 2100 palesztin vesztette \u00e9let\u00e9t, Izrael 64 katon\u00e1t \u00e9s \u00f6t civilt vesztett. Az 1,8 milli\u00f3s G\u00e1z\u00e1ban a helyi hat\u00f3s\u00e1gok szerint t\u00f6bb mint f\u00e9lmilli\u00f3 embernek kellett elmenek\u00fclnie otthon\u00e1b\u00f3l.(MTI)<\/p>\n","protected":false},"excerpt":{"rendered":"<p>Mahm\u00fad Abb\u00e1sz palesztin eln\u00f6k, a k\u00e9t f\u00e9l k\u00f6z\u00f6tt k\u00f6zvet\u00edt\u0151 Egyiptom, valamint az izraeli m\u00e9dia is meger\u0151s\u00edtette, hogy a G\u00e1zai \u00f6vezetben harcol\u00f3 feleknek siker\u00fclt hossz\u00fa t\u00e1v\u00fa t\u0171zsz\u00fcneti meg\u00e1llapod\u00e1st k\u00f6tni\u00fck kedden.<\/p>\n","protected":false},"author":1,"featured_media":0,"comment_status":"open","ping_status":"closed","sticky":false,"template":"","format":"standard","meta":[],"categories":[16],"tags":[],"_links":{"self":[{"href":"https:\/\/gazdasagportal.hu\/index.php\/wp-json\/wp\/v2\/posts\/42583"}],"collection":[{"href":"https:\/\/gazdasagportal.hu\/index.php\/wp-json\/wp\/v2\/posts"}],"about":[{"href":"https:\/\/gazdasagportal.hu\/index.php\/wp-json\/wp\/v2\/types\/post"}],"author":[{"embeddable":true,"href":"https:\/\/gazdasagportal.hu\/index.php\/wp-json\/wp\/v2\/users\/1"}],"replies":[{"embeddable":true,"href":"https:\/\/gazdasagportal.hu\/index.php\/wp-json\/wp\/v2\/comments?post=42583"}],"version-history":[{"count":1,"href":"https:\/\/gazdasagportal.hu\/index.php\/wp-json\/wp\/v2\/posts\/42583\/revisions"}],"predecessor-version":[{"id":42584,"href":"https:\/\/gazdasagportal.hu\/index.php\/wp-json\/wp\/v2\/posts\/42583\/revisions\/42584"}],"wp:attachment":[{"href":"https:\/\/gazdasagportal.hu\/index.php\/wp-json\/wp\/v2\/media?parent=42583"}],"wp:term":[{"taxonomy":"category","embeddable":true,"href":"https:\/\/gazdasagportal.hu\/index.php\/wp-json\/wp\/v2\/categories?post=42583"},{"taxonomy":"post_tag","embeddable":true,"href":"https:\/\/gazdasagportal.hu\/index.php\/wp-json\/wp\/v2\/tags?post=42583"}],"curies":[{"name":"wp","href":"https:\/\/api.w.org\/{rel}","templated":true}]}}