{"id":42581,"date":"2014-08-27T03:18:47","date_gmt":"2014-08-27T01:18:47","guid":{"rendered":"http:\/\/stockportal.hu\/?p=42581"},"modified":"2014-08-26T20:21:53","modified_gmt":"2014-08-26T18:21:53","slug":"megalakult-az-uj-francia-kormany","status":"publish","type":"post","link":"https:\/\/gazdasagportal.hu\/index.php\/megalakult-az-uj-francia-kormany\/","title":{"rendered":"Megalakult az \u00faj francia korm\u00e1ny"},"content":{"rendered":"<p><strong>Megalakult kedden a tov\u00e1bbra is 16 miniszterb\u0151l, valamint 17 \u00e1llamtitk\u00e1rb\u00f3l \u00e1ll\u00f3 \u00faj szocialista francia korm\u00e1ny. A kabinetben a megszor\u00edt\u00f3 gazdas\u00e1gpolitik\u00e1t b\u00edr\u00e1l\u00f3 Arnaud Montebourg gazdas\u00e1gi miniszter hely\u00e9t egy volt bank\u00e1r, a 36 \u00e9ves Emmanuel Macron veszi \u00e1t.<\/strong><!--more--><br \/>\n<div class=\"ads-in-post1\"><div id=\"gazdasagportal.hu_fullbanner_wideboard\"><\/div>\r\n<\/div>\n<p>    A kor\u00e1bban Francois Hollande k\u00f6zt\u00e1rsas\u00e1gi eln\u00f6k gazdas\u00e1gi tan\u00e1csad\u00f3jak\u00e9nt dolgoz\u00f3 szakember a k\u00f6zv\u00e9lem\u00e9ny el\u0151tt nem ismert politikus, nem tagja a Szocialista P\u00e1rtnak, kinevez\u00e9se a tov\u00e1bbra is Manuel Valls \u00e1ltal vezetett korm\u00e1nyzat centrista vonal\u00e1t \u00e9s liber\u00e1lis gazdas\u00e1gpolitik\u00e1j\u00e1t er\u0151s\u00edti.<br \/>\n    Hollande h\u00e9tf\u0151n &#8222;az \u00e1ltala meghat\u00e1rozott ir\u00e1nyvonallal \u00f6sszhangban \u00e1ll\u00f3&#8221; \u00faj korm\u00e1ny alak\u00edt\u00e1s\u00e1ra k\u00e9rte fel a minisztereln\u00f6k\u00f6t, \u00edgy k\u00e9nyszer\u00edtve ki azon miniszterek t\u00e1voz\u00e1s\u00e1t, akik nem \u00e9rtenek egyet az eln\u00f6k megszor\u00edt\u00f3 gazdas\u00e1gpolitik\u00e1j\u00e1val.<br \/>\n    Az oktat\u00e1si t\u00e1rc\u00e1t Najat Vallaud-Belkacem eddigi n\u0151jogi, ifj\u00fas\u00e1gi \u00e9s sportminiszter veszi \u00e1t a szint\u00e9n t\u00e1voz\u00f3 Benoit Hamont\u00f3l, a kultur\u00e1lis miniszter Aur\u00e9lie Filipetti helyett pedig Fleur Pellerin kor\u00e1bbi k\u00fclkereskedelmi \u00e1llamtitk\u00e1r lesz. Rajtuk k\u00edv\u00fcl egy \u00e1llamtitk\u00e1r, Fr\u00e9d\u00e9ric Cuvillier t\u00e1vozott a korm\u00e1nyb\u00f3l \u00e9s hat \u00faj politikus \u00e9rkezett, miut\u00e1n Vallaud-Belkacem kor\u00e1bbi t\u00e1rc\u00e1j\u00e1t t\u00f6bb r\u00e9szre osztott\u00e1k.<br \/>\n    Az \u00faj kabinetben nyolc n\u0151 \u00e9s nyolc f\u00e9rfi miniszter foglal helyett, \u00fajdons\u00e1g, hogy Franciaorsz\u00e1gnak most el\u0151sz\u00f6r lesz n\u0151i oktat\u00e1si minisztere.<br \/>\n    A korm\u00e1ny\u00e1talak\u00edt\u00e1s \u00f6sszess\u00e9g\u00e9ben kism\u00e9rt\u00e9k\u0171nek tekinthet\u0151, hiszen 12 miniszter a hely\u00e9n maradt, k\u00f6zt\u00fck Laurent Fabius a k\u00fcl\u00fcgyi, Christiane Taubira az igazs\u00e1g\u00fcgyi, Jean-Yves Le Drian a v\u00e9delmi \u00e9s S\u00e9golene Royal a k\u00f6rnyezetv\u00e9delmi t\u00e1rca \u00e9l\u00e9n.<br \/>\n    Az elm\u00falt k\u00e9t \u00e9vben Hollande m\u00e1r elvesztette a Z\u00f6ldek \u00e9s a sz\u00e9ls\u0151baloldal t\u00e1mogat\u00e1s\u00e1t, az elm\u00falt h\u00f3napokban pedig a Szocialista P\u00e1rton bel\u00fcl is egyre ny\u00edltabban b\u00edr\u00e1lt\u00e1k az \u00e1llamf\u0151t a deficitcs\u00f6kkent\u00e9s \u00e9rdek\u00e9ben meghirdetett 50 milli\u00e1rd eur\u00f3s megtakar\u00edt\u00e1s \u00e9s a v\u00e1llalkoz\u00e1sok ad\u00f3terheinek 40 milli\u00e1rd eur\u00f3s cs\u00f6kkent\u00e9se miatt, amelynek c\u00e9lja a munkahelyteremt\u00e9s \u00f6szt\u00f6nz\u00e9se. Montebourg mellett Benoit Hamon eddigi oktat\u00e1si miniszter pr\u00f3b\u00e1lt a legink\u00e1bb nyom\u00e1st gyakorolni az \u00e1llamf\u0151re annak \u00e9rdek\u00e9ben, hogy ne a v\u00e1llalkoz\u00e1sok, hanem a h\u00e1ztart\u00e1sok sz\u00e1m\u00e1ra tegyen ink\u00e1bb engedm\u00e9nyeket.<br \/>\n    A Szocialista P\u00e1rt baloldal\u00e1hoz tartoz\u00f3 hangad\u00f3k t\u00e1voz\u00e1s\u00e1val a korm\u00e1ny\u00e1talak\u00edt\u00e1s legnagyobb kock\u00e1zata, hogy minim\u00e1lisra cs\u00f6kkent a korm\u00e1nyp\u00e1rtok parlamenti t\u00f6bbs\u00e9g. A nemzetgy\u0171l\u00e9sben a baloldalnak 305 k\u00e9pvisel\u0151je van, az abszol\u00fat t\u00f6bbs\u00e9ghez 289 szavazatra van sz\u00fcks\u00e9g.(MTI)<\/p>\n","protected":false},"excerpt":{"rendered":"<p>Megalakult kedden a tov\u00e1bbra is 16 miniszterb\u0151l, valamint 17 \u00e1llamtitk\u00e1rb\u00f3l \u00e1ll\u00f3 \u00faj szocialista francia korm\u00e1ny. A kabinetben a megszor\u00edt\u00f3 gazdas\u00e1gpolitik\u00e1t b\u00edr\u00e1l\u00f3 Arnaud Montebourg gazdas\u00e1gi miniszter hely\u00e9t egy volt bank\u00e1r, a 36 \u00e9ves Emmanuel Macron veszi \u00e1t.<\/p>\n","protected":false},"author":1,"featured_media":0,"comment_status":"open","ping_status":"closed","sticky":false,"template":"","format":"standard","meta":[],"categories":[12],"tags":[],"_links":{"self":[{"href":"https:\/\/gazdasagportal.hu\/index.php\/wp-json\/wp\/v2\/posts\/42581"}],"collection":[{"href":"https:\/\/gazdasagportal.hu\/index.php\/wp-json\/wp\/v2\/posts"}],"about":[{"href":"https:\/\/gazdasagportal.hu\/index.php\/wp-json\/wp\/v2\/types\/post"}],"author":[{"embeddable":true,"href":"https:\/\/gazdasagportal.hu\/index.php\/wp-json\/wp\/v2\/users\/1"}],"replies":[{"embeddable":true,"href":"https:\/\/gazdasagportal.hu\/index.php\/wp-json\/wp\/v2\/comments?post=42581"}],"version-history":[{"count":1,"href":"https:\/\/gazdasagportal.hu\/index.php\/wp-json\/wp\/v2\/posts\/42581\/revisions"}],"predecessor-version":[{"id":42582,"href":"https:\/\/gazdasagportal.hu\/index.php\/wp-json\/wp\/v2\/posts\/42581\/revisions\/42582"}],"wp:attachment":[{"href":"https:\/\/gazdasagportal.hu\/index.php\/wp-json\/wp\/v2\/media?parent=42581"}],"wp:term":[{"taxonomy":"category","embeddable":true,"href":"https:\/\/gazdasagportal.hu\/index.php\/wp-json\/wp\/v2\/categories?post=42581"},{"taxonomy":"post_tag","embeddable":true,"href":"https:\/\/gazdasagportal.hu\/index.php\/wp-json\/wp\/v2\/tags?post=42581"}],"curies":[{"name":"wp","href":"https:\/\/api.w.org\/{rel}","templated":true}]}}