{"id":42571,"date":"2014-08-27T03:58:19","date_gmt":"2014-08-27T01:58:19","guid":{"rendered":"http:\/\/stockportal.hu\/?p=42571"},"modified":"2014-08-26T19:18:59","modified_gmt":"2014-08-26T17:18:59","slug":"vezeto-nelkul-szaguldott-egy-villamos-szegeden","status":"publish","type":"post","link":"https:\/\/gazdasagportal.hu\/index.php\/vezeto-nelkul-szaguldott-egy-villamos-szegeden\/","title":{"rendered":"Vezet\u0151 n\u00e9lk\u00fcl sz\u00e1guldott egy villamos Szegeden"},"content":{"rendered":"<p><strong>Helyre\u00e1llt a k\u00f6zleked\u00e9s azon a szegedi villamosvonalon, amelyen kedd reggel egy vezet\u0151 n\u00e9lk\u00fcl halad\u00f3 szerelv\u00e9ny leszaggatta a fels\u0151vezet\u00e9ket. A K\u00f6zleked\u00e9sbiztons\u00e1gi Szervezet (KBSZ) vizsg\u00e1lja az eset k\u00f6r\u00fclm\u00e9nyeit, a szakmai vizsg\u00e1lat a helysz\u00edni szemle ut\u00e1n a kft. telephely\u00e9n \u00e9s az \u00e9rintett vonalszakaszon folytat\u00f3dik.<\/strong><!--more--><br \/>\n<div class=\"ads-in-post1\"><div id=\"gazdasagportal.hu_fullbanner_wideboard\"><\/div>\r\n<\/div>\n<p>    T\u00f3th Istv\u00e1n Tibor, a Szegedi K\u00f6zleked\u00e9si Kft. vezet\u0151je az MTI-nek elmondta: a megs\u00e9r\u00fclt fels\u0151vezet\u00e9ket megjav\u00edtott\u00e1k. A sz\u00e1guld\u00f3 villamos a s\u00ednek ment\u00e9n n\u00e9hol a betont is megt\u00f6rte, de a szakemberek felm\u00e9rt\u00e9k a k\u00e1rokat \u00e9s meg\u00e1llap\u00edtott\u00e1k, hogy a s\u00ednp\u00e1lya nem s\u00e9r\u00fclt meg.<br \/>\n    A t\u00e1rsas\u00e1g vezet\u0151je kor\u00e1bban az MTI-vel azt k\u00f6z\u00f6lte: reggel az Izabella h\u00eddn\u00e1l lev\u0151 telephelyr\u0151l egy csukl\u00f3s T\u00e1tra forgalomba \u00e1ll\u00edt\u00e1sa el\u0151tt a t\u00f6bb \u00e9ve j\u00e1rm\u0171vezet\u0151k\u00e9nt dolgoz\u00f3 munkat\u00e1rsuk lesz\u00e1llt a villamosr\u00f3l, \u00e9s mik\u00f6zben egy v\u00e1lt\u00f3t akart \u00e1t\u00e1ll\u00edtani, a szerelv\u00e9ny eddig ismeretlen okb\u00f3l elindult. Mintegy k\u00e9tsz\u00e1z m\u00e9teres gyorsul\u00e1s ut\u00e1n kijutott a rem\u00edzb\u0151l, majd a ny\u00edlt p\u00e1ly\u00e1n t\u00f6bb mint h\u00e9tsz\u00e1z m\u00e9tert sz\u00e1guldott. Mivel a fels\u0151vezet\u00e9ket a villamos leszak\u00edtotta, nem tudott tov\u00e1bbmenni, meg\u00e1llt a R\u00f3kusi k\u00f6r\u00fati nagy k\u00f6rforgalomn\u00e1l l\u00e9v\u0151 K\u00e1rolyi Koll\u00e9gium el\u0151tt. Az eset sor\u00e1n senki nem s\u00e9r\u00fclt meg.<br \/>\n    Az igazgat\u00f3 elmondta: a K\u00f6zleked\u00e9sbiztons\u00e1gi Szervezet (KBSZ) vizsg\u00e1lja az esetet, a j\u00e1rm\u0171 &#8222;fekete doboz\u00e1t&#8221; is elemzik.<br \/>\n    A KBSZ a honlapj\u00e1n azt \u00edrta, szakmai vizsg\u00e1latot ind\u00edtottak. A helysz\u00edni szemle ut\u00e1n a vizsg\u00e1lat a Szegedi K\u00f6zleked\u00e9si Kft. telephely\u00e9n, valamint az \u00e9rintett vonalszakaszon folytat\u00f3dik. Ennek sor\u00e1n egy ugyanilyen t\u00edpus\u00fa j\u00e1rm\u0171vel pr\u00f3b\u00e1t v\u00e9geznek annak meg\u00e1llap\u00edt\u00e1s\u00e1ra, hogy az elmond\u00e1sok alapj\u00e1n rekonstru\u00e1lt mozg\u00e1s lehets\u00e9ges-e, tov\u00e1bb\u00e1 folyik az adatr\u00f6gz\u00edt\u0151 &#8211; &#8222;fekete doboz&#8221; &#8211; ki\u00e9rt\u00e9kel\u00e9se is.<br \/>\n    A k\u00f6zlem\u00e9nyben a K\u00f6zleked\u00e9sbiztons\u00e1gi Szervezet kit\u00e9rt arra: az \u00e9rintett j\u00e1rm\u0171 \u00e1ramszed\u0151j\u00e9nek helyre\u00e1ll\u00edt\u00e1sa ut\u00e1n &#8211; ez v\u00e1rhat\u00f3an n\u00e9h\u00e1ny napot vesz ig\u00e9nybe &#8211; tov\u00e1bbi pr\u00f3b\u00e1kat terveznek annak meg\u00e1llap\u00edt\u00e1s\u00e1ra, hogy a t\u00f6rt\u00e9ntekben m\u0171szaki hiba k\u00f6zrej\u00e1tszott-e. A villamosokon ugyanis van egy olyan berendez\u00e9s, amely megakad\u00e1lyozza a nyitott ajt\u00f3kkal val\u00f3 elindul\u00e1st, ez\u00e9rt azt is vizsg\u00e1lj\u00e1k.(MTI)<\/p>\n","protected":false},"excerpt":{"rendered":"<p>Helyre\u00e1llt a k\u00f6zleked\u00e9s azon a szegedi villamosvonalon, amelyen kedd reggel egy vezet\u0151 n\u00e9lk\u00fcl halad\u00f3 szerelv\u00e9ny leszaggatta a fels\u0151vezet\u00e9ket. A K\u00f6zleked\u00e9sbiztons\u00e1gi Szervezet (KBSZ) vizsg\u00e1lja az eset k\u00f6r\u00fclm\u00e9nyeit, a szakmai vizsg\u00e1lat a helysz\u00edni szemle ut\u00e1n a kft. telephely\u00e9n \u00e9s az \u00e9rintett vonalszakaszon folytat\u00f3dik.<\/p>\n","protected":false},"author":1,"featured_media":0,"comment_status":"open","ping_status":"closed","sticky":false,"template":"","format":"standard","meta":[],"categories":[4],"tags":[],"_links":{"self":[{"href":"https:\/\/gazdasagportal.hu\/index.php\/wp-json\/wp\/v2\/posts\/42571"}],"collection":[{"href":"https:\/\/gazdasagportal.hu\/index.php\/wp-json\/wp\/v2\/posts"}],"about":[{"href":"https:\/\/gazdasagportal.hu\/index.php\/wp-json\/wp\/v2\/types\/post"}],"author":[{"embeddable":true,"href":"https:\/\/gazdasagportal.hu\/index.php\/wp-json\/wp\/v2\/users\/1"}],"replies":[{"embeddable":true,"href":"https:\/\/gazdasagportal.hu\/index.php\/wp-json\/wp\/v2\/comments?post=42571"}],"version-history":[{"count":1,"href":"https:\/\/gazdasagportal.hu\/index.php\/wp-json\/wp\/v2\/posts\/42571\/revisions"}],"predecessor-version":[{"id":42572,"href":"https:\/\/gazdasagportal.hu\/index.php\/wp-json\/wp\/v2\/posts\/42571\/revisions\/42572"}],"wp:attachment":[{"href":"https:\/\/gazdasagportal.hu\/index.php\/wp-json\/wp\/v2\/media?parent=42571"}],"wp:term":[{"taxonomy":"category","embeddable":true,"href":"https:\/\/gazdasagportal.hu\/index.php\/wp-json\/wp\/v2\/categories?post=42571"},{"taxonomy":"post_tag","embeddable":true,"href":"https:\/\/gazdasagportal.hu\/index.php\/wp-json\/wp\/v2\/tags?post=42571"}],"curies":[{"name":"wp","href":"https:\/\/api.w.org\/{rel}","templated":true}]}}