{"id":42567,"date":"2014-08-27T03:43:47","date_gmt":"2014-08-27T01:43:47","guid":{"rendered":"http:\/\/stockportal.hu\/?p=42567"},"modified":"2014-08-26T19:16:48","modified_gmt":"2014-08-26T17:16:48","slug":"ukran-valsag-lengyelorszag-a-nato-csucs-elott-nem-dont-esetleges-ukrajnai-fegyverszallitasrol","status":"publish","type":"post","link":"https:\/\/gazdasagportal.hu\/index.php\/ukran-valsag-lengyelorszag-a-nato-csucs-elott-nem-dont-esetleges-ukrajnai-fegyverszallitasrol\/","title":{"rendered":"Ukr\u00e1n v\u00e1ls\u00e1g &#8211; Lengyelorsz\u00e1g a NATO-cs\u00facs el\u0151tt nem d\u00f6nt esetleges ukrajnai fegyversz\u00e1ll\u00edt\u00e1sr\u00f3l"},"content":{"rendered":"<p><strong>Ukrajna t\u00f6bb uni\u00f3s orsz\u00e1ghoz int\u00e9zett fegyversz\u00e1ll\u00edt\u00e1si k\u00e9r\u00e9st, Tomasz Siemoniak lengyel v\u00e9delmi miniszter azonban c\u00e1folja, hogy ilyen megkeres\u00e9s \u00e9rkezett volna hivatal\u00e1ba. A lengyel korm\u00e1ny a t\u00e9m\u00e1t a NATO szeptemberi newporti cs\u00facstal\u00e1lkoz\u00f3j\u00e1ig elnapolja a TVN24 h\u00edrtelev\u00edzi\u00f3 keddi t\u00e1j\u00e9koztat\u00e1sa szerint.<\/strong><!--more--><br \/>\n<div class=\"ads-in-post1\"><div id=\"gazdasagportal.hu_fullbanner_wideboard\"><\/div>\r\n<\/div>\n<p>A h\u00edrtelev\u00edzi\u00f3 h\u00e9tf\u0151 este tette k\u00f6zz\u00e9 azt a hivatalosan meg nem er\u0151s\u00edtett h\u00edrt, hogy Ukrajna m\u00e9g az orosz-ukr\u00e1n konfliktus elej\u00e9n azzal a k\u00e9rd\u00e9ssel fordult az Eur\u00f3pai Uni\u00f3 orsz\u00e1gaihoz, k\u00f6zt\u00fck Lengyelorsz\u00e1ghoz, hogy fegyversz\u00e1ll\u00edt\u00e1ssal t\u00e1mogass\u00e1k. A TVN24 h\u00edrport\u00e1lja megjegyzi, hogy ezt kor\u00e1bban az Ukrajn\u00e1ra vonatkoz\u00f3 uni\u00f3s fegyverkereskedelmi embarg\u00f3 akad\u00e1lyozta, amelyet csak j\u00falius 16-\u00e1n helyezt\u00e9k hat\u00e1lyon k\u00edv\u00fcl Ukrajn\u00e1val szemben.<br \/>\nSiemoniak miniszter TVN24 h\u00edr\u00e9re \u00fagy nyilatkozott a Twitteren, hogy sem a lengyel v\u00e9delmi miniszt\u00e9riumba, sem a korm\u00e1nyhivatalba, sem\u00a0\u00a0a lengyel Nemzetv\u00e9delmi Hivatalba (BBN) nem futott be eddig ilyen ukr\u00e1n korm\u00e1ny k\u00e9relem.<br \/>\nMalgorzata Kidawa-Blonska korm\u00e1nysz\u00f3viv\u0151 kedd d\u00e9lut\u00e1n k\u00f6z\u00f6lte, hogy a k\u00e9toldal\u00fa szerz\u0151d\u00e9s keret\u00e9ben Lengyelorsz\u00e1g\u00a0\u00a0az id\u00e9n egyel\u0151re 20 milli\u00f3 zlotyt (4,8 milli\u00f3 eur\u00f3t)\u00a0\u00a0sz\u00e1n az Ukrajn\u00e1nak ny\u00fajtand\u00f3 humanit\u00e1rius seg\u00edts\u00e9gre. A v\u00e9delmi t\u00e1rca a napokban 320 tonn\u00e1nyi seg\u00e9lyt sz\u00e1ll\u00edt Ukrajn\u00e1ba, f\u0151leg matracokat, pokr\u00f3cokat s \u00e9lelmiszert.<br \/>\nMieczyslaw Bieniek vez\u00e9rezredes, a NATO Transzform\u00e1ci\u00f3s Parancsnoks\u00e1g parancsnok\u00e1nak volt helyettese kedden a TVN24-nek nyilatkozva lesz\u00f6gezte: \u201esemmilyen,\u00a0\u00a0fegyversz\u00e1ll\u00edt\u00e1ssal kapcsolatos d\u00f6nt\u00e9s nem lesz a szeptember eleji newporti NATO-cs\u00facs el\u0151tt\u201d.\u00a0\u00a0A t\u00e1bornok\u00a0\u00a0\u00fagy v\u00e9lte, az orosz szakad\u00e1rok ellen harcol\u00f3 ukr\u00e1n alakulat felfegyverz\u00e9se a konfliktus ki\u00e9lez\u00e9s\u00e9hez vezethetne.<br \/>\nT\u00f6bb lengyel politikus viszont &#8211;\u00a0\u00a0politikai ir\u00e1nyults\u00e1gt\u00f3l f\u00fcggetlen\u00fcl &#8211;\u00a0\u00a0valamint\u00a0\u00a0biztons\u00e1gi szak\u00e9rt\u0151k is t\u00e1mogat\u00f3an nyilatkoztak\u00a0\u00a0a\u00a0\u00a0lehets\u00e9ges fegyversz\u00e1ll\u00edt\u00e1sr\u00f3l. Roman Polko t\u00e1bornok, a Nemzetv\u00e9delmi Hivatal, valamint a\u00a0\u00a0lengyel K\u00fcl\u00f6nleges Er\u0151k legelitebb,\u00a0\u00a0GROM nev\u0171 egys\u00e9g\u00e9nek volt parancsnoka a Radio TOK FM-nek kijelentette: \u201eUkrajna egy f\u00fcggetlen, saj\u00e1t hadsereg\u00e9t \u00e9p\u00edt\u0151, m\u00e1s orsz\u00e1gokat nem t\u00e1mad\u00f3 \u00e1llam. Csod\u00e1lkozom, hogy csak a NATO-cs\u00facson k\u00e9rdezn\u00e9nk meg, szabad-e Ukrajn\u00e1nak fegyvert sz\u00e1ll\u00edtani. A franci\u00e1k Oroszorsz\u00e1got fegyverzik fel an\u00e9lk\u00fcl, hogy ennek a j\u00f3v\u00e1hagy\u00e1s\u00e1t k\u00e9rn\u00e9k.\u201d \u00a0(MTI)<br \/>\n<strong><a title=\"Hely megnyit\u00e1sa\" href=\"http:\/\/www.tvn24.pl\/wiadomosci-z-kraju\" target=\"_blank\" rel=\"noopener\">http:\/\/www.tvn24.pl\/wiadomosci-z-kraju<\/a>,3\/general-dozbrajanie-ukrainskich-sil-nakreciloby-spirale-wojny,462073.html<a title=\"Hely megnyit\u00e1sa\" href=\"http:\/\/www.tvn24.pl\/tvn24-biznes-i-swiat-ukraina-prosi-polske-o-bron-rzad-czeka-z-opowiedzia-do-szczytu-nato\" target=\"_blank\" rel=\"noopener\">http:\/\/www.tvn24.pl\/tvn24-biznes-i-swiat-ukraina-prosi-polske-o-bron-rzad-czeka-z-opowiedzia-do-szczytu-nato<\/a>,461911,s.html<a title=\"Hely megnyit\u00e1sa\" href=\"http:\/\/m.tokfm.pl\/Tokfm\/1\" target=\"_blank\" rel=\"noopener\">http:\/\/m.tokfm.pl\/Tokfm\/1<\/a>,109983,16530154,Gen__Polko__Rosyjskie_dywizje_nie_wkrocza_do_nas_.html\u00a0<\/strong><\/p>\n","protected":false},"excerpt":{"rendered":"<p>Ukrajna t\u00f6bb uni\u00f3s orsz\u00e1ghoz int\u00e9zett fegyversz\u00e1ll\u00edt\u00e1si k\u00e9r\u00e9st, Tomasz Siemoniak lengyel v\u00e9delmi miniszter azonban c\u00e1folja, hogy ilyen megkeres\u00e9s \u00e9rkezett volna hivatal\u00e1ba. A lengyel korm\u00e1ny a t\u00e9m\u00e1t a NATO szeptemberi newporti cs\u00facstal\u00e1lkoz\u00f3j\u00e1ig elnapolja a TVN24 h\u00edrtelev\u00edzi\u00f3 keddi t\u00e1j\u00e9koztat\u00e1sa szerint.<\/p>\n","protected":false},"author":1,"featured_media":0,"comment_status":"open","ping_status":"closed","sticky":false,"template":"","format":"standard","meta":[],"categories":[139],"tags":[],"_links":{"self":[{"href":"https:\/\/gazdasagportal.hu\/index.php\/wp-json\/wp\/v2\/posts\/42567"}],"collection":[{"href":"https:\/\/gazdasagportal.hu\/index.php\/wp-json\/wp\/v2\/posts"}],"about":[{"href":"https:\/\/gazdasagportal.hu\/index.php\/wp-json\/wp\/v2\/types\/post"}],"author":[{"embeddable":true,"href":"https:\/\/gazdasagportal.hu\/index.php\/wp-json\/wp\/v2\/users\/1"}],"replies":[{"embeddable":true,"href":"https:\/\/gazdasagportal.hu\/index.php\/wp-json\/wp\/v2\/comments?post=42567"}],"version-history":[{"count":1,"href":"https:\/\/gazdasagportal.hu\/index.php\/wp-json\/wp\/v2\/posts\/42567\/revisions"}],"predecessor-version":[{"id":42568,"href":"https:\/\/gazdasagportal.hu\/index.php\/wp-json\/wp\/v2\/posts\/42567\/revisions\/42568"}],"wp:attachment":[{"href":"https:\/\/gazdasagportal.hu\/index.php\/wp-json\/wp\/v2\/media?parent=42567"}],"wp:term":[{"taxonomy":"category","embeddable":true,"href":"https:\/\/gazdasagportal.hu\/index.php\/wp-json\/wp\/v2\/categories?post=42567"},{"taxonomy":"post_tag","embeddable":true,"href":"https:\/\/gazdasagportal.hu\/index.php\/wp-json\/wp\/v2\/tags?post=42567"}],"curies":[{"name":"wp","href":"https:\/\/api.w.org\/{rel}","templated":true}]}}