{"id":42516,"date":"2014-08-26T14:22:32","date_gmt":"2014-08-26T12:22:32","guid":{"rendered":"http:\/\/stockportal.hu\/?p=42516"},"modified":"2014-08-26T14:22:32","modified_gmt":"2014-08-26T12:22:32","slug":"devizahitelek-elhalasztotta-a-dontest-a-birosag-az-mkb-euroleasing-autolizing-pereben-is","status":"publish","type":"post","link":"https:\/\/gazdasagportal.hu\/index.php\/devizahitelek-elhalasztotta-a-dontest-a-birosag-az-mkb-euroleasing-autolizing-pereben-is\/","title":{"rendered":"Devizahitelek &#8211; Elhalasztotta a d\u00f6nt\u00e9st a b\u00edr\u00f3s\u00e1g az MKB-Euroleasing Aut\u00f3l\u00edzing per\u00e9ben is"},"content":{"rendered":"<p><strong>Szeptember 10-re halasztotta az \u00edt\u00e9let kihirdet\u00e9s\u00e9t az MKB-Euroleasing Aut\u00f3l\u00edzing Zrt. magyar \u00e1llam elleni devizahiteles per\u00e9ben a F\u0151v\u00e1rosi T\u00f6rv\u00e9nysz\u00e9k kedden.<\/strong><!--more--><br \/>\n<div class=\"ads-in-post1\"><div id=\"gazdasagportal.hu_fullbanner_wideboard\"><\/div>\r\n<\/div>\n<p>    A felperes l\u00edzingc\u00e9g azt k\u00e9rte, hogy a b\u00edr\u00f3s\u00e1g \u00e1llap\u00edtsa meg a k\u00e9relemben megjel\u00f6lt \u00e1ltal\u00e1nos szerz\u0151d\u00e9si felt\u00e9telek \u00e9s azok kik\u00f6t\u00e9seinek tisztess\u00e9gess\u00e9g\u00e9t \u00e9s \u00e9rv\u00e9nyess\u00e9g\u00e9t. A p\u00e9nz\u00fcgyi c\u00e9g kereset\u00e9ben a b\u00edr\u00f3s\u00e1gi elj\u00e1r\u00e1s felf\u00fcggeszt\u00e9s\u00e9t \u00e9s az Alkotm\u00e1nyb\u00edr\u00f3s\u00e1ghoz (Ab), illetve az Eur\u00f3pai Uni\u00f3 b\u00edr\u00f3s\u00e1g\u00e1hoz val\u00f3 fordul\u00e1st is ind\u00edtv\u00e1nyozta, \u00e1m ut\u00f3bbiakat visszavonta.<br \/>\n    Az MKB-Euroleasing \u00e9rvel\u00e9se szerint kik\u00f6t\u00e9seik t\u00e9telesen meghat\u00e1rozottak, \u00e1tl\u00e1that\u00f3ak \u00e9s az \u00e1tlagos fogyaszt\u00f3 sz\u00e1m\u00e1ra is \u00e9rthet\u0151ek. A c\u00e9g kiz\u00e1r\u00f3lag p\u00e9nz\u00fcgyi l\u00edzingszolg\u00e1ltat\u00e1st ny\u00fajt banki hitelb\u0151l, forr\u00e1sk\u00f6lts\u00e9geinek emelked\u00e9s\u00e9t m\u00e1s forr\u00e1sb\u00f3l nem tudja kompenz\u00e1lni, \u00edgy \u00e9rv\u00e9nyes\u00edtenie kell a l\u00edzingd\u00edjakban is.<br \/>\n    Az alperes magyar \u00e1llam szerint az oklista csak p\u00e9ld\u00e1l\u00f3z\u00f3 jelleg\u0171 felsorol\u00e1st tartalmaz, s a felperes \u00fczletszer\u0171en a piacon tev\u00e9kenyked\u0151 v\u00e1llalatk\u00e9nt hatni tud a refinansz\u00edroz\u00e1si k\u00f6lts\u00e9gekre, \u00edgy annak \u00e1th\u00e1r\u00edthat\u00f3s\u00e1ga nem megalapozott.(MTI)<\/p>\n","protected":false},"excerpt":{"rendered":"<p>Szeptember 10-re halasztotta az \u00edt\u00e9let kihirdet\u00e9s\u00e9t az MKB-Euroleasing Aut\u00f3l\u00edzing Zrt. magyar \u00e1llam elleni devizahiteles per\u00e9ben a F\u0151v\u00e1rosi T\u00f6rv\u00e9nysz\u00e9k kedden.<\/p>\n","protected":false},"author":1,"featured_media":0,"comment_status":"open","ping_status":"closed","sticky":false,"template":"","format":"standard","meta":[],"categories":[19,112],"tags":[],"_links":{"self":[{"href":"https:\/\/gazdasagportal.hu\/index.php\/wp-json\/wp\/v2\/posts\/42516"}],"collection":[{"href":"https:\/\/gazdasagportal.hu\/index.php\/wp-json\/wp\/v2\/posts"}],"about":[{"href":"https:\/\/gazdasagportal.hu\/index.php\/wp-json\/wp\/v2\/types\/post"}],"author":[{"embeddable":true,"href":"https:\/\/gazdasagportal.hu\/index.php\/wp-json\/wp\/v2\/users\/1"}],"replies":[{"embeddable":true,"href":"https:\/\/gazdasagportal.hu\/index.php\/wp-json\/wp\/v2\/comments?post=42516"}],"version-history":[{"count":1,"href":"https:\/\/gazdasagportal.hu\/index.php\/wp-json\/wp\/v2\/posts\/42516\/revisions"}],"predecessor-version":[{"id":42517,"href":"https:\/\/gazdasagportal.hu\/index.php\/wp-json\/wp\/v2\/posts\/42516\/revisions\/42517"}],"wp:attachment":[{"href":"https:\/\/gazdasagportal.hu\/index.php\/wp-json\/wp\/v2\/media?parent=42516"}],"wp:term":[{"taxonomy":"category","embeddable":true,"href":"https:\/\/gazdasagportal.hu\/index.php\/wp-json\/wp\/v2\/categories?post=42516"},{"taxonomy":"post_tag","embeddable":true,"href":"https:\/\/gazdasagportal.hu\/index.php\/wp-json\/wp\/v2\/tags?post=42516"}],"curies":[{"name":"wp","href":"https:\/\/api.w.org\/{rel}","templated":true}]}}