{"id":42514,"date":"2014-08-26T14:11:34","date_gmt":"2014-08-26T12:11:34","guid":{"rendered":"http:\/\/stockportal.hu\/?p=42514"},"modified":"2014-08-26T14:11:34","modified_gmt":"2014-08-26T12:11:34","slug":"ukran-valsag-porosenko-ukrajna-szeptemberben-ratifikalja-az-unios-tarsulasi-szerzodest","status":"publish","type":"post","link":"https:\/\/gazdasagportal.hu\/index.php\/ukran-valsag-porosenko-ukrajna-szeptemberben-ratifikalja-az-unios-tarsulasi-szerzodest\/","title":{"rendered":"Ukr\u00e1n v\u00e1ls\u00e1g &#8211; Porosenko: Ukrajna szeptemberben ratifik\u00e1lja az uni\u00f3s t\u00e1rsul\u00e1si szerz\u0151d\u00e9st"},"content":{"rendered":"<p><strong>Az ukr\u00e1n parlament szeptemberben, m\u00e9g az okt\u00f3ber 26-ra ki\u00edrt parlamenti v\u00e1laszt\u00e1sok el\u0151tt j\u00f3v\u00e1hagyja az Eur\u00f3pai Uni\u00f3val k\u00f6t\u00f6tt t\u00e1rsul\u00e1si szerz\u0151d\u00e9st &#8211; err\u0151l biztos\u00edtotta Petro Porosenko kedden Minszkben Catherine Ashtont, az Eur\u00f3pai Uni\u00f3 k\u00fcl- \u00e9s biztons\u00e1gpolitikai f\u0151k\u00e9pvisel\u0151j\u00e9t.<\/strong><!--more--><br \/>\n<div class=\"ads-in-post1\"><div id=\"gazdasagportal.hu_fullbanner_wideboard\"><\/div>\r\n<\/div>\n<p>    Az ukr\u00e1n \u00e1llamf\u0151 j\u00fanius 27-\u00e9n \u00edrta al\u00e1 Br\u00fcsszelben az eur\u00f3pai uni\u00f3s t\u00e1rsul\u00e1si szerz\u0151d\u00e9s gazdas\u00e1gi r\u00e9sz\u00e9t, a szerz\u0151d\u00e9s politikai fejezeteit pedig m\u00e1rcius 21-\u00e9n l\u00e1tt\u00e1k el k\u00e9zjegy\u00fckkel a felek.<br \/>\n    Az ukr\u00e1n eln\u00f6k Minszkben el\u0151bb a vend\u00e9gl\u00e1t\u00f3 feh\u00e9rorosz eln\u00f6kkel t\u00e1rgyalt. Aljakszandr Lukasenka a megbesz\u00e9l\u00e9st k\u00f6vet\u0151en k\u00f6z\u00f6lte, hogy a minszki tal\u00e1lkoz\u00f3t Porosenko kezdem\u00e9nyezte az orosz-feh\u00e9rorosz-kazah v\u00e1muni\u00f3 tag\u00e1llamainak vezet\u0151ivel.(MTI)<\/p>\n","protected":false},"excerpt":{"rendered":"<p>Az ukr\u00e1n parlament szeptemberben, m\u00e9g az okt\u00f3ber 26-ra ki\u00edrt parlamenti v\u00e1laszt\u00e1sok el\u0151tt j\u00f3v\u00e1hagyja az Eur\u00f3pai Uni\u00f3val k\u00f6t\u00f6tt t\u00e1rsul\u00e1si szerz\u0151d\u00e9st &#8211; err\u0151l biztos\u00edtotta Petro Porosenko kedden Minszkben Catherine Ashtont, az Eur\u00f3pai Uni\u00f3 k\u00fcl- \u00e9s biztons\u00e1gpolitikai f\u0151k\u00e9pvisel\u0151j\u00e9t.<\/p>\n","protected":false},"author":1,"featured_media":0,"comment_status":"open","ping_status":"closed","sticky":false,"template":"","format":"standard","meta":[],"categories":[139],"tags":[],"_links":{"self":[{"href":"https:\/\/gazdasagportal.hu\/index.php\/wp-json\/wp\/v2\/posts\/42514"}],"collection":[{"href":"https:\/\/gazdasagportal.hu\/index.php\/wp-json\/wp\/v2\/posts"}],"about":[{"href":"https:\/\/gazdasagportal.hu\/index.php\/wp-json\/wp\/v2\/types\/post"}],"author":[{"embeddable":true,"href":"https:\/\/gazdasagportal.hu\/index.php\/wp-json\/wp\/v2\/users\/1"}],"replies":[{"embeddable":true,"href":"https:\/\/gazdasagportal.hu\/index.php\/wp-json\/wp\/v2\/comments?post=42514"}],"version-history":[{"count":1,"href":"https:\/\/gazdasagportal.hu\/index.php\/wp-json\/wp\/v2\/posts\/42514\/revisions"}],"predecessor-version":[{"id":42515,"href":"https:\/\/gazdasagportal.hu\/index.php\/wp-json\/wp\/v2\/posts\/42514\/revisions\/42515"}],"wp:attachment":[{"href":"https:\/\/gazdasagportal.hu\/index.php\/wp-json\/wp\/v2\/media?parent=42514"}],"wp:term":[{"taxonomy":"category","embeddable":true,"href":"https:\/\/gazdasagportal.hu\/index.php\/wp-json\/wp\/v2\/categories?post=42514"},{"taxonomy":"post_tag","embeddable":true,"href":"https:\/\/gazdasagportal.hu\/index.php\/wp-json\/wp\/v2\/tags?post=42514"}],"curies":[{"name":"wp","href":"https:\/\/api.w.org\/{rel}","templated":true}]}}