{"id":42498,"date":"2014-08-26T12:07:29","date_gmt":"2014-08-26T10:07:29","guid":{"rendered":"http:\/\/stockportal.hu\/?p=42498"},"modified":"2014-08-26T12:07:29","modified_gmt":"2014-08-26T10:07:29","slug":"ukran-valsag-kozzetettek-az-elfogott-orosz-deszantosok-kihallgatasarol-keszult-felveteleket","status":"publish","type":"post","link":"https:\/\/gazdasagportal.hu\/index.php\/ukran-valsag-kozzetettek-az-elfogott-orosz-deszantosok-kihallgatasarol-keszult-felveteleket\/","title":{"rendered":"Ukr\u00e1n v\u00e1ls\u00e1g &#8211; K\u00f6zz\u00e9tett\u00e9k az elfogott orosz deszantosok kihallgat\u00e1s\u00e1r\u00f3l k\u00e9sz\u00fclt felv\u00e9teleket"},"content":{"rendered":"<p><strong>Ukrajn\u00e1ban k\u00f6zz\u00e9tett\u00e9k kedden a hadsereg \u00e1ltal h\u00e9tf\u0151n elfogott orosz deszantosok kihallgat\u00e1s\u00e1r\u00f3l k\u00e9sz\u00fclt videofelv\u00e9teleket, amelyekb\u0151l kider\u00fcl, \u00fagy tudt\u00e1k, hogy gyakorlatra vez\u00e9nylik \u0151ket a hat\u00e1r menti t\u00e9rs\u00e9gbe, \u00e9s sejtelm\u00fck sem volt arr\u00f3l, hogy ek\u00f6zben sz\u00e1zaduk \u00e1tl\u00e9pte az orosz-ukr\u00e1n hat\u00e1rt. Egyik\u00fck viszont kiz\u00e1rtnak tartotta, hogy egy eg\u00e9sz sz\u00e1zad &#8222;elt\u00e9vedt&#8221; volna.<\/strong><!--more--><br \/>\n<div class=\"ads-in-post1\"><div id=\"gazdasagportal.hu_fullbanner_wideboard\"><\/div>\r\n<\/div>\n<p>A harckocsikb\u00f3l, p\u00e1nc\u00e9lozott j\u00e1rm\u0171vekb\u0151l \u00e9s katonai teheraut\u00f3kb\u00f3l \u00e1ll\u00f3 konvoj h\u00e9tf\u0151n reggel hatolt be Oroszorsz\u00e1gb\u00f3l Ukrajna ter\u00fclet\u00e9re, de az ukr\u00e1n &#8222;terrorellenes&#8221; hadm\u0171veletben r\u00e9szt vev\u0151 er\u0151k feltart\u00f3ztatt\u00e1k, \u00e9s elfogtak t\u00edz orosz deszantost. Az UNIAN ukr\u00e1n h\u00edr\u00fcgyn\u00f6ks\u00e9g kedden videofelv\u00e9telt tett k\u00f6zz\u00e9 \u00f6t orosz ejt\u0151erny\u0151s kihallgat\u00e1s\u00e1r\u00f3l.<br \/>\nA deszantosok egybehangz\u00f3an azt mondt\u00e1k, hogy egy kosztromai alakulatn\u00e1l teljes\u00edtettek szolg\u00e1latot, a 98-as l\u00e9gi sz\u00e1ll\u00edt\u00e1s\u00fa hadoszt\u00e1ly 331. ezred\u00e9nek katon\u00e1i. Azt a parancsot kapt\u00e1k, hogy gyakorlatozni induljanak az ukr\u00e1n hat\u00e1r k\u00f6zel\u00e9ben fekv\u0151, Don menti Rosztovba. A konvojt vas\u00faton sz\u00e1ll\u00edtott\u00e1k Kosztrom\u00e1b\u00f3l a Rosztov melletti Matvejevk\u00e1ba, ahol t\u00e1bort \u00fct\u00f6ttek. Le kellett festeni\u00fck harci j\u00e1rm\u0171veik rendsz\u00e1mt\u00e1bl\u00e1it, illetve feh\u00e9r k\u00f6rt kellett festeni\u00fck r\u00e1juk, hogy megk\u00fcl\u00f6nb\u00f6ztess\u00e9k magukat a hadgyakorlaton r\u00e9szt vev\u0151 v\u00e9lt ellens\u00e9gt\u0151l.<br \/>\nA konvojnak hetven kilom\u00e9tert kellett haladnia keleti ir\u00e1nyban. A menetoszlop nem utakon, hanem erd\u0151k\u00f6n-mez\u0151k\u00f6n \u00e1t mozgott, \u00e9s a katon\u00e1k azt mondt\u00e1k, fogalmuk sem volt arr\u00f3l, hogy \u00e1tl\u00e9pt\u00e9k az ukr\u00e1n hat\u00e1rt. Csak akkor tudatosult benn\u00fck, hogy nem hadgyakorlaton, hanem h\u00e1bor\u00faban vannak, amikor ukr\u00e1n harckocsikat pillantottak meg, majd l\u0151ni \u00e9s bomb\u00e1zni kezdt\u00e9k \u0151ket. A katon\u00e1k szerint parancsnokaik becsapt\u00e1k \u0151ket. T\u00f6bben k\u00f6z\u00fcl\u00fck azt mondt\u00e1k, hogy Oroszorsz\u00e1gban hamis propaganda folyik az ukrajnai esem\u00e9nyek kapcs\u00e1n.<br \/>\n&#8222;Az a propaganda, amelyet Oroszorsz\u00e1gban hallunk a t\u00e9v\u00e9ben \u00e9s a h\u00edrad\u00f3kban, nem felel meg a val\u00f3s\u00e1gnak&#8221; &#8211; mondta Romancev \u0151rvezet\u0151. Szerinte val\u00f3sz\u00edn\u0171leg b\u00f6rt\u00f6n v\u00e1r r\u00e1juk, ha visszat\u00e9rnek Oroszorsz\u00e1gba.<br \/>\n&#8222;\u00dagy gondolom, Ukrajna f\u00fcggetlen k\u00f6zt\u00e1rsas\u00e1g. Ha vannak ott valamilyen probl\u00e9m\u00e1k, nekik kell megoldaniuk, bels\u0151leg, idegeneknek nem kell beavatkozniuk&#8221; &#8211; mondta egy Milcsakov nev\u0171 deszantos.<br \/>\nAzt mondta, az orosz m\u00e9dia &#8222;sokat hazudik&#8221; az ukrajnai helyzetr\u0151l. &#8222;Oroszorsz\u00e1gban port hintenek a szem\u00fcnkbe (&#8230;) Itt (Ukrajn\u00e1ban) val\u00f3j\u00e1ban minden m\u00e1sk\u00e9pp van, nem \u00fagy, ahogyan n\u00e1lunk a t\u00e9v\u00e9ben \u00e1ll\u00edtj\u00e1k&#8221; &#8211; tette hozz\u00e1.<br \/>\nGeneralov szakaszvezet\u0151 azt \u00fczente Oroszorsz\u00e1g lakosainak, hogy fogalmuk sincs arr\u00f3l, mi zajlik most Ukrajn\u00e1ban, \u00e9s badars\u00e1g a szl\u00e1v testv\u00e9ris\u00e9gr\u0151l sz\u00f3l\u00f3 mese is. &#8222;Itt csak azok a testv\u00e9reink, akik oltalmazz\u00e1k (Ukrajn\u00e1t), a t\u00f6bbiek mind +vend\u00e9gek+, akik ide j\u00f6ttek&#8230; Mindez politika, p\u00e9nzr\u0151l sz\u00f3l&#8221; &#8211; mondta a szakaszvezet\u0151, aki arra sz\u00f3l\u00edtotta fel Moszkv\u00e1t, hogy ne k\u00fcldje a &#8222;fi\u00fakat&#8221; Ukrajn\u00e1ba, mert ez nem az \u0151 h\u00e1bor\u00fajuk.(MTI)<\/p>\n<p><strong><a title=\"Hely megnyit\u00e1sa\" href=\"http:\/\/www.unian.net\/politics\/955226-eto-ne-nasha-voyna-voennoplennyie-rf-prizvali-putina-prekratit-otpravlyat-voyska-v-ukrainu-video.html\" target=\"_blank\" rel=\"noopener\">http:\/\/www.unian.net\/politics\/955226-eto-ne-nasha-voyna-voennoplennyie-rf-prizvali-putina-prekratit-otpravlyat-voyska-v-ukrainu-video.html<\/a><\/strong><\/p>\n","protected":false},"excerpt":{"rendered":"<p>Ukrajn\u00e1ban k\u00f6zz\u00e9tett\u00e9k kedden a hadsereg \u00e1ltal h\u00e9tf\u0151n elfogott orosz deszantosok kihallgat\u00e1s\u00e1r\u00f3l k\u00e9sz\u00fclt videofelv\u00e9teleket, amelyekb\u0151l kider\u00fcl, \u00fagy tudt\u00e1k, hogy gyakorlatra vez\u00e9nylik \u0151ket a hat\u00e1r menti t\u00e9rs\u00e9gbe, \u00e9s sejtelm\u00fck sem volt arr\u00f3l, hogy ek\u00f6zben sz\u00e1zaduk \u00e1tl\u00e9pte az orosz-ukr\u00e1n hat\u00e1rt. Egyik\u00fck viszont kiz\u00e1rtnak tartotta, hogy egy eg\u00e9sz sz\u00e1zad &#8222;elt\u00e9vedt&#8221; volna.<\/p>\n","protected":false},"author":1,"featured_media":0,"comment_status":"open","ping_status":"closed","sticky":false,"template":"","format":"standard","meta":[],"categories":[139],"tags":[],"_links":{"self":[{"href":"https:\/\/gazdasagportal.hu\/index.php\/wp-json\/wp\/v2\/posts\/42498"}],"collection":[{"href":"https:\/\/gazdasagportal.hu\/index.php\/wp-json\/wp\/v2\/posts"}],"about":[{"href":"https:\/\/gazdasagportal.hu\/index.php\/wp-json\/wp\/v2\/types\/post"}],"author":[{"embeddable":true,"href":"https:\/\/gazdasagportal.hu\/index.php\/wp-json\/wp\/v2\/users\/1"}],"replies":[{"embeddable":true,"href":"https:\/\/gazdasagportal.hu\/index.php\/wp-json\/wp\/v2\/comments?post=42498"}],"version-history":[{"count":1,"href":"https:\/\/gazdasagportal.hu\/index.php\/wp-json\/wp\/v2\/posts\/42498\/revisions"}],"predecessor-version":[{"id":42499,"href":"https:\/\/gazdasagportal.hu\/index.php\/wp-json\/wp\/v2\/posts\/42498\/revisions\/42499"}],"wp:attachment":[{"href":"https:\/\/gazdasagportal.hu\/index.php\/wp-json\/wp\/v2\/media?parent=42498"}],"wp:term":[{"taxonomy":"category","embeddable":true,"href":"https:\/\/gazdasagportal.hu\/index.php\/wp-json\/wp\/v2\/categories?post=42498"},{"taxonomy":"post_tag","embeddable":true,"href":"https:\/\/gazdasagportal.hu\/index.php\/wp-json\/wp\/v2\/tags?post=42498"}],"curies":[{"name":"wp","href":"https:\/\/api.w.org\/{rel}","templated":true}]}}