{"id":42428,"date":"2014-08-25T19:12:06","date_gmt":"2014-08-25T17:12:06","guid":{"rendered":"http:\/\/stockportal.hu\/?p=42428"},"modified":"2014-08-25T17:12:39","modified_gmt":"2014-08-25T15:12:39","slug":"iszlam-allam-a-terrorszervezetnek-valoszinuleg-van-dronja","status":"publish","type":"post","link":"https:\/\/gazdasagportal.hu\/index.php\/iszlam-allam-a-terrorszervezetnek-valoszinuleg-van-dronja\/","title":{"rendered":"Iszl\u00e1m \u00c1llam &#8211; A terrorszervezetnek val\u00f3sz\u00edn\u0171leg van dr\u00f3nja"},"content":{"rendered":"<p><strong>Val\u00f3sz\u00edn\u0171leg pil\u00f3ta n\u00e9lk\u00fcli rep\u00fcl\u0151g\u00e9ppel is rendelkezik az Iszl\u00e1m \u00c1llam (I\u00c1) nev\u0171 k\u00f6zel-keleti terrorszervezet, amely egy propaganda filmj\u00e9ben felder\u00edt\u0151 dr\u00f3nr\u00f3l k\u00e9sz\u00edtett felv\u00e9telt mutatott be &#8211; jelentette h\u00e9tf\u0151n a Ria Novosztyi orosz h\u00edr\u00fcgyn\u00f6ks\u00e9g.<\/strong><!--more--><br \/>\n<div class=\"ads-in-post1\"><div id=\"gazdasagportal.hu_fullbanner_wideboard\"><\/div>\r\n<\/div>\n<p>    A YouTube-ra szombaton f\u00f6ltett 14 perces felv\u00e9telen a 93-as sz\u00e1m\u00fa sz\u00edriai katonai t\u00e1maszpont l\u00e1that\u00f3 a leveg\u0151b\u0151l, Rakka tartom\u00e1ny k\u00f6zel\u00e9ben. A k\u00e9pal\u00e1\u00edr\u00e1s szerint a felv\u00e9tel &#8222;az Iszl\u00e1m \u00c1llam hadsereg\u00e9nek pil\u00f3ta n\u00e9lk\u00fcli rep\u00fcl\u0151g\u00e9p\u00e9r\u0151l k\u00e9sz\u00fclt&#8221;. A vide\u00f3 mag\u00e1t a dr\u00f3nt nem mutatja.<br \/>\n    A propaganda filmben t\u00f6bb jelenet is l\u00e1that\u00f3 arr\u00f3l, hogy az iszlamista fegyveresek augusztus 7-\u00e9n megt\u00e1madj\u00e1k a b\u00e1zist: \u00f6ngyilkos mer\u00e9nyl\u0151k robban\u00f3anyaggal megrakott teheraut\u00f3kkal puh\u00edtj\u00e1k az ellen\u00e1ll\u00e1st, \u00e9s a harcosok lel\u00f6v\u00f6ld\u00f6zik, lefejezik a sz\u00edriai korm\u00e1nykaton\u00e1kat.<br \/>\n    A K\u00f6zel-Keleten feltehet\u0151en t\u00f6bb mil\u00edcia is rendelkezik pil\u00f3ta n\u00e9lk\u00fcli rep\u00fcl\u0151g\u00e9ppel. Ilyen Libanonban a Hezbollah radik\u00e1lis s\u00edita szervezet, a G\u00e1zai \u00f6vezetben a Ham\u00e1sz \u00e9s l\u00edbiai ellenz\u00e9ki csoportok.<br \/>\n    \u00c1prilisban az izraeli hadsereg k\u00f6z\u00f6lte, hogy lel\u0151tt Haif\u00e1n\u00e1l egy dr\u00f3nt, amelyet a Hezbollah ir\u00e1ny\u00edtott. A szervezet tagadta, hogy az \u0151 dr\u00f3nj\u00e1t l\u0151tt\u00e9k le, viszont azt \u00e1ll\u00edtotta, tavaly okt\u00f3berben egy m\u00e1s milyen t\u00edpus\u00fa dr\u00f3nja berep\u00fclt Izrael l\u00e9gter\u00e9be 56 kilom\u00e9ter m\u00e9lys\u00e9gben. A Ham\u00e1sz katonai sz\u00e1rnya, az el-Kassz\u00e1m Brig\u00e1dok azt \u00e1ll\u00edtja, hogy k\u00fcl\u00f6nf\u00e9le t\u00edpus\u00fa dr\u00f3nokkal rendelkezik, amelyekkel felder\u00edt\u00e9st, adatgy\u0171jt\u00e9st \u00e9s mun\u00edci\u00f3 c\u00e9lba juttat\u00e1s\u00e1t k\u00e9pes elv\u00e9gezni.<br \/>\n    A washingtoni New America Foundation jelent\u00e9se szerint a vil\u00e1gon t\u00f6bb mint 70 orsz\u00e1g rendelkezik valamilyen dr\u00f3nkapacit\u00e1ssal, de csak t\u00f6red\u00e9k\u00fck fegyveres rep\u00fcl\u0151g\u00e9p. Ilyen pil\u00f3ta n\u00e9lk\u00fcli g\u00e9p \u00e1ll egyebek k\u00f6z\u00f6tt Oroszorsz\u00e1g, K\u00edna \u00e9s Ir\u00e1n rendelkez\u00e9s\u00e9re, de m\u00e9g egyik\u00fck sem haszn\u00e1lta \u0151ket harci bevet\u00e9sek sor\u00e1n. Fegyveres dr\u00f3nokat eddig csak az Egyes\u00fclt \u00c1llamok, Nagy-Britannia \u00e9s Izrael haszn\u00e1lt harci cselekm\u00e9nyekben.(MTI)<\/p>\n","protected":false},"excerpt":{"rendered":"<p>Val\u00f3sz\u00edn\u0171leg pil\u00f3ta n\u00e9lk\u00fcli rep\u00fcl\u0151g\u00e9ppel is rendelkezik az Iszl\u00e1m \u00c1llam (I\u00c1) nev\u0171 k\u00f6zel-keleti terrorszervezet, amely egy propaganda filmj\u00e9ben felder\u00edt\u0151 dr\u00f3nr\u00f3l k\u00e9sz\u00edtett felv\u00e9telt mutatott be &#8211; jelentette h\u00e9tf\u0151n a Ria Novosztyi orosz h\u00edr\u00fcgyn\u00f6ks\u00e9g.<\/p>\n","protected":false},"author":1,"featured_media":0,"comment_status":"open","ping_status":"closed","sticky":false,"template":"","format":"standard","meta":[],"categories":[16],"tags":[],"_links":{"self":[{"href":"https:\/\/gazdasagportal.hu\/index.php\/wp-json\/wp\/v2\/posts\/42428"}],"collection":[{"href":"https:\/\/gazdasagportal.hu\/index.php\/wp-json\/wp\/v2\/posts"}],"about":[{"href":"https:\/\/gazdasagportal.hu\/index.php\/wp-json\/wp\/v2\/types\/post"}],"author":[{"embeddable":true,"href":"https:\/\/gazdasagportal.hu\/index.php\/wp-json\/wp\/v2\/users\/1"}],"replies":[{"embeddable":true,"href":"https:\/\/gazdasagportal.hu\/index.php\/wp-json\/wp\/v2\/comments?post=42428"}],"version-history":[{"count":1,"href":"https:\/\/gazdasagportal.hu\/index.php\/wp-json\/wp\/v2\/posts\/42428\/revisions"}],"predecessor-version":[{"id":42429,"href":"https:\/\/gazdasagportal.hu\/index.php\/wp-json\/wp\/v2\/posts\/42428\/revisions\/42429"}],"wp:attachment":[{"href":"https:\/\/gazdasagportal.hu\/index.php\/wp-json\/wp\/v2\/media?parent=42428"}],"wp:term":[{"taxonomy":"category","embeddable":true,"href":"https:\/\/gazdasagportal.hu\/index.php\/wp-json\/wp\/v2\/categories?post=42428"},{"taxonomy":"post_tag","embeddable":true,"href":"https:\/\/gazdasagportal.hu\/index.php\/wp-json\/wp\/v2\/tags?post=42428"}],"curies":[{"name":"wp","href":"https:\/\/api.w.org\/{rel}","templated":true}]}}