{"id":42422,"date":"2014-08-25T18:31:54","date_gmt":"2014-08-25T16:31:54","guid":{"rendered":"http:\/\/stockportal.hu\/?p=42422"},"modified":"2014-08-25T17:02:35","modified_gmt":"2014-08-25T15:02:35","slug":"devizahitelek-az-eljaras-felfuggeszteset-es-ab-hoz-fordulast-kert-az-mkb","status":"publish","type":"post","link":"https:\/\/gazdasagportal.hu\/index.php\/devizahitelek-az-eljaras-felfuggeszteset-es-ab-hoz-fordulast-kert-az-mkb\/","title":{"rendered":"Devizahitelek &#8211; Az elj\u00e1r\u00e1s felf\u00fcggeszt\u00e9s\u00e9t \u00e9s Ab-hoz fordul\u00e1st k\u00e9rt az MKB"},"content":{"rendered":"<p><strong>Az MKB Bank Zrt. az elj\u00e1r\u00e1s felf\u00fcggeszt\u00e9s\u00e9t, \u00e9s az Alkotm\u00e1nyb\u00edr\u00f3s\u00e1ghoz (Ab), illetve az Eur\u00f3pai Uni\u00f3 B\u00edr\u00f3s\u00e1g\u00e1hoz fordul\u00e1st ind\u00edtv\u00e1nyozta a h\u00e9tf\u0151n a F\u0151v\u00e1rosi T\u00f6rv\u00e9nysz\u00e9ken megkezd\u0151d\u00f6tt \u00fajabb devizahiteles perben. A K&#038;H Bank ind\u00edtv\u00e1ny\u00e1t, amely az elj\u00e1r\u00e1s felf\u00fcggeszt\u00e9s\u00e9re \u00e9s az Alkotm\u00e1nyb\u00edr\u00f3s\u00e1ghoz, illetve az Eur\u00f3pai Uni\u00f3 B\u00edr\u00f3s\u00e1g\u00e1hoz fordul\u00e1sra ir\u00e1nyult, h\u00e9tf\u0151n a t\u00f6rv\u00e9nysz\u00e9k elutas\u00edtotta.<\/strong><!--more--><br \/>\n<div class=\"ads-in-post1\"><div id=\"gazdasagportal.hu_fullbanner_wideboard\"><\/div>\r\n<\/div>\n<p>    Az MKB \u00e1ll\u00e1spontja szerint &#8211; amely hasonl\u00f3 a K&#038;H Bank \u00e1ll\u00e1spontj\u00e1hoz &#8211; a per alapj\u00e1ul szolg\u00e1l\u00f3 eg\u00e9sz t\u00f6rv\u00e9ny alkotm\u00e1nyellenes, k\u00f6zjogilag \u00e9rv\u00e9nytelen, s\u00e9rti a tisztess\u00e9ges elj\u00e1r\u00e1shoz val\u00f3 jogot, a visszahat\u00f3 jogalkot\u00e1s tilalm\u00e1t, \u00e9s egyes &#8222;stat\u00e1ri\u00e1lis szab\u00e1lyai&#8221; a b\u00edr\u00f3i f\u00fcggetlens\u00e9g elv\u00e9t, tov\u00e1bb\u00e1 a kereset elb\u00edr\u00e1l\u00e1sa a megadott 30 napos indokolatlanul r\u00f6vid hat\u00e1rid\u0151n bel\u00fcl nem folytathat\u00f3. A p\u00e9nzint\u00e9zet azt is ind\u00edtv\u00e1nyozta, hogy a t\u00f6rv\u00e9nysz\u00e9k k\u00e9rjen el\u0151zetes d\u00f6nt\u00e9shozatali elj\u00e1r\u00e1st az Eur\u00f3pai Uni\u00f3 B\u00edr\u00f3s\u00e1g\u00e1t\u00f3l, mert a t\u00f6rv\u00e9nyt az Eur\u00f3pai Uni\u00f3r\u00f3l sz\u00f3l\u00f3 szerz\u0151d\u00e9s megs\u00e9rt\u00e9s\u00e9vel an\u00e9lk\u00fcl fogadt\u00e1k el, hogy azt az Eur\u00f3pai K\u00f6zponti Banknak (EKB) megk\u00fcldt\u00e9k volna, \u00e9s az az EU Alapjogi Chart\u00e1j\u00e1val sem \u00f6sszeegyeztethet\u0151.<br \/>\n    Az alperes magyar \u00e1llam jogi k\u00e9pvisel\u0151je a kereset elutas\u00edt\u00e1s\u00e1t, illetve az Ab-hez \u00e9s az Eur\u00f3pai Uni\u00f3 B\u00edr\u00f3s\u00e1g\u00e1hoz val\u00f3 fordul\u00e1s mell\u0151z\u00e9s\u00e9t ind\u00edtv\u00e1nyozta. Az ellenk\u00e9relmet pontos\u00edtva elmondta: a bank szerz\u0151d\u00e9ses kik\u00f6t\u00e9sei nem felelnek meg a t\u00f6rv\u00e9nyben r\u00f6gz\u00edtett elveknek, \u00edgy egyebek k\u00f6z\u00f6tt nem tartalmaznak t\u00e9teles meghat\u00e1roz\u00e1st.     A bank \u00fcgyv\u00e9dje szerint az elm\u00falt 10 \u00e9v alatt t\u00f6bb mint 40 ezer szerz\u0151d\u00e9st k\u00f6t\u00f6ttek, a gyakorlatban a m\u00f3dos\u00edt\u00e1st mindk\u00e9t f\u00e9l \u00fagy \u00e9rtelmezte, hogy az a hiteld\u00edj n\u00f6veked\u00e9s\u00e9t \u00e9s cs\u00f6kken\u00e9s\u00e9t egyar\u00e1nt lehet\u0151v\u00e9 tette. A cs\u00f6kken\u00e9st, ha kell, konkr\u00e9t p\u00e9ld\u00e1kkal tudj\u00e1k igazolni &#8211; tette hozz\u00e1.     A d\u00e9lut\u00e1n kezd\u0151d\u00f6tt t\u00e1rgyal\u00e1st az \u00e9rdekl\u0151d\u0151k a t\u00e1rgyal\u00f3termen k\u00edv\u00fcl, z\u00e1rtl\u00e1nc\u00fa k\u00f6zvet\u00edt\u00e9sen kereszt\u00fcl, az el\u0151t\u00e9rben k\u00f6vethetik.     A perben a p\u00e9nz\u00fcgyi int\u00e9zm\u00e9nyek fogyaszt\u00f3i k\u00f6lcs\u00f6nszerz\u0151d\u00e9seire vonatkoz\u00f3 k\u00fariai jogegys\u00e9gi d\u00f6nt\u00e9ssel kapcsolatos k\u00e9rd\u00e9sek rendez\u00e9s\u00e9r\u0151l sz\u00f3l\u00f3 t\u00f6rv\u00e9ny alapj\u00e1n arr\u00f3l kell d\u00f6ntenie a b\u00edr\u00f3s\u00e1gnak, hogy tisztess\u00e9gesek-e a pert ind\u00edt\u00f3 p\u00e9nz\u00fcgyi int\u00e9zm\u00e9ny sz\u00e1m\u00e1ra egyoldal\u00fa szerz\u0151d\u00e9sm\u00f3dos\u00edt\u00e1st &#8211; p\u00e9ld\u00e1ul kamat-, k\u00f6lts\u00e9g-, vagy d\u00edjemel\u00e9st &#8211; lehet\u0151v\u00e9 tev\u0151 \u00e1ltal\u00e1nos szerz\u0151d\u00e9si felt\u00e9telek. (A t\u00f6rv\u00e9ny nem csak a devizahitelekre, de a forinthitelekre is vonatkozik.) A j\u00falius 26-\u00e1n hat\u00e1lyba l\u00e9pett t\u00f6rv\u00e9ny szerint a keresetek beny\u00fajt\u00e1s\u00e1nak v\u00e9gs\u0151 hat\u00e1rideje augusztus 25., h\u00e9tf\u0151.(MTI)<\/p>\n","protected":false},"excerpt":{"rendered":"<p>Az MKB Bank Zrt. az elj\u00e1r\u00e1s felf\u00fcggeszt\u00e9s\u00e9t, \u00e9s az Alkotm\u00e1nyb\u00edr\u00f3s\u00e1ghoz (Ab), illetve az Eur\u00f3pai Uni\u00f3 B\u00edr\u00f3s\u00e1g\u00e1hoz fordul\u00e1st ind\u00edtv\u00e1nyozta a h\u00e9tf\u0151n a F\u0151v\u00e1rosi T\u00f6rv\u00e9nysz\u00e9ken megkezd\u0151d\u00f6tt \u00fajabb devizahiteles perben. A K&#038;H Bank ind\u00edtv\u00e1ny\u00e1t, amely az elj\u00e1r\u00e1s felf\u00fcggeszt\u00e9s\u00e9re \u00e9s az Alkotm\u00e1nyb\u00edr\u00f3s\u00e1ghoz, illetve az Eur\u00f3pai Uni\u00f3 B\u00edr\u00f3s\u00e1g\u00e1hoz fordul\u00e1sra ir\u00e1nyult, h\u00e9tf\u0151n a t\u00f6rv\u00e9nysz\u00e9k elutas\u00edtotta.<\/p>\n","protected":false},"author":1,"featured_media":0,"comment_status":"open","ping_status":"closed","sticky":false,"template":"","format":"standard","meta":[],"categories":[19,112],"tags":[],"_links":{"self":[{"href":"https:\/\/gazdasagportal.hu\/index.php\/wp-json\/wp\/v2\/posts\/42422"}],"collection":[{"href":"https:\/\/gazdasagportal.hu\/index.php\/wp-json\/wp\/v2\/posts"}],"about":[{"href":"https:\/\/gazdasagportal.hu\/index.php\/wp-json\/wp\/v2\/types\/post"}],"author":[{"embeddable":true,"href":"https:\/\/gazdasagportal.hu\/index.php\/wp-json\/wp\/v2\/users\/1"}],"replies":[{"embeddable":true,"href":"https:\/\/gazdasagportal.hu\/index.php\/wp-json\/wp\/v2\/comments?post=42422"}],"version-history":[{"count":1,"href":"https:\/\/gazdasagportal.hu\/index.php\/wp-json\/wp\/v2\/posts\/42422\/revisions"}],"predecessor-version":[{"id":42423,"href":"https:\/\/gazdasagportal.hu\/index.php\/wp-json\/wp\/v2\/posts\/42422\/revisions\/42423"}],"wp:attachment":[{"href":"https:\/\/gazdasagportal.hu\/index.php\/wp-json\/wp\/v2\/media?parent=42422"}],"wp:term":[{"taxonomy":"category","embeddable":true,"href":"https:\/\/gazdasagportal.hu\/index.php\/wp-json\/wp\/v2\/categories?post=42422"},{"taxonomy":"post_tag","embeddable":true,"href":"https:\/\/gazdasagportal.hu\/index.php\/wp-json\/wp\/v2\/tags?post=42422"}],"curies":[{"name":"wp","href":"https:\/\/api.w.org\/{rel}","templated":true}]}}