{"id":42395,"date":"2014-08-25T13:35:04","date_gmt":"2014-08-25T11:35:04","guid":{"rendered":"http:\/\/stockportal.hu\/?p=42395"},"modified":"2014-08-25T13:35:04","modified_gmt":"2014-08-25T11:35:04","slug":"times-kerdeses-a-foley-gyilkossagrol-kozzetett-video-valodisaga","status":"publish","type":"post","link":"https:\/\/gazdasagportal.hu\/index.php\/times-kerdeses-a-foley-gyilkossagrol-kozzetett-video-valodisaga\/","title":{"rendered":"Times: k\u00e9rd\u00e9ses a Foley-gyilkoss\u00e1gr\u00f3l k\u00f6zz\u00e9tett vide\u00f3 val\u00f3dis\u00e1ga"},"content":{"rendered":"<p><strong>K\u00e9rd\u00e9ses, hogy val\u00f3ban James Foley amerikai \u00fajs\u00e1g\u00edr\u00f3 kiv\u00e9gz\u00e9s\u00e9t \u00e1br\u00e1zolja-e az a vide\u00f3, amelyet az Iszl\u00e1m \u00c1llam nev\u0171 sz\u00e9ls\u0151s\u00e9ges mil\u00edcia tett k\u00f6zz\u00e9 a m\u00falt h\u00e9ten &#8211; \u00edrta b\u0171n\u00fcgyi vizsg\u00e1lati szak\u00e9rt\u0151k v\u00e9lem\u00e9ny\u00e9t id\u00e9zve a The Times c\u00edm\u0171 brit napilap h\u00e9tf\u0151i sz\u00e1ma.<\/strong><!--more--><br \/>\n<div class=\"ads-in-post1\"><div id=\"gazdasagportal.hu_fullbanner_wideboard\"><\/div>\r\n<\/div>\n<p>    Az internetre felker\u00fclt felv\u00e9telen a 2012-ben Sz\u00edri\u00e1ban elrabolt \u00fajs\u00e1g\u00edr\u00f3 \u00e9s egy feket\u00e9be \u00f6lt\u00f6z\u00f6tt, arc\u00e1t s\u00e1llal eltakar\u00f3, bal kez\u00e9ben k\u00e9st tart\u00f3 f\u00e9rfi l\u00e1tszik, aki londoni akcentus\u00fa, anyanyelvi szint\u0171 angols\u00e1ggal jelenti be Foley kiv\u00e9gz\u00e9s\u00e9t. A gyilkoss\u00e1g a vide\u00f3n nem l\u00e1that\u00f3, \u00e1m a felv\u00e9tel v\u00e9g\u00e9n l\u00e1tszik az \u00fajs\u00e1g\u00edr\u00f3 lefejezett holtteste.<br \/>\n    A The Times \u00e1ltal megk\u00e9rdezett vizsg\u00e1lati szak\u00e9rt\u0151k azonban azt val\u00f3sz\u00edn\u0171s\u00edtett\u00e9k, hogy &#8222;be\u00e1ll\u00edtott jelenetr\u0151l&#8221; lehet sz\u00f3, \u00e9s Foleyt nem a felv\u00e9tel k\u00e9sz\u00edt\u00e9s\u00e9nek idej\u00e9n \u00f6lt\u00e9k meg. A vezet\u0151 konzervat\u00edv brit napilapnak nyilatkoz\u00f3 szak\u00e9rt\u0151k szerint lehets\u00e9ges, hogy a vide\u00f3n besz\u00e9l\u0151 f\u00e9rfi nem is a gyilkos, csak az Iszl\u00e1m \u00c1llam &#8222;frontembere&#8221;, akit az Irakban \u00e9s Sz\u00edri\u00e1ban el\u0151ret\u00f6r\u0151 sz\u00e9ls\u0151s\u00e9ges mil\u00edcia \u00e9ppen t\u00f6k\u00e9letes angol nyelvtud\u00e1sa miatt v\u00e1lasztott ki a szerepre, propagandaeszk\u00f6zk\u00e9nt az angol ajk\u00fa nyugati &#8222;k\u00f6z\u00f6ns\u00e9g&#8221; sz\u00e1m\u00e1ra.<br \/>\n    A The Times \u00e1ltal id\u00e9zett szak\u00e9rt\u0151i v\u00e9lem\u00e9nyek kiemelik, hogy b\u00e1r a 4 perc 40 m\u00e1sodperc hossz\u00fas\u00e1g\u00fa vide\u00f3 v\u00e9g\u00e9n a k\u00e9st tart\u00f3 f\u00e9rfi \u00fagy tesz, mintha hozz\u00e1kezdene Foley tork\u00e1nak elv\u00e1g\u00e1s\u00e1hoz, \u00e9s t\u00f6bbsz\u00f6r is elh\u00fazza a k\u00e9st az \u00fajs\u00e1g\u00edr\u00f3 nyaka el\u0151tt, v\u00e9r azonban egyszer sem l\u00e1tszik a felv\u00e9telen, \u00e9s a film v\u00e9g\u00fcl els\u00f6t\u00e9t\u00fcl.<br \/>\n    A lap hangs\u00falyozza, hogy a szak\u00e9rt\u0151k szerint Foley kiv\u00e9gz\u00e9s\u00e9nek t\u00e9nye tov\u00e1bbra sem k\u00e9rd\u00e9ses, csak az, hogy a gyilkoss\u00e1g val\u00f3ban a j\u00f3l l\u00e1that\u00f3an k\u00fcl\u00f6nb\u00f6z\u0151 szerkeszt\u00e9si ut\u00f3munk\u00e1latoknak al\u00e1vetett felv\u00e9tel k\u00e9sz\u00edt\u00e9se idej\u00e9n t\u00f6rt\u00e9nt-e.<br \/>\n    El\u0151z\u0151 nap a The Sunday Times &#8211; a The Times vas\u00e1rnapi testv\u00e9rlapja &#8211; h\u00edrszerz\u00e9si forr\u00e1sokra hivatkozva azt \u00edrta, hogy a brit titkosszolg\u00e1latok szerint Foley mellett a 23 \u00e9ves Abdel-Majed Abdel Bary l\u00e1tszik a felv\u00e9telen. Az egyiptomi sz\u00e1rmaz\u00e1s\u00fa Bary kor\u00e1bban Londonban \u00e9lt \u00e9s hip-hop zen\u00e9szk\u00e9nt volt ismert, \u00e1m a brit elh\u00e1r\u00edt\u00e1s, az MI5 szerint jelenleg az \u00e9szak-sz\u00edriai Rakk\u00e1ban tart\u00f3zkodik, abban a t\u00e9rs\u00e9gben, ahol az amerikai \u00fajs\u00e1g\u00edr\u00f3t meg\u00f6lt\u00e9k &#8211; \u00e1llt a cikkben.<br \/>\n    A brit lap korm\u00e1nyzati \u00e9s rend\u0151rs\u00e9gi forr\u00e1sai szerint az MI5 &#8222;biztos benne&#8221;, hogy Bary szem\u00e9ly\u00e9ben siker\u00fclt azonos\u00edtani a vide\u00f3n l\u00e1that\u00f3 f\u00e9rfit.(MTI)<\/p>\n","protected":false},"excerpt":{"rendered":"<p>K\u00e9rd\u00e9ses, hogy val\u00f3ban James Foley amerikai \u00fajs\u00e1g\u00edr\u00f3 kiv\u00e9gz\u00e9s\u00e9t \u00e1br\u00e1zolja-e az a vide\u00f3, amelyet az Iszl\u00e1m \u00c1llam nev\u0171 sz\u00e9ls\u0151s\u00e9ges mil\u00edcia tett k\u00f6zz\u00e9 a m\u00falt h\u00e9ten &#8211; \u00edrta b\u0171n\u00fcgyi vizsg\u00e1lati szak\u00e9rt\u0151k v\u00e9lem\u00e9ny\u00e9t id\u00e9zve a The Times c\u00edm\u0171 brit napilap h\u00e9tf\u0151i sz\u00e1ma.<\/p>\n","protected":false},"author":1,"featured_media":0,"comment_status":"open","ping_status":"closed","sticky":false,"template":"","format":"standard","meta":[],"categories":[16],"tags":[],"_links":{"self":[{"href":"https:\/\/gazdasagportal.hu\/index.php\/wp-json\/wp\/v2\/posts\/42395"}],"collection":[{"href":"https:\/\/gazdasagportal.hu\/index.php\/wp-json\/wp\/v2\/posts"}],"about":[{"href":"https:\/\/gazdasagportal.hu\/index.php\/wp-json\/wp\/v2\/types\/post"}],"author":[{"embeddable":true,"href":"https:\/\/gazdasagportal.hu\/index.php\/wp-json\/wp\/v2\/users\/1"}],"replies":[{"embeddable":true,"href":"https:\/\/gazdasagportal.hu\/index.php\/wp-json\/wp\/v2\/comments?post=42395"}],"version-history":[{"count":1,"href":"https:\/\/gazdasagportal.hu\/index.php\/wp-json\/wp\/v2\/posts\/42395\/revisions"}],"predecessor-version":[{"id":42396,"href":"https:\/\/gazdasagportal.hu\/index.php\/wp-json\/wp\/v2\/posts\/42395\/revisions\/42396"}],"wp:attachment":[{"href":"https:\/\/gazdasagportal.hu\/index.php\/wp-json\/wp\/v2\/media?parent=42395"}],"wp:term":[{"taxonomy":"category","embeddable":true,"href":"https:\/\/gazdasagportal.hu\/index.php\/wp-json\/wp\/v2\/categories?post=42395"},{"taxonomy":"post_tag","embeddable":true,"href":"https:\/\/gazdasagportal.hu\/index.php\/wp-json\/wp\/v2\/tags?post=42395"}],"curies":[{"name":"wp","href":"https:\/\/api.w.org\/{rel}","templated":true}]}}