{"id":42393,"date":"2014-08-25T13:52:17","date_gmt":"2014-08-25T11:52:17","guid":{"rendered":"http:\/\/stockportal.hu\/?p=42393"},"modified":"2014-08-25T13:33:24","modified_gmt":"2014-08-25T11:33:24","slug":"ukran-valsag-egyutt-pm-magyarorszag-egyertelmuen-alljon-ki-ukrajna-szuverenitasa-mellett","status":"publish","type":"post","link":"https:\/\/gazdasagportal.hu\/index.php\/ukran-valsag-egyutt-pm-magyarorszag-egyertelmuen-alljon-ki-ukrajna-szuverenitasa-mellett\/","title":{"rendered":"Ukr\u00e1n v\u00e1ls\u00e1g &#8211; Egy\u00fctt-PM: Magyarorsz\u00e1g egy\u00e9rtelm\u0171en \u00e1lljon ki Ukrajna szuverenit\u00e1sa mellett!"},"content":{"rendered":"<p><strong>Az Egy\u00fctt-PM sz\u00f6vets\u00e9g k\u00f6veteli, hogy Orb\u00e1n Viktor minisztereln\u00f6k \u00e9s a k\u00fcl\u00fcgyminiszt\u00e9rium &#8222;egy\u00e9rtelm\u0171en \u00e1lljon ki Ukrajna szuverenit\u00e1sa mellett&#8221;, \u00e9s Magyarorsz\u00e1g tegyen l\u00e9p\u00e9seket, hogy a szomsz\u00e9dos \u00e1llamban helyre\u00e1lljon a rend &#8211; k\u00f6z\u00f6lte a p\u00e1rtsz\u00f6vets\u00e9g sz\u00edneiben politiz\u00e1l\u00f3 f\u00fcggetlen orsz\u00e1ggy\u0171l\u00e9si k\u00e9pvisel\u0151 h\u00e9tf\u0151n Budapesten.<\/strong><!--more--><br \/>\n<div class=\"ads-in-post1\"><div id=\"gazdasagportal.hu_fullbanner_wideboard\"><\/div>\r\n<\/div>\n<p>    Szel\u00e9nyi Zsuzsanna az Erzs\u00e9bet t\u00e9ren tartott sajt\u00f3t\u00e1j\u00e9koztat\u00f3n kifog\u00e1solta, hogy Magyarorsz\u00e1g nem sz\u00f3lalt meg a h\u00e9tv\u00e9g\u00e9n t\u00f6rt\u00e9nt incidens \u00fcgy\u00e9ben, amikor az ukr\u00e1nok enged\u00e9lye n\u00e9lk\u00fcl l\u00e9pett be az orsz\u00e1gba t\u00f6bb mint k\u00e9tsz\u00e1z seg\u00e9lysz\u00e1ll\u00edt\u00f3 teheraut\u00f3 Oroszorsz\u00e1gb\u00f3l. Ezzel szemben Orb\u00e1n Viktor egy h\u00e9ttel ezel\u0151tt egy r\u00e1di\u00f3interj\u00faban azt vetette fel, hogy az EU-nak meg kellene fontolnia, hogy felf\u00fcggeszti az Oroszorsz\u00e1ggal szembeni szankci\u00f3kat &#8211; tette hozz\u00e1.<br \/>\n    Hangs\u00falyozta, a szankci\u00f3k rendk\u00edv\u00fcl fontos eszk\u00f6zt jelentenek a nemzetk\u00f6zi k\u00f6z\u00f6ss\u00e9g kez\u00e9ben, hogy Oroszorsz\u00e1g partner legyen Ukrajna szuverenit\u00e1s\u00e1nak helyre\u00e1ll\u00edt\u00e1s\u00e1ra. Elmondta, Magyarorsz\u00e1g az EU \u00e9s a NATO tagjak\u00e9nt a legt\u00f6bbet akkor tehet a v\u00e1ls\u00e1g rendez\u00e9s\u00e9\u00e9rt, ha partner a szankci\u00f3k v\u00e9grehajt\u00e1s\u00e1ban.<br \/>\n    Szel\u00e9nyi Zsuzsanna v\u00e9lem\u00e9nye szerint a magyar korm\u00e1nyf\u0151 Oroszorsz\u00e1g-politik\u00e1ja &#8222;teljes m\u00e9rt\u00e9kben cs\u0151d\u00f6t mondott&#8221; az elm\u00falt id\u0151szakban. Ennek jelek\u00e9nt eml\u00edtette, hogy a paksi szerz\u0151d\u00e9s r\u00e9szleteit &#8222;a Roszatom honlapj\u00e1r\u00f3l ismerhett\u00e9k meg a magyarok&#8221;, illetve az oroszok emberg\u00f3t jelentettek be a magyar mez\u0151gazdas\u00e1gi term\u00e9kekre.    Az Egy\u00fctt eln\u00f6ks\u00e9gi tagja szerint Orb\u00e1n Viktor k\u00f6p\u00f6nyegforgat\u00f3, aki folyamatosan veszti el eur\u00f3pai partnerei bizalm\u00e1t, mik\u00f6zben l\u00e1that\u00f3an az orosz eln\u00f6k bizalm\u00e1t sem siker\u00fclt megnyernie.(MTI)<\/p>\n","protected":false},"excerpt":{"rendered":"<p>Az Egy\u00fctt-PM sz\u00f6vets\u00e9g k\u00f6veteli, hogy Orb\u00e1n Viktor minisztereln\u00f6k \u00e9s a k\u00fcl\u00fcgyminiszt\u00e9rium &#8222;egy\u00e9rtelm\u0171en \u00e1lljon ki Ukrajna szuverenit\u00e1sa mellett&#8221;, \u00e9s Magyarorsz\u00e1g tegyen l\u00e9p\u00e9seket, hogy a szomsz\u00e9dos \u00e1llamban helyre\u00e1lljon a rend &#8211; k\u00f6z\u00f6lte a p\u00e1rtsz\u00f6vets\u00e9g sz\u00edneiben politiz\u00e1l\u00f3 f\u00fcggetlen orsz\u00e1ggy\u0171l\u00e9si k\u00e9pvisel\u0151 h\u00e9tf\u0151n Budapesten.<\/p>\n","protected":false},"author":1,"featured_media":0,"comment_status":"open","ping_status":"closed","sticky":false,"template":"","format":"standard","meta":[],"categories":[18,139],"tags":[],"_links":{"self":[{"href":"https:\/\/gazdasagportal.hu\/index.php\/wp-json\/wp\/v2\/posts\/42393"}],"collection":[{"href":"https:\/\/gazdasagportal.hu\/index.php\/wp-json\/wp\/v2\/posts"}],"about":[{"href":"https:\/\/gazdasagportal.hu\/index.php\/wp-json\/wp\/v2\/types\/post"}],"author":[{"embeddable":true,"href":"https:\/\/gazdasagportal.hu\/index.php\/wp-json\/wp\/v2\/users\/1"}],"replies":[{"embeddable":true,"href":"https:\/\/gazdasagportal.hu\/index.php\/wp-json\/wp\/v2\/comments?post=42393"}],"version-history":[{"count":1,"href":"https:\/\/gazdasagportal.hu\/index.php\/wp-json\/wp\/v2\/posts\/42393\/revisions"}],"predecessor-version":[{"id":42394,"href":"https:\/\/gazdasagportal.hu\/index.php\/wp-json\/wp\/v2\/posts\/42393\/revisions\/42394"}],"wp:attachment":[{"href":"https:\/\/gazdasagportal.hu\/index.php\/wp-json\/wp\/v2\/media?parent=42393"}],"wp:term":[{"taxonomy":"category","embeddable":true,"href":"https:\/\/gazdasagportal.hu\/index.php\/wp-json\/wp\/v2\/categories?post=42393"},{"taxonomy":"post_tag","embeddable":true,"href":"https:\/\/gazdasagportal.hu\/index.php\/wp-json\/wp\/v2\/tags?post=42393"}],"curies":[{"name":"wp","href":"https:\/\/api.w.org\/{rel}","templated":true}]}}