{"id":42361,"date":"2014-08-25T09:28:44","date_gmt":"2014-08-25T07:28:44","guid":{"rendered":"http:\/\/stockportal.hu\/?p=42361"},"modified":"2014-08-25T09:28:44","modified_gmt":"2014-08-25T07:28:44","slug":"a-jegybanki-politika-nincs-kobe-vesve","status":"publish","type":"post","link":"https:\/\/gazdasagportal.hu\/index.php\/a-jegybanki-politika-nincs-kobe-vesve\/","title":{"rendered":"A jegybanki politika nincs k\u0151be v\u00e9sve"},"content":{"rendered":"<p><strong>B\u00e1rmikor j\u00f6het olyan fordulat, ami az infl\u00e1ci\u00f3t, vagy a GDP-n\u00f6veked\u00e9st megg\u00e1tolja &#8211; hangzott el a Fed h\u00e9tv\u00e9gi konferenci\u00e1j\u00e1n, Mario Draghi szerint &#8211; aki szint\u00e9n r\u00e9szt vett a tan\u00e1cskoz\u00e1son &#8211; a jegybank kiv\u00e1r, de j\u00f6het gyors v\u00e1ltoz\u00e1s is, a h\u00e9ten kider\u00fcl mire kell figyeln\u00fcnk.<\/strong><!--more--><\/p>\n<p><object width=\"512\" height=\"288\" data=\"http:\/\/gazdasagtv.hu\/embed\/?id=7712\" type=\"application\/x-shockwave-flash\"><param value=\"http:\/\/gazdasagtv.hu\/embed\/?id=7712\" name=\"data\"\/><param value=\"http:\/\/gazdasagtv.hu\/embed\/?id=7712\" name=\"src\"\/><param value=\"false\" name=\"menu\"\/><param value=\"high\" name=\"quality\"\/><param value=\"#000000\" name=\"bgcolor\"\/><param value=\"transparent\" name=\"wmode\"\/><param value=\"file=http:\/\/5.159.232.236\/video\/2014-08-25\/gtv-tozsdenyitas-equilor-2014-08-25-hd.mp4&#038;image=http:\/\/5.159.232.236\/\/videoimage\/600x338\/2014-08-25\/1114-janet-yellen-fed-hearing-full-600.jpg&#038;showdigits=true&#038;autostart=false&#038;repeat=false&#038;dock=true&#038;controlbar=over&#038;plugins=http:\/\/plugins.longtailvideo.com\/yourlytics-1.swf,timeslidertooltipplugin-2&#038;skin=http:\/\/gazdasagtv.hu\/swf\/skin.zip\" name=\"flashvars\"\/><\/object><br \/>Forr\u00e1s: <a href=\"http:\/\/gazdasagtv.hu\" style=\"color: #df1100; font-weight: bold; text-decoration: none;\" target=\"_blank\" rel=\"noopener\">Gazdas\u00e1gTV.hu<\/a><\/p>\n","protected":false},"excerpt":{"rendered":"<p>B\u00e1rmikor j\u00f6het olyan fordulat, ami az infl\u00e1ci\u00f3t, vagy a GDP-n\u00f6veked\u00e9st megg\u00e1tolja &#8211; hangzott el a Fed h\u00e9tv\u00e9gi konferenci\u00e1j\u00e1n, Mario Draghi szerint &#8211; aki szint\u00e9n r\u00e9szt vett a tan\u00e1cskoz\u00e1son &#8211; a jegybank kiv\u00e1r, de j\u00f6het gyors v\u00e1ltoz\u00e1s is, a h\u00e9ten kider\u00fcl mire kell figyeln\u00fcnk.<\/p>\n","protected":false},"author":1,"featured_media":683,"comment_status":"open","ping_status":"closed","sticky":false,"template":"","format":"standard","meta":[],"categories":[146,8],"tags":[],"_links":{"self":[{"href":"https:\/\/gazdasagportal.hu\/index.php\/wp-json\/wp\/v2\/posts\/42361"}],"collection":[{"href":"https:\/\/gazdasagportal.hu\/index.php\/wp-json\/wp\/v2\/posts"}],"about":[{"href":"https:\/\/gazdasagportal.hu\/index.php\/wp-json\/wp\/v2\/types\/post"}],"author":[{"embeddable":true,"href":"https:\/\/gazdasagportal.hu\/index.php\/wp-json\/wp\/v2\/users\/1"}],"replies":[{"embeddable":true,"href":"https:\/\/gazdasagportal.hu\/index.php\/wp-json\/wp\/v2\/comments?post=42361"}],"version-history":[{"count":1,"href":"https:\/\/gazdasagportal.hu\/index.php\/wp-json\/wp\/v2\/posts\/42361\/revisions"}],"predecessor-version":[{"id":42362,"href":"https:\/\/gazdasagportal.hu\/index.php\/wp-json\/wp\/v2\/posts\/42361\/revisions\/42362"}],"wp:featuredmedia":[{"embeddable":true,"href":"https:\/\/gazdasagportal.hu\/index.php\/wp-json\/wp\/v2\/media\/683"}],"wp:attachment":[{"href":"https:\/\/gazdasagportal.hu\/index.php\/wp-json\/wp\/v2\/media?parent=42361"}],"wp:term":[{"taxonomy":"category","embeddable":true,"href":"https:\/\/gazdasagportal.hu\/index.php\/wp-json\/wp\/v2\/categories?post=42361"},{"taxonomy":"post_tag","embeddable":true,"href":"https:\/\/gazdasagportal.hu\/index.php\/wp-json\/wp\/v2\/tags?post=42361"}],"curies":[{"name":"wp","href":"https:\/\/api.w.org\/{rel}","templated":true}]}}