{"id":42323,"date":"2014-08-24T14:24:35","date_gmt":"2014-08-24T12:24:35","guid":{"rendered":"http:\/\/stockportal.hu\/?p=42323"},"modified":"2014-08-24T14:24:35","modified_gmt":"2014-08-24T12:24:35","slug":"tobb-hazai-makroadat-es-kamatdonto-ules-is-lesz-a-jovo-heten","status":"publish","type":"post","link":"https:\/\/gazdasagportal.hu\/index.php\/tobb-hazai-makroadat-es-kamatdonto-ules-is-lesz-a-jovo-heten\/","title":{"rendered":"T\u00f6bb hazai makroadat \u00e9s kamatd\u00f6nt\u0151 \u00fcl\u00e9s is lesz a j\u00f6v\u0151 h\u00e9ten"},"content":{"rendered":"<p><strong>T\u00f6bb makrogazdas\u00e1gi adatot is k\u00f6z\u00f6l a K\u00f6zponti Statisztikai Hivatal (KSH) a j\u00f6v\u0151 h\u00e9ten, egyebek k\u00f6zt a beruh\u00e1z\u00e1sok m\u00e1sodik negyed\u00e9vi alakul\u00e1s\u00e1r\u00f3l \u00e9s a munkan\u00e9lk\u00fclis\u00e9gr\u0151l. Emellett a monet\u00e1ris tan\u00e1cs kamatd\u00f6nt\u0151 \u00fcl\u00e9se ker\u00fclhet a befektet\u0151k figyelm\u00e9nek f\u00f3kusz\u00e1ba.<\/strong><!--more--><br \/>\n<div class=\"ads-in-post1\"><div id=\"gazdasagportal.hu_fullbanner_wideboard\"><\/div>\r\n<\/div>\n<p>    Kedden el\u0151sz\u00f6r tart kamatd\u00f6nt\u0151 \u00fcl\u00e9st a Magyar Nemzeti Bank (MNB) Monet\u00e1ris Tan\u00e1csa azut\u00e1n, hogy az egy h\u00f3nappal ezel\u0151tti \u00fcl\u00e9st k\u00f6vet\u0151en bejelentette: v\u00e9get \u00e9rt a k\u00e9t\u00e9ves kamatcs\u00f6kkent\u00e9si ciklus. J\u00faliusban a jegybank az elemz\u0151k \u00e1ltal v\u00e1rt 10 helyett 20 b\u00e1zisponttal cs\u00f6kkentette az alapkamatot, amely \u00edgy \u00fajabb t\u00f6rt\u00e9nelmi m\u00e9lypontra, 2,10 sz\u00e1zal\u00e9kra cs\u00f6kkent. A d\u00f6nt\u00e9st k\u00f6vet\u0151en Matolcsy Gy\u00f6rgy jegybankeln\u00f6k k\u00f6z\u00f6lte, hogy az MNB &#8222;tart\u00f3s tart\u00e1sra&#8221;, vagyis arra rendezkedik be, hogy a jegybanki alapkamat 2015 v\u00e9g\u00e9ig ezen a szinten marad.<br \/>\n    Szerd\u00e1n a m\u00e1jus-j\u00faliusi id\u0151szak foglalkoztatotts\u00e1gi \u00e9s munkan\u00e9lk\u00fclis\u00e9gi adatait ismerteti a KSH. Az egy h\u00f3nappal kor\u00e1bbi id\u0151szakban &#8211; \u00e1prilis-j\u00faniusban &#8211; 8,0 sz\u00e1zal\u00e9kos volt a munkan\u00e9lk\u00fclis\u00e9gi r\u00e1ta, 2,3 sz\u00e1zal\u00e9kponttal alacsonyabb, mint egy \u00e9vvel kor\u00e1bban, a munkan\u00e9lk\u00fcliek sz\u00e1ma egy \u00e9v alatt 91 ezerrel, 359 ezerre cs\u00f6kkent. A foglalkoztatottak l\u00e9tsz\u00e1ma ugyanakkor 190 ezerrel, azaz 4,8 sz\u00e1zal\u00e9kkal n\u0151tt 4 milli\u00f3 122 ezerre. Elemz\u0151k szerint m\u00e1r nem csak a k\u00f6zmunkaprogramok &#8222;h\u00fazz\u00e1k&#8221; a foglalkoztat\u00e1si adatokat, a gazdas\u00e1g \u00e9l\u00e9nk\u00fcl\u00e9s\u00e9vel egy\u00fctt fokozatosan javulnak a munkaer\u0151-piaci folyamatok.<br \/>\n    Szint\u00e9n szerd\u00e1n k\u00f6zli a KSH a kiskereskedelmi term\u00e9kforgalom j\u00faniusi adataira vonatkoz\u00f3 m\u00e1sodik becsl\u00e9s\u00e9t. A h\u00f3nap elej\u00e9n kiadott els\u0151 becsl\u00e9s szerint a kiskereskedelmi forgalom \u00e9ves n\u00f6veked\u00e9se j\u00faniusban 3,8 sz\u00e1zal\u00e9kra lassult a m\u00e1jusi 4,9, \u00e9s az \u00e1prilisi 9 sz\u00e1zal\u00e9kos b\u0151v\u00fcl\u00e9s ut\u00e1n.<br \/>\n    Cs\u00fct\u00f6rt\u00f6k\u00f6n az ipari termel\u0151i \u00e1rak j\u00faliusi alakul\u00e1s\u00e1t teszi k\u00f6zz\u00e9 a statisztikai hivatal. J\u00faniusban h\u00e1romhavi cs\u00f6kken\u00e9s ut\u00e1n 0,8 sz\u00e1zal\u00e9kkal emelkedtek az ipari termel\u0151i \u00e1rak m\u00e1jushoz k\u00e9pest, m\u00edg az el\u0151z\u0151 \u00e9v azonos id\u0151szak\u00e1val \u00f6sszehasonl\u00edtva 0,6 sz\u00e1zal\u00e9kkal cs\u00f6kkentek.<br \/>\n    P\u00e9nteken a beruh\u00e1z\u00e1sok m\u00e1sodik negyed\u00e9ves adatai jelennek meg. Az els\u0151 negyed\u00e9vben folytat\u00f3dott a beruh\u00e1z\u00e1sok negyedik negyed\u00e9ve tart\u00f3 n\u00f6veked\u00e9se, \u00e9s az \u00e1llami szektor mellett m\u00e1r a mag\u00e1ngazdas\u00e1gban is l\u00e1tszott a n\u00f6veked\u00e9s megindul\u00e1sa. A beruh\u00e1z\u00e1sok volumene janu\u00e1r-m\u00e1rciusban 22,6 sz\u00e1zal\u00e9kkal haladta meg az egy \u00e9vvel kor\u00e1bbit, a tavalyi negyedik negyed\u00e9vhez k\u00e9pest pedig 0,5 sz\u00e1zal\u00e9kkal n\u0151ttek a beruh\u00e1z\u00e1sok.(MTI)<\/p>\n","protected":false},"excerpt":{"rendered":"<p>T\u00f6bb makrogazdas\u00e1gi adatot is k\u00f6z\u00f6l a K\u00f6zponti Statisztikai Hivatal (KSH) a j\u00f6v\u0151 h\u00e9ten, egyebek k\u00f6zt a beruh\u00e1z\u00e1sok m\u00e1sodik negyed\u00e9vi alakul\u00e1s\u00e1r\u00f3l \u00e9s a munkan\u00e9lk\u00fclis\u00e9gr\u0151l. Emellett a monet\u00e1ris tan\u00e1cs kamatd\u00f6nt\u0151 \u00fcl\u00e9se ker\u00fclhet a befektet\u0151k figyelm\u00e9nek f\u00f3kusz\u00e1ba.<\/p>\n","protected":false},"author":1,"featured_media":0,"comment_status":"open","ping_status":"closed","sticky":false,"template":"","format":"standard","meta":[],"categories":[19,8,7],"tags":[],"_links":{"self":[{"href":"https:\/\/gazdasagportal.hu\/index.php\/wp-json\/wp\/v2\/posts\/42323"}],"collection":[{"href":"https:\/\/gazdasagportal.hu\/index.php\/wp-json\/wp\/v2\/posts"}],"about":[{"href":"https:\/\/gazdasagportal.hu\/index.php\/wp-json\/wp\/v2\/types\/post"}],"author":[{"embeddable":true,"href":"https:\/\/gazdasagportal.hu\/index.php\/wp-json\/wp\/v2\/users\/1"}],"replies":[{"embeddable":true,"href":"https:\/\/gazdasagportal.hu\/index.php\/wp-json\/wp\/v2\/comments?post=42323"}],"version-history":[{"count":1,"href":"https:\/\/gazdasagportal.hu\/index.php\/wp-json\/wp\/v2\/posts\/42323\/revisions"}],"predecessor-version":[{"id":42324,"href":"https:\/\/gazdasagportal.hu\/index.php\/wp-json\/wp\/v2\/posts\/42323\/revisions\/42324"}],"wp:attachment":[{"href":"https:\/\/gazdasagportal.hu\/index.php\/wp-json\/wp\/v2\/media?parent=42323"}],"wp:term":[{"taxonomy":"category","embeddable":true,"href":"https:\/\/gazdasagportal.hu\/index.php\/wp-json\/wp\/v2\/categories?post=42323"},{"taxonomy":"post_tag","embeddable":true,"href":"https:\/\/gazdasagportal.hu\/index.php\/wp-json\/wp\/v2\/tags?post=42323"}],"curies":[{"name":"wp","href":"https:\/\/api.w.org\/{rel}","templated":true}]}}