{"id":42304,"date":"2014-08-24T04:24:24","date_gmt":"2014-08-24T02:24:24","guid":{"rendered":"http:\/\/stockportal.hu\/?p=42304"},"modified":"2014-08-23T22:52:36","modified_gmt":"2014-08-23T20:52:36","slug":"ukran-valsag-nemetorszag-tamogatja-ukrajna-teruleti-egysegenek-megmaradasat","status":"publish","type":"post","link":"https:\/\/gazdasagportal.hu\/index.php\/ukran-valsag-nemetorszag-tamogatja-ukrajna-teruleti-egysegenek-megmaradasat\/","title":{"rendered":"Ukr\u00e1n v\u00e1ls\u00e1g &#8211; N\u00e9metorsz\u00e1g t\u00e1mogatja Ukrajna ter\u00fcleti egys\u00e9g\u00e9nek megmarad\u00e1s\u00e1t"},"content":{"rendered":"<p><strong>N\u00e9metorsz\u00e1g t\u00e1mogatja Ukrajna ter\u00fcleti egys\u00e9g\u00e9nek megmarad\u00e1s\u00e1t &#8211; jelentette ki Angela Merkel kancell\u00e1r szombaton Kijevben, Petro Porosenko ukr\u00e1n eln\u00f6kkel k\u00f6z\u00f6sen tartott sajt\u00f3t\u00e1j\u00e9koztat\u00f3j\u00e1n.<\/strong><!--more--><br \/>\n<div class=\"ads-in-post1\"><div id=\"gazdasagportal.hu_fullbanner_wideboard\"><\/div>\r\n<\/div>\n<p>    Az ukr\u00e1n \u00e1llamf\u0151vel folytatott megbesz\u00e9l\u00e9s ut\u00e1n Merkel azt mondta: N\u00e9metorsz\u00e1g levonta a tanuls\u00e1gokat a t\u00f6rt\u00e9nelemb\u0151l, \u00e9s nem engedi meg, hogy \u00fajabb szakad\u00e1s k\u00f6vetkezzen be Eur\u00f3p\u00e1ban.<br \/>\n    Merkel ism\u00e9telten lesz\u00f6gezte, hogy N\u00e9metorsz\u00e1g nem ismeri el a Kr\u00edm f\u00e9lsziget Oroszorsz\u00e1g \u00e1ltali bekebelez\u00e9s\u00e9t, \u00e9s azt a m\u00e1sodik vil\u00e1gh\u00e1bor\u00fa ut\u00e1n helyre\u00e1ll\u00edtott b\u00e9k\u00e9s rend s\u00falyos megs\u00e9rt\u00e9s\u00e9nek tekinti.<br \/>\n    &#8222;Ha elismern\u00e9nk, akkor ezen elv alapj\u00e1n b\u00e1rmelyik eur\u00f3pai orsz\u00e1g ig\u00e9nyt form\u00e1lhatna egy m\u00e1sik \u00e1llam valamely ter\u00fclet\u00e9re, ami a b\u00e9k\u00e9s egy\u00fctt\u00e9l\u00e9st vesz\u00e9lyeztetn\u00e9 Eur\u00f3p\u00e1ban&#8221; &#8211; jegyezte meg a kancell\u00e1r.<br \/>\n    Fontosnak nevezte Ukrajna azon er\u0151fesz\u00edt\u00e9seit, amelyek arra ir\u00e1nyulnak, hogy Donyeck \u00e9s Luhanszk megye &#8222;ne jusson a Kr\u00edm f\u00e9lsziget sors\u00e1ra&#8221;.<br \/>\n    Merkel \u00e9s Porosenko egyar\u00e1nt kijelentette: b\u00edznak abban, hogy a kelet-ukrajnai v\u00e1ls\u00e1g rendez\u00e9s\u00e9nek szempontj\u00e1b\u00f3l kedvez\u0151 eredm\u00e9nyek sz\u00fcletnek j\u00f6v\u0151 kedden Ukrajna, Oroszorsz\u00e1g, Feh\u00e9roroszorsz\u00e1g \u00e9s Kazahszt\u00e1n \u00e1llamf\u0151inek, valamint az Eur\u00f3pai Uni\u00f3 k\u00e9pvisel\u0151inek minszki tal\u00e1lkoz\u00f3j\u00e1n.<br \/>\n    Az ukr\u00e1n \u00e1llamf\u0151 a k\u00e9toldal\u00fa megbesz\u00e9l\u00e9s eredm\u00e9nyei k\u00f6z\u00fcl kiemelte, hogy N\u00e9metorsz\u00e1g kezdem\u00e9nyezi az Eur\u00f3pai Uni\u00f3n bel\u00fcl egy k\u00fcl\u00f6nleges p\u00e9nzalap l\u00e9trehoz\u00e1s\u00e1t a h\u00e1bor\u00fa s\u00fajtotta Donyec-medence \u00fajj\u00e1\u00e9p\u00edt\u00e9s\u00e9re, amib\u0151l Ukrajna 500 milli\u00f3 eur\u00f3s t\u00e1mogat\u00e1shoz juthat. Az ukr\u00e1n \u00e1llamf\u0151 a Merkel kancell\u00e1r \u00e1ltal ismertetett kezdem\u00e9nyez\u00e9st a m\u00e1sodik vil\u00e1gh\u00e1bor\u00fa ut\u00e1ni Marshall-tervhez hasonl\u00edtotta. (Ut\u00f3bbi nemzetk\u00f6zi seg\u00e9lyprogram volt, amely George C. Marshall amerikai k\u00fcl\u00fcgyminiszterr\u0151l kapta a nev\u00e9t. A miniszter 1947. j\u00fanius 5-\u00e9n \u00e1tfog\u00f3 amerikai seg\u00e9lyprogramot hirdetett meg minden olyan h\u00e1bor\u00fa s\u00fajtotta eur\u00f3pai orsz\u00e1g sz\u00e1m\u00e1ra, amely az \u00fajj\u00e1\u00e9p\u00edt\u00e9sben hajland\u00f3 volt az Amerikai Egyes\u00fclt \u00c1llamokkal egy\u00fcttm\u0171k\u00f6dni.)<br \/>\n    A kancell\u00e1r a menek\u00fcltek megseg\u00edt\u00e9s\u00e9re tov\u00e1bbi 25 milli\u00f3 eur\u00f3s t\u00e1mogat\u00e1sra tett \u00edg\u00e9retet. Elhangzott tov\u00e1bb\u00e1, hogy N\u00e9metorsz\u00e1g h\u00fasz s\u00falyosan s\u00e9r\u00fclt ukr\u00e1n katona gy\u00f3gykezel\u00e9s\u00e9t v\u00e1llalta saj\u00e1t k\u00f6lts\u00e9g\u00e9n.<br \/>\n    Porosenko kit\u00e9rt arra, hogy az &#8222;ukr\u00e1n f\u00e9l \u00f6sszehangolt \u00e9s hat\u00e1rozott fell\u00e9p\u00e9s\u00e9nek k\u00f6sz\u00f6nhet\u0151en&#8221; siker\u00fclt elker\u00fclni azokat a provok\u00e1ci\u00f3kat, amelyek az orosz seg\u00e9lykonvoj behatol\u00e1sa nyom\u00e1n t\u00f6rt\u00e9nhettek volna. K\u00f6z\u00f6lte, hogy a konvoj t\u00f6bb mint 185 teheraut\u00f3ja m\u00e1r vissza is t\u00e9rt Oroszorsz\u00e1gba.<br \/>\n    Az Eur\u00f3pai Biztons\u00e1gi \u00e9s Egy\u00fcttm\u0171k\u00f6d\u00e9si Szervezet (EBESZ) azt k\u00f6z\u00f6lte, hogy &#8222;mind a 227 j\u00e1rm\u0171&#8221;, amely a konvoj r\u00e9szek\u00e9nt Ukrajn\u00e1ba l\u00e9pett, visszat\u00e9rt orosz ter\u00fcletre.<br \/>\n    Az ukr\u00e1n eln\u00f6k \u00edg\u00e9retet tett t\u00e1rgyal\u00f3partner\u00e9nek arra, hogy szeptember k\u00f6zep\u00e9n a parlament el\u00e9 terjeszti az Ukrajna eur\u00f3pai uni\u00f3s t\u00e1rsul\u00e1si szerz\u0151d\u00e9s\u00e9nek ratifik\u00e1ci\u00f3j\u00e1r\u00f3l sz\u00f3l\u00f3 ind\u00edtv\u00e1nyt.<br \/>\n    Merkel hangs\u00falyozta, hogy N\u00e9metorsz\u00e1g nem Ukrajna f\u00f6deraliz\u00e1ci\u00f3ja, hanem decentraliz\u00e1ci\u00f3ja mellett foglal \u00e1ll\u00e1st, aminek megval\u00f3s\u00edt\u00e1s\u00e1ra Porosenko eln\u00f6k is t\u00f6rekszik. Felh\u00edvta ugyanakkor a figyelmet arra a nyelvi f\u00e9lre\u00e9rt\u00e9sre, hogy amit N\u00e9metorsz\u00e1gban f\u00f6deraliz\u00e1ci\u00f3nak neveznek, az a decentraliz\u00e1ci\u00f3t jelenti Ukrajna eset\u00e9ben. Kor\u00e1bban ugyanis Sigmar Gabriel n\u00e9met szoci\u00e1ldemokrata alkancell\u00e1r egy lapinterj\u00faban Ukrajna f\u00f6deraliz\u00e1ci\u00f3j\u00e1t nevezte a kelet-ukrajnai konfliktus megold\u00e1s\u00e1nak.(MTI)<\/p>\n","protected":false},"excerpt":{"rendered":"<p>N\u00e9metorsz\u00e1g t\u00e1mogatja Ukrajna ter\u00fcleti egys\u00e9g\u00e9nek megmarad\u00e1s\u00e1t &#8211; jelentette ki Angela Merkel kancell\u00e1r szombaton Kijevben, Petro Porosenko ukr\u00e1n eln\u00f6kkel k\u00f6z\u00f6sen tartott sajt\u00f3t\u00e1j\u00e9koztat\u00f3j\u00e1n.<\/p>\n","protected":false},"author":1,"featured_media":0,"comment_status":"open","ping_status":"closed","sticky":false,"template":"","format":"standard","meta":[],"categories":[139],"tags":[],"_links":{"self":[{"href":"https:\/\/gazdasagportal.hu\/index.php\/wp-json\/wp\/v2\/posts\/42304"}],"collection":[{"href":"https:\/\/gazdasagportal.hu\/index.php\/wp-json\/wp\/v2\/posts"}],"about":[{"href":"https:\/\/gazdasagportal.hu\/index.php\/wp-json\/wp\/v2\/types\/post"}],"author":[{"embeddable":true,"href":"https:\/\/gazdasagportal.hu\/index.php\/wp-json\/wp\/v2\/users\/1"}],"replies":[{"embeddable":true,"href":"https:\/\/gazdasagportal.hu\/index.php\/wp-json\/wp\/v2\/comments?post=42304"}],"version-history":[{"count":1,"href":"https:\/\/gazdasagportal.hu\/index.php\/wp-json\/wp\/v2\/posts\/42304\/revisions"}],"predecessor-version":[{"id":42305,"href":"https:\/\/gazdasagportal.hu\/index.php\/wp-json\/wp\/v2\/posts\/42304\/revisions\/42305"}],"wp:attachment":[{"href":"https:\/\/gazdasagportal.hu\/index.php\/wp-json\/wp\/v2\/media?parent=42304"}],"wp:term":[{"taxonomy":"category","embeddable":true,"href":"https:\/\/gazdasagportal.hu\/index.php\/wp-json\/wp\/v2\/categories?post=42304"},{"taxonomy":"post_tag","embeddable":true,"href":"https:\/\/gazdasagportal.hu\/index.php\/wp-json\/wp\/v2\/tags?post=42304"}],"curies":[{"name":"wp","href":"https:\/\/api.w.org\/{rel}","templated":true}]}}