{"id":42287,"date":"2014-08-23T12:01:35","date_gmt":"2014-08-23T10:01:35","guid":{"rendered":"http:\/\/stockportal.hu\/?p=42287"},"modified":"2014-08-23T12:01:35","modified_gmt":"2014-08-23T10:01:35","slug":"ukran-valsag-sulyos-harcok-folynak-a-strategiai-fontossagu-szaur-mohilai-magaslaton","status":"publish","type":"post","link":"https:\/\/gazdasagportal.hu\/index.php\/ukran-valsag-sulyos-harcok-folynak-a-strategiai-fontossagu-szaur-mohilai-magaslaton\/","title":{"rendered":"Ukr\u00e1n v\u00e1ls\u00e1g &#8211; S\u00falyos harcok folynak a strat\u00e9giai fontoss\u00e1g\u00fa szaur-mohilai magaslaton"},"content":{"rendered":"<p><strong>H\u00e1rom civil vesztette \u00e9let\u00e9t szombatra virrad\u00f3an a kelet-ukrajnai Donyeckben t\u00fcz\u00e9rs\u00e9gi t\u00e1mad\u00e1sok k\u00f6vetkezt\u00e9ben &#8211; k\u00f6z\u00f6lte honlapj\u00e1n a v\u00e1rosi tan\u00e1cs.<\/strong><!--more--><br \/>\n<div class=\"ads-in-post1\"><div id=\"gazdasagportal.hu_fullbanner_wideboard\"><\/div>\r\n<\/div>\n<p>    K\u00e9t \u00e1ldozat a v\u00e1ros k\u00f6zpontj\u00e1ban halt meg: egy t\u00f6megk\u00f6zleked\u00e9si meg\u00e1ll\u00f3ban \u00e1lltak, amelyet tal\u00e1lat \u00e9rt. A harmadik \u00e1ldozatot a v\u00e1ros egy m\u00e1sik ker\u00fclet\u00e9ben egy becsap\u00f3d\u00f3 l\u00f6ved\u00e9k szil\u00e1nkjai tal\u00e1lt\u00e1k el, \u0151 k\u00f3rh\u00e1zba sz\u00e1ll\u00edt\u00e1s k\u00f6zben vesztette \u00e9let\u00e9t.<br \/>\n    A Kijev \u00e1ltal terrorellenesnek elnevezett hadm\u0171velet sajt\u00f3szolg\u00e1lat\u00e1nak szombati k\u00f6zlem\u00e9nye szerint a korm\u00e1nyer\u0151k az elm\u00falt 24 \u00f3r\u00e1ban is folytatt\u00e1k offenz\u00edv\u00e1jukat az oroszbar\u00e1t szeparatist\u00e1k ellen. A t\u00fcz\u00e9rs\u00e9gi egys\u00e9gek a l\u00e9gier\u0151 t\u00e1mogat\u00e1s\u00e1val megsemmis\u00edtett\u00e9k a szakad\u00e1rok k\u00e9t Grad rak\u00e9ta-sorozatvet\u0151j\u00e9t, k\u00e9t l\u00e9gv\u00e9delmi rak\u00e9tarendszer\u00e9t, egy t\u00fcz\u00e9rs\u00e9gi eszk\u00f6z\u00e9t \u00e9s k\u00e9t aknavet\u0151j\u00e9t.<br \/>\n    S\u00falyos harcok folynak a strat\u00e9giai fontoss\u00e1g\u00fa szaur-mohilai magaslaton, amely Donyeck \u00e9s Luhanszk megye, valamint az oroszorsz\u00e1gi rosztovi ter\u00fclet hat\u00e1r\u00e1n\u00e1l fekszik. A szakad\u00e1rok igyekeznek visszaszerezni m\u00e1r elvesz\u00edtett \u00e1ll\u00e1saikat &#8211; a sajt\u00f3szolg\u00e1lat t\u00e1j\u00e9koztat\u00e1sa szerint a terrorellenes er\u0151k eddig sikeresen vert\u00e9k vissza t\u00e1mad\u00e1saikat.<br \/>\n    Heves harcok folynak tov\u00e1bb\u00e1 az ukr\u00e1n fegyveres er\u0151k \u00e9s a szeparatist\u00e1k k\u00f6z\u00f6tt Ilovajszk, Novoszvitlivka, Hrjascsuvate, Malomikolajivka \u00e9s Illirija telep\u00fcl\u00e9sek k\u00f6zel\u00e9ben.(MTI)<\/p>\n","protected":false},"excerpt":{"rendered":"<p>H\u00e1rom civil vesztette \u00e9let\u00e9t szombatra virrad\u00f3an a kelet-ukrajnai Donyeckben t\u00fcz\u00e9rs\u00e9gi t\u00e1mad\u00e1sok k\u00f6vetkezt\u00e9ben &#8211; k\u00f6z\u00f6lte honlapj\u00e1n a v\u00e1rosi tan\u00e1cs.<\/p>\n","protected":false},"author":1,"featured_media":0,"comment_status":"open","ping_status":"closed","sticky":false,"template":"","format":"standard","meta":[],"categories":[139],"tags":[],"_links":{"self":[{"href":"https:\/\/gazdasagportal.hu\/index.php\/wp-json\/wp\/v2\/posts\/42287"}],"collection":[{"href":"https:\/\/gazdasagportal.hu\/index.php\/wp-json\/wp\/v2\/posts"}],"about":[{"href":"https:\/\/gazdasagportal.hu\/index.php\/wp-json\/wp\/v2\/types\/post"}],"author":[{"embeddable":true,"href":"https:\/\/gazdasagportal.hu\/index.php\/wp-json\/wp\/v2\/users\/1"}],"replies":[{"embeddable":true,"href":"https:\/\/gazdasagportal.hu\/index.php\/wp-json\/wp\/v2\/comments?post=42287"}],"version-history":[{"count":1,"href":"https:\/\/gazdasagportal.hu\/index.php\/wp-json\/wp\/v2\/posts\/42287\/revisions"}],"predecessor-version":[{"id":42288,"href":"https:\/\/gazdasagportal.hu\/index.php\/wp-json\/wp\/v2\/posts\/42287\/revisions\/42288"}],"wp:attachment":[{"href":"https:\/\/gazdasagportal.hu\/index.php\/wp-json\/wp\/v2\/media?parent=42287"}],"wp:term":[{"taxonomy":"category","embeddable":true,"href":"https:\/\/gazdasagportal.hu\/index.php\/wp-json\/wp\/v2\/categories?post=42287"},{"taxonomy":"post_tag","embeddable":true,"href":"https:\/\/gazdasagportal.hu\/index.php\/wp-json\/wp\/v2\/tags?post=42287"}],"curies":[{"name":"wp","href":"https:\/\/api.w.org\/{rel}","templated":true}]}}