{"id":42283,"date":"2014-08-23T15:47:00","date_gmt":"2014-08-23T13:47:00","guid":{"rendered":"http:\/\/stockportal.hu\/?p=42283"},"modified":"2014-08-23T10:49:06","modified_gmt":"2014-08-23T08:49:06","slug":"nemet-adatok-uraljak-a-35-heti-europai-makronaptart","status":"publish","type":"post","link":"https:\/\/gazdasagportal.hu\/index.php\/nemet-adatok-uraljak-a-35-heti-europai-makronaptart\/","title":{"rendered":"N\u00e9met adatok uralj\u00e1k a 35. heti eur\u00f3pai makronapt\u00e1rt"},"content":{"rendered":"<p><strong>Els\u0151sorban n\u00e9met makrogazdas\u00e1gi adatok alapj\u00e1n t\u00e1j\u00e9koz\u00f3dhatnak a j\u00f6v\u0151 h\u00e9ten az eur\u00f3pai gazdas\u00e1gi helyzet alakul\u00e1s\u00e1r\u00f3l a befektet\u0151k, b\u00e1r a h\u00e9t utols\u00f3 munkanapj\u00e1n n\u00e9h\u00e1ny eur\u00f3\u00f6vezeti mutat\u00f3 is igazod\u00e1si pontk\u00e9nt szolg\u00e1lhat.<\/strong><!--more--><br \/>\n<div class=\"ads-in-post1\"><div id=\"gazdasagportal.hu_fullbanner_wideboard\"><\/div>\r\n<\/div>\n<p>    H\u00e9tf\u0151n teszi k\u00f6zz\u00e9 a m\u00fcncheni egyetem ifo gazdas\u00e1gkutat\u00f3 int\u00e9zete (ifo Institut \u2013 Leibniz-Institut f\u00fcr Wirtschaftsforschung an der Universit\u00e4t M\u00fcnchen e. V.) az augusztusi n\u00e9met \u00fczleti hangulatindex\u00e9t. Az int\u00e9zet havi rendszeress\u00e9ggel m\u00e9ri fel \u00e9s sz\u00e1mszer\u0171s\u00edti a gazdas\u00e1gi szerepl\u0151knek az aktu\u00e1lis gazdas\u00e1gi helyzetre, valamint hat h\u00f3napra el\u0151re sz\u00f3l\u00f3 kil\u00e1t\u00e1sokra vonatkoz\u00f3 szubjekt\u00edv meg\u00edt\u00e9l\u00e9s\u00e9t. Elemz\u0151k az \u00fczleti hangulatindex el\u0151z\u0151 havi 108 pontr\u00f3l 107 pontra cs\u00f6kken\u00e9s\u00e9re sz\u00e1m\u00edtanak. Tapasztalati alapon az indexnek a v\u00e1rtt\u00f3l elmarad\u00f3 \u00e9rt\u00e9ke gyeng\u00edteni, a v\u00e1rtn\u00e1l jobb \u00e9rt\u00e9ke pedig er\u0151s\u00edteni szokta az eur\u00f3t.<br \/>\n    A n\u00e9met gazdas\u00e1g ellenkez\u0151, fogyaszt\u00f3i oldal\u00e1n uralkod\u00f3 hangulatr\u00f3l kapunk szerd\u00e1n t\u00e1j\u00e9koztat\u00e1st a GfK gazdas\u00e1gkutat\u00f3 int\u00e9zet havi rendszeres felm\u00e9r\u00e9s\u00e9b\u0151l. Elemz\u0151k a mutat\u00f3ra az el\u0151z\u0151 havival megegyez\u0151 9,0 pontos \u00e9rt\u00e9ket jeleznek el\u0151re.<br \/>\n    Kedden a n\u00e9met (\u00e9s olasz) el\u0151zetes fogyaszt\u00f3i \u00e1rindex alakul\u00e1sa ad betekint\u00e9st a kiskereskedelmi \u00e1rak augusztusi alakul\u00e1s\u00e1ba, p\u00e9nteken pedig a n\u00e9met kiskereskedelmi forgalom j\u00faliusi adataival ismerkedhet\u00fcnk meg. El\u0151rejelz\u00e9sek szerint a j\u00faliusi kiskereskedelmi forgalom 1,5 sz\u00e1zal\u00e9kkal lesz magasabb az egy \u00e9vvel kor\u00e1bbin\u00e1l, szemben a j\u00faniusi 0,4 sz\u00e1zal\u00e9kos n\u00f6veked\u00e9ssel.<br \/>\n    Cs\u00fct\u00f6rt\u00f6k\u00f6n az augusztusi n\u00e9met munkan\u00e9lk\u00fclis\u00e9gi adatok ny\u00fajtanak majd n\u00e9mi t\u00e1j\u00e9koztat\u00e1st a gazdas\u00e1gi helyzet foglalkoztat\u00e1sra gyakorolt hat\u00e1s\u00e1r\u00f3l. Elemz\u0151k a munkan\u00e9lk\u00fcliek sz\u00e1m\u00e1nak csek\u00e9ly cs\u00f6kken\u00e9s\u00e9t, illetve az el\u0151z\u0151 havival megegyez\u0151, 6,7 sz\u00e1zal\u00e9kos munkan\u00e9lk\u00fclis\u00e9gi r\u00e1t\u00e1t jeleznek el\u0151re.<br \/>\n    Az eur\u00f3\u00f6vezetb\u0151l p\u00e9nteken v\u00e1rhat\u00f3k fontosabb adatok, a fogyaszt\u00f3i \u00e1rindex el\u0151zetes augusztusi alakul\u00e1sa, valamint a j\u00faliusi munkan\u00e9lk\u00fclis\u00e9gi r\u00e1ta. Az \u00e9ves fogyaszt\u00f3i \u00e1rindex val\u00f3sz\u00edn\u0171leg 0,3 sz\u00e1zal\u00e9kra cs\u00f6kken a j\u00faliusi 0,4 sz\u00e1zal\u00e9kr\u00f3l, a munkan\u00e9lk\u00fclis\u00e9gi r\u00e1ta pedig v\u00e1ltozatlanul 11,5 sz\u00e1zal\u00e9k lesz.<br \/>\n    Az Egyes\u00fclt \u00c1llamokb\u00f3l a j\u00f6v\u0151 h\u00e9ten a legfontosabb adat a m\u00e1sodik negyed\u00e9vi el\u0151zetes GDP-n\u00f6veked\u00e9s lesz, amit cs\u00fct\u00f6rt\u00f6k\u00f6n tesznek k\u00f6zz\u00e9. Ezt megel\u0151z\u0151en kedden megismerhetj\u00fck a tart\u00f3s fogyaszt\u00e1si cikkek megrendel\u00e9s-\u00e1llom\u00e1ny\u00e1nak j\u00faliusi alakul\u00e1s\u00e1t, valamint a Conference Board gazdas\u00e1gi kutat\u00f3 int\u00e9zet augusztusi fogyaszt\u00f3i bizalmi index\u00e9t.<br \/>\n    Az amerikai gazdas\u00e1g egyik utols\u00f3 gyenge l\u00e1ncszeme, az ingatlanpiaci forgalom meg\u00edt\u00e9l\u00e9s\u00e9hez az \u00faj lak\u00e1sok \u00e9rt\u00e9kes\u00edt\u00e9s\u00e9nek j\u00faliusi alakul\u00e1s\u00e1r\u00f3l tudhatunk meg k\u00f6zelebbi adatokat h\u00e9tf\u0151n, majd a haszn\u00e1lt lak\u00e1sok forgalm\u00e1nak \u00e1ll\u00e1s\u00e1r\u00f3l cs\u00fct\u00f6rt\u00f6k\u00f6n. Elemz\u0151k mindk\u00e9t piacon forgalomn\u00f6veked\u00e9st v\u00e1rnak.<br \/>\n    Az Egyes\u00fclt \u00c1llamokban a fogyaszt\u00f3i hangulat augusztusi \u00e1ll\u00e1s\u00e1r\u00f3l a Reuters\/Michigan index ad majd t\u00e1j\u00e9koztat\u00e1st p\u00e9nteken, a Chicago k\u00f6rny\u00e9ki iparvid\u00e9k feldolgoz\u00f3ipari teljes\u00edtm\u00e9ny\u00e9nek augusztusi alakul\u00e1s\u00e1r\u00f3l pedig a beszerz\u00e9simenedzser-index (BMI), szint\u00e9n p\u00e9nteken. Elemz\u0151k mind a Reuters\/Michigan index, mint a Chicago BMI sz\u00e1mottev\u0151 emelked\u00e9s\u00e9t jelzik el\u0151re.(MTI)<\/p>\n","protected":false},"excerpt":{"rendered":"<p>Els\u0151sorban n\u00e9met makrogazdas\u00e1gi adatok alapj\u00e1n t\u00e1j\u00e9koz\u00f3dhatnak a j\u00f6v\u0151 h\u00e9ten az eur\u00f3pai gazdas\u00e1gi helyzet alakul\u00e1s\u00e1r\u00f3l a befektet\u0151k, b\u00e1r a h\u00e9t utols\u00f3 munkanapj\u00e1n n\u00e9h\u00e1ny eur\u00f3\u00f6vezeti mutat\u00f3 is igazod\u00e1si pontk\u00e9nt szolg\u00e1lhat.<\/p>\n","protected":false},"author":1,"featured_media":0,"comment_status":"open","ping_status":"closed","sticky":false,"template":"","format":"standard","meta":[],"categories":[8],"tags":[],"_links":{"self":[{"href":"https:\/\/gazdasagportal.hu\/index.php\/wp-json\/wp\/v2\/posts\/42283"}],"collection":[{"href":"https:\/\/gazdasagportal.hu\/index.php\/wp-json\/wp\/v2\/posts"}],"about":[{"href":"https:\/\/gazdasagportal.hu\/index.php\/wp-json\/wp\/v2\/types\/post"}],"author":[{"embeddable":true,"href":"https:\/\/gazdasagportal.hu\/index.php\/wp-json\/wp\/v2\/users\/1"}],"replies":[{"embeddable":true,"href":"https:\/\/gazdasagportal.hu\/index.php\/wp-json\/wp\/v2\/comments?post=42283"}],"version-history":[{"count":1,"href":"https:\/\/gazdasagportal.hu\/index.php\/wp-json\/wp\/v2\/posts\/42283\/revisions"}],"predecessor-version":[{"id":42284,"href":"https:\/\/gazdasagportal.hu\/index.php\/wp-json\/wp\/v2\/posts\/42283\/revisions\/42284"}],"wp:attachment":[{"href":"https:\/\/gazdasagportal.hu\/index.php\/wp-json\/wp\/v2\/media?parent=42283"}],"wp:term":[{"taxonomy":"category","embeddable":true,"href":"https:\/\/gazdasagportal.hu\/index.php\/wp-json\/wp\/v2\/categories?post=42283"},{"taxonomy":"post_tag","embeddable":true,"href":"https:\/\/gazdasagportal.hu\/index.php\/wp-json\/wp\/v2\/tags?post=42283"}],"curies":[{"name":"wp","href":"https:\/\/api.w.org\/{rel}","templated":true}]}}