{"id":42279,"date":"2014-08-23T08:19:42","date_gmt":"2014-08-23T06:19:42","guid":{"rendered":"http:\/\/stockportal.hu\/?p=42279"},"modified":"2014-08-23T08:19:42","modified_gmt":"2014-08-23T06:19:42","slug":"ot-megyere-masodfoku-a-tobbi-teruletere-elsofoku-figyelmeztetest-adott-ki-a-msz","status":"publish","type":"post","link":"https:\/\/gazdasagportal.hu\/index.php\/ot-megyere-masodfoku-a-tobbi-teruletere-elsofoku-figyelmeztetest-adott-ki-a-msz\/","title":{"rendered":"\u00d6t megy\u00e9re m\u00e1sodfok\u00fa, a t\u00f6bbi ter\u00fclet\u00e9re els\u0151fok\u00fa figyelmeztet\u00e9st adott ki a MSZ"},"content":{"rendered":"<p><strong>\u00d6t d\u00e9li megy\u00e9re m\u00e1sodfok\u00fa, az orsz\u00e1g t\u00f6bbi ter\u00fclet\u00e9re els\u0151fok\u00fa figyelmeztet\u00e9st adott ki a meteorol\u00f3giai szolg\u00e1lat a felh\u0151szakad\u00e1s miatt. T\u00f6bb megy\u00e9ben heves zivatarra is figyelmeztetnek.<\/strong><!--more--><br \/>\n<div class=\"ads-in-post1\"><div id=\"gazdasagportal.hu_fullbanner_wideboard\"><\/div>\r\n<\/div>\n<p>    Az Orsz\u00e1gos Meteorol\u00f3giai Szolg\u00e1lat szombat reggel az MTI-hez eljuttatott vesz\u00e9lyjelz\u00e9se szerint a felh\u0151szakad\u00e1s miatt Baranya, B\u00e1cs-Kiskun, B\u00e9k\u00e9s, Csongr\u00e1d \u00e9s Tolna megy\u00e9re adt\u00e1k ki a m\u00e1sodfok\u00fa figyelmeztet\u00e9st. E szerint ezeken a ter\u00fcleteken az intenz\u00edv z\u00e1porokb\u00f3l, zivatarokb\u00f3l r\u00f6vid id\u0151 alatt 50 millim\u00e9tern\u00e9l is t\u00f6bb csapad\u00e9k hullhat. Az orsz\u00e1g t\u00f6bbi ter\u00fclet\u00e9n els\u0151fok\u00fa figyelmeztet\u00e9s van \u00e9rv\u00e9nyben a felh\u0151szakad\u00e1s miatt.<br \/>\n    Emellett Baranya, B\u00e1cs-Kiskun, B\u00e9k\u00e9s, Csongr\u00e1d, Somogy \u00e9s Tolna megy\u00e9re a heves zivatarok miatt is els\u0151fok\u00fa figyelmeztet\u00e9st adtak ki.<br \/>\n    Mint kifejtett\u00e9k: d\u00e9lel\u0151tt \u00e9szakon, \u00e9szaknyugaton, majd a k\u00e9s\u0151bb a Dun\u00e1nt\u00falon egyre t\u00f6bbfel\u00e9 lehet sz\u00e1m\u00edtani intenz\u00edv z\u00e1porokra, zivatarokra, amelyet lok\u00e1lisan felh\u0151szakad\u00e1s k\u00eds\u00e9rhet. Az \u201eintenz\u00edv z\u00e1poros z\u00f3na\u201d a d\u00e9lut\u00e1ni, esti \u00f3r\u00e1kra a Dun\u00e1t\u00f3l keletre, illetve az \u00e9szakkeleti orsz\u00e1gr\u00e9szre is \u00e1tterjedhet.<br \/>\n    Majd v\u00e1rhat\u00f3an az esti \u00f3r\u00e1kt\u00f3l d\u00e9lnyugat fel\u0151l egy \u00fajabb kiterjedt intenz\u00edv csapad\u00e9k rendszer vonulhat v\u00e9gig az orsz\u00e1gon, s\u00falypontj\u00e1val az orsz\u00e1g d\u00e9li r\u00e9sz\u00e9n, amely az \u00e9jf\u00e9li \u00f3r\u00e1k k\u00f6rny\u00e9k\u00e9n el\u00e9rheti a keleti orsz\u00e1gr\u00e9szt. Ennek nyom\u00e1n vill\u00e1ml\u00e1sra, helyenk\u00e9nt jelent\u0151s mennyis\u00e9g\u0171 es\u0151re lehet sz\u00e1m\u00edtani.<br \/>\n    Heves zivatar kialakul\u00e1s\u00e1ra &#8211; amelyet 70-90 kilom\u00e9ter\/\u00f3r\u00e1t meghalad\u00f3 sz\u00e9ll\u00f6k\u00e9s \u00e9s 2 k\u00f6r\u00fcli vagy kev\u00e9ssel ann\u00e1l nagyobb \u00e1tm\u00e9r\u0151j\u0171 j\u00e9g k\u00eds\u00e9rhet &#8211; az orsz\u00e1g d\u00e9li t\u00e1jain van nagyobb es\u00e9ly \u2013 \u00edrta a meteorol\u00f3giai szolg\u00e1lat.<br \/>\n    Az el\u0151rejelz\u00e9s szerint a legmagasabb nappali h\u0151m\u00e9rs\u00e9klet \u00e1ltal\u00e1ban 22-27, \u00e9szaknyugaton 18-22 fok k\u00f6z\u00f6tt val\u00f3sz\u00edn\u0171. K\u00e9s\u0151 este 15-20 fok lehet.(MTI)<\/p>\n","protected":false},"excerpt":{"rendered":"<p>\u00d6t d\u00e9li megy\u00e9re m\u00e1sodfok\u00fa, az orsz\u00e1g t\u00f6bbi ter\u00fclet\u00e9re els\u0151fok\u00fa figyelmeztet\u00e9st adott ki a meteorol\u00f3giai szolg\u00e1lat a felh\u0151szakad\u00e1s miatt. T\u00f6bb megy\u00e9ben heves zivatarra is figyelmeztetnek.<\/p>\n","protected":false},"author":1,"featured_media":0,"comment_status":"open","ping_status":"closed","sticky":false,"template":"","format":"standard","meta":[],"categories":[4,151],"tags":[],"_links":{"self":[{"href":"https:\/\/gazdasagportal.hu\/index.php\/wp-json\/wp\/v2\/posts\/42279"}],"collection":[{"href":"https:\/\/gazdasagportal.hu\/index.php\/wp-json\/wp\/v2\/posts"}],"about":[{"href":"https:\/\/gazdasagportal.hu\/index.php\/wp-json\/wp\/v2\/types\/post"}],"author":[{"embeddable":true,"href":"https:\/\/gazdasagportal.hu\/index.php\/wp-json\/wp\/v2\/users\/1"}],"replies":[{"embeddable":true,"href":"https:\/\/gazdasagportal.hu\/index.php\/wp-json\/wp\/v2\/comments?post=42279"}],"version-history":[{"count":1,"href":"https:\/\/gazdasagportal.hu\/index.php\/wp-json\/wp\/v2\/posts\/42279\/revisions"}],"predecessor-version":[{"id":42280,"href":"https:\/\/gazdasagportal.hu\/index.php\/wp-json\/wp\/v2\/posts\/42279\/revisions\/42280"}],"wp:attachment":[{"href":"https:\/\/gazdasagportal.hu\/index.php\/wp-json\/wp\/v2\/media?parent=42279"}],"wp:term":[{"taxonomy":"category","embeddable":true,"href":"https:\/\/gazdasagportal.hu\/index.php\/wp-json\/wp\/v2\/categories?post=42279"},{"taxonomy":"post_tag","embeddable":true,"href":"https:\/\/gazdasagportal.hu\/index.php\/wp-json\/wp\/v2\/tags?post=42279"}],"curies":[{"name":"wp","href":"https:\/\/api.w.org\/{rel}","templated":true}]}}