{"id":42256,"date":"2014-08-23T04:04:54","date_gmt":"2014-08-23T02:04:54","guid":{"rendered":"http:\/\/stockportal.hu\/?p=42256"},"modified":"2014-08-22T19:22:38","modified_gmt":"2014-08-22T17:22:38","slug":"ukran-valsag-nyt-orosz-tuzersegi-alakulatok-ukrajnaban","status":"publish","type":"post","link":"https:\/\/gazdasagportal.hu\/index.php\/ukran-valsag-nyt-orosz-tuzersegi-alakulatok-ukrajnaban\/","title":{"rendered":"Ukr\u00e1n v\u00e1ls\u00e1g &#8211; NYT: Orosz t\u00fcz\u00e9rs\u00e9gi alakulatok Ukrajn\u00e1ban"},"content":{"rendered":"<p><strong>Az orosz hadsereg orosz szem\u00e9lyzettel t\u00fcz\u00e9rs\u00e9gi alakulatokat k\u00fcld\u00f6tt ukr\u00e1n ter\u00fcletre az elm\u00falt napokban, \u00e9s az ukr\u00e1n er\u0151k l\u00f6vet\u00e9s\u00e9re haszn\u00e1lja \u0151ket &#8211; mondt\u00e1k NATO-illet\u00e9kesek a The New York Times c\u00edm\u0171 amerikai lapnak p\u00e9nteken.<\/strong><!--more--><br \/>\n<div class=\"ads-in-post1\"><div id=\"gazdasagportal.hu_fullbanner_wideboard\"><\/div>\r\n<\/div>\n<p>A Nyugat r\u00e9g\u00f3ta v\u00e1dolja Oroszorsz\u00e1got a kelet-ukrajnai szeparatist\u00e1k t\u00e1mogat\u00e1s\u00e1val, de ez az els\u0151 eset, hogy azt mondja: bizony\u00edt\u00e9ka van az orosz hadsereg k\u00f6zvetlen beavatkoz\u00e1s\u00e1ra.<br \/>\nAz orosz l\u00e9p\u00e9s a Kreml beavatkoz\u00e1s\u00e1nak jelent\u0151s fokoz\u00e1s\u00e1val \u00e9r fel, \u00e9s \u00e9ppen akkor t\u00f6rt\u00e9nik, amikor orosz teheraut\u00f3k seg\u00e9lykonvoja haladt \u00e1t ukr\u00e1n ter\u00fcletre Kijev enged\u00e9lye n\u00e9lk\u00fcl.<br \/>\nAugusztus k\u00f6zepe \u00f3ta a NATO t\u00f6bb jelent\u00e9st kapott az orosz er\u0151k k\u00f6zvetlen beavatkoz\u00e1s\u00e1r\u00f3l, &#8222;bele\u00e9rtve deszantosokat, l\u00e9gv\u00e9delmet \u00e9s k\u00fcl\u00f6nleges m\u0171veleti er\u0151ket Kelet-Ukrajn\u00e1ban&#8221; &#8211; id\u00e9zte a lap Oana Lungescu NATO-sz\u00f3viv\u0151t.<br \/>\n&#8222;Az orosz t\u00fcz\u00e9rs\u00e9gi t\u00e1mogat\u00e1st a hat\u00e1ron kereszt\u00fcl \u00e9s Ukrajn\u00e1n bel\u00fcl is haszn\u00e1lj\u00e1k az ukr\u00e1n fegyveres er\u0151k ellen&#8221; &#8211; tette hozz\u00e1.(MTI)<br \/>\n<a title=\"Hely megnyit\u00e1sa\" href=\"http:\/\/www.nytimes.com\/2014\/08\/23\/world\/europe\/russia-moves-artillery-units-into-ukraine-nato-says.html?emc=edit_na_20140822\" target=\"_blank\" rel=\"noopener\">http:\/\/www.nytimes.com\/2014\/08\/23\/world\/europe\/russia-moves-artillery-units-into-ukraine-nato-says.html?emc=edit_na_20140822<\/a><\/p>\n","protected":false},"excerpt":{"rendered":"<p>Az orosz hadsereg orosz szem\u00e9lyzettel t\u00fcz\u00e9rs\u00e9gi alakulatokat k\u00fcld\u00f6tt ukr\u00e1n ter\u00fcletre az elm\u00falt napokban, \u00e9s az ukr\u00e1n er\u0151k l\u00f6vet\u00e9s\u00e9re haszn\u00e1lja \u0151ket &#8211; mondt\u00e1k NATO-illet\u00e9kesek a The New York Times c\u00edm\u0171 amerikai lapnak p\u00e9nteken.<\/p>\n","protected":false},"author":1,"featured_media":0,"comment_status":"open","ping_status":"closed","sticky":false,"template":"","format":"standard","meta":[],"categories":[139],"tags":[],"_links":{"self":[{"href":"https:\/\/gazdasagportal.hu\/index.php\/wp-json\/wp\/v2\/posts\/42256"}],"collection":[{"href":"https:\/\/gazdasagportal.hu\/index.php\/wp-json\/wp\/v2\/posts"}],"about":[{"href":"https:\/\/gazdasagportal.hu\/index.php\/wp-json\/wp\/v2\/types\/post"}],"author":[{"embeddable":true,"href":"https:\/\/gazdasagportal.hu\/index.php\/wp-json\/wp\/v2\/users\/1"}],"replies":[{"embeddable":true,"href":"https:\/\/gazdasagportal.hu\/index.php\/wp-json\/wp\/v2\/comments?post=42256"}],"version-history":[{"count":1,"href":"https:\/\/gazdasagportal.hu\/index.php\/wp-json\/wp\/v2\/posts\/42256\/revisions"}],"predecessor-version":[{"id":42257,"href":"https:\/\/gazdasagportal.hu\/index.php\/wp-json\/wp\/v2\/posts\/42256\/revisions\/42257"}],"wp:attachment":[{"href":"https:\/\/gazdasagportal.hu\/index.php\/wp-json\/wp\/v2\/media?parent=42256"}],"wp:term":[{"taxonomy":"category","embeddable":true,"href":"https:\/\/gazdasagportal.hu\/index.php\/wp-json\/wp\/v2\/categories?post=42256"},{"taxonomy":"post_tag","embeddable":true,"href":"https:\/\/gazdasagportal.hu\/index.php\/wp-json\/wp\/v2\/tags?post=42256"}],"curies":[{"name":"wp","href":"https:\/\/api.w.org\/{rel}","templated":true}]}}