{"id":42243,"date":"2014-08-22T17:09:48","date_gmt":"2014-08-22T15:09:48","guid":{"rendered":"http:\/\/stockportal.hu\/?p=42243"},"modified":"2014-08-22T17:41:58","modified_gmt":"2014-08-22T15:41:58","slug":"fed-elnok-meg-nem-allt-talpra-teljesen-az-amerikai-munkaeropiac","status":"publish","type":"post","link":"https:\/\/gazdasagportal.hu\/index.php\/fed-elnok-meg-nem-allt-talpra-teljesen-az-amerikai-munkaeropiac\/","title":{"rendered":"Fed-eln\u00f6k: m\u00e9g nem \u00e1llt talpra teljesen az amerikai munkaer\u0151piac"},"content":{"rendered":"<p><strong>B\u00e1tor\u00edt\u00f3ak az amerikai munkaer\u0151piacon az elm\u00falt id\u0151szakban bek\u00f6vetkezett v\u00e1ltoz\u00e1sok, de a recesszi\u00f3 \u00fct\u00f6tte sebek m\u00e9g nem gy\u00f3gyultak be teljesen &#8211; mondta az amerikai jegybankrendszer (Fed) eln\u00f6ke p\u00e9nteken az egyes\u00fclt \u00e1llamokbeli Jackson Hole-ban.<\/strong><!--more--><br \/>\n<div class=\"ads-in-post1\"><div id=\"gazdasagportal.hu_fullbanner_wideboard\"><\/div>\r\n<\/div>\n<p>    Janet Yellen ezzel feltehet\u0151en arra utalt, hogy indokolt a Fed laza monet\u00e1ris politik\u00e1j\u00e1nak a folytat\u00e1sa. Ez azt jelenti, hogy a gazdas\u00e1g\u00e9l\u00e9nk\u00edt\u0151 c\u00e9l\u00fa eszk\u00f6zv\u00e1s\u00e1rl\u00e1sok &#8211; az \u00fagynevezett &#8222;mennyis\u00e9gi enyh\u00edt\u00e9s&#8221; &#8211; okt\u00f3beri kifut\u00e1sa ut\u00e1n m\u00e9g sz\u00fcks\u00e9g lesz a csaknem hat \u00e9ve t\u00f6rt\u00e9nelmi m\u00e9lyponton l\u00e9v\u0151, z\u00e9r\u00f3 k\u00f6zeli amerikai alapkamat fenntart\u00e1s\u00e1ra.<br \/>\n    A Fed-eln\u00f6knek a Wyoming \u00e1llambeli hegyi \u00fcd\u00fcl\u0151helyen kezd\u0151d\u00f6tt nemzetk\u00f6zi konferenci\u00e1n elmondott besz\u00e9d\u00e9t fesz\u00fclten v\u00e1rt\u00e1k a piacok szerte a vil\u00e1gon.<br \/>\n    A Fednek azt kell eld\u00f6ntenie, az amerikai munkaer\u0151piac javul\u00e1sa \u00e9s az infl\u00e1ci\u00f3 gyorsul\u00e1sa indokol-e a piac \u00e1ltal v\u00e1rt 2015 ny\u00e1ri id\u0151pontn\u00e1l kor\u00e1bbi kamatemel\u00e9st.<br \/>\n    Az int\u00e9zm\u00e9ny p\u00e9nz\u00fcgypolitikai tan\u00e1csa, a ny\u00edltpiaci bizotts\u00e1g (FOMC) legut\u00f3bbi, j\u00falius v\u00e9gi \u00e9rtekezlet\u00e9nek jegyz\u0151k\u00f6nyv\u00e9b\u0151l, amelyet szerd\u00e1n hoztak nyilv\u00e1noss\u00e1gra Washingtonban, az der\u00fclt ki: \u00e9lesedik az ellent\u00e9t a kamatemel\u00e9si ciklus megkezd\u00e9s\u00e9t s\u00fcrget\u0151 &#8222;h\u00e9j\u00e1k&#8221;, \u00e9s az \u00f3vatos &#8222;galambok&#8221; k\u00f6z\u00f6tt. Megfigyel\u0151k szerint egyel\u0151re ez ut\u00f3bbiak vannak t\u00f6bbs\u00e9gben, \u00e9s ebbe a t\u00e1borba sorolj\u00e1k Janet Yellen Fed-eln\u00f6k\u00f6t is.<br \/>\n    A &#8222;h\u00e9ja&#8221; t\u00e1bor egyik hangad\u00f3ja, James Bullard, a St. Louis-i Fed eln\u00f6ke p\u00e9nteken \u00fagy nyilatkozott, m\u00e1r 2015 els\u0151 negyed\u00e9v\u00e9nek a v\u00e9g\u00e9n meg lehetne kezdeni a kamatemel\u00e9st.<br \/>\n    A piacok az\u00e9rt is v\u00e1rt\u00e1k fesz\u00fclten Yellen besz\u00e9d\u00e9t, hogy abban lesz-e elmozdul\u00e1s a Fed-jegyz\u0151k\u00f6nyvb\u0151l kiolvashat\u00f3 \u00e1llapothoz k\u00e9pest. A Fed-eln\u00f6k azonban nem tett egyenes utal\u00e1st a v\u00e1rtn\u00e1l kor\u00e1bbi esetleges kamatemel\u00e9sre. Ehelyett azt fejtegette: a v\u00e1ls\u00e1g olyan elv\u00e1ltoz\u00e1sokat eredm\u00e9nyezett a munkaer\u0151piac m\u0171k\u00f6d\u00e9s\u00e9ben, hogy a Fednek nagyon neh\u00e9z meg\u00edt\u00e9lnie, egy\u00e1ltal\u00e1n milyen messze j\u00e1r az amerikai gazdas\u00e1g a Fed hivatalos c\u00e9lj\u00e1t\u00f3l, a teljes foglalkoztatotts\u00e1gt\u00f3l.<br \/>\n    Janet Yellen a munkapiaci negat\u00edvumok k\u00f6z\u00f6tt eml\u00edtette, hogy magas a hat h\u00f3napn\u00e1l hosszabb ideje \u00e1ll\u00e1stalanok ar\u00e1nya, \u00e9s megism\u00e9telte, hogy sokan vannak azok, akik r\u00e9szmunkaid\u0151ben dolgoznak, pedig teljes munkaid\u0151ben szeretn\u00e9nek.<br \/>\n    Besz\u00e9de v\u00e9g\u00e9n ugyanakkor a Fed-eln\u00f6k megjegyezte: a monet\u00e1ris politika &#8222;nincs k\u0151be v\u00e9sve&#8221;. Ha a munkaer\u0151piac a v\u00e1rtn\u00e1l gyorsabban javul vagy az infl\u00e1ci\u00f3 a v\u00e1rtn\u00e1l nagyobb \u00fctemben gyorsul, akkor a tervezettn\u00e9l hamarabb j\u00f6het a kamatemel\u00e9s, \u00e9s ugyan\u00edgy, ha a gazdas\u00e1g teljes\u00edtm\u00e9nye csal\u00f3d\u00e1st kelt, \u00e9s lelassul a k\u00f6zeled\u00e9s a jegybank c\u00e9lsz\u00e1maihoz, akkor a laza monet\u00e1ris politika folytat\u00e1sa fog t\u00fckr\u00f6z\u0151dni a kamatokban &#8211; mondta besz\u00e9d\u00e9ben Janet Yellen, az amerikai jegybankrendszer eln\u00f6ke.(MTI)<\/p>\n","protected":false},"excerpt":{"rendered":"<p>B\u00e1tor\u00edt\u00f3ak az amerikai munkaer\u0151piacon az elm\u00falt id\u0151szakban bek\u00f6vetkezett v\u00e1ltoz\u00e1sok, de a recesszi\u00f3 \u00fct\u00f6tte sebek m\u00e9g nem gy\u00f3gyultak be teljesen &#8211; mondta az amerikai jegybankrendszer (Fed) eln\u00f6ke p\u00e9nteken az egyes\u00fclt \u00e1llamokbeli Jackson Hole-ban.<\/p>\n","protected":false},"author":1,"featured_media":37435,"comment_status":"open","ping_status":"closed","sticky":false,"template":"","format":"standard","meta":[],"categories":[146,8],"tags":[],"_links":{"self":[{"href":"https:\/\/gazdasagportal.hu\/index.php\/wp-json\/wp\/v2\/posts\/42243"}],"collection":[{"href":"https:\/\/gazdasagportal.hu\/index.php\/wp-json\/wp\/v2\/posts"}],"about":[{"href":"https:\/\/gazdasagportal.hu\/index.php\/wp-json\/wp\/v2\/types\/post"}],"author":[{"embeddable":true,"href":"https:\/\/gazdasagportal.hu\/index.php\/wp-json\/wp\/v2\/users\/1"}],"replies":[{"embeddable":true,"href":"https:\/\/gazdasagportal.hu\/index.php\/wp-json\/wp\/v2\/comments?post=42243"}],"version-history":[{"count":2,"href":"https:\/\/gazdasagportal.hu\/index.php\/wp-json\/wp\/v2\/posts\/42243\/revisions"}],"predecessor-version":[{"id":42245,"href":"https:\/\/gazdasagportal.hu\/index.php\/wp-json\/wp\/v2\/posts\/42243\/revisions\/42245"}],"wp:featuredmedia":[{"embeddable":true,"href":"https:\/\/gazdasagportal.hu\/index.php\/wp-json\/wp\/v2\/media\/37435"}],"wp:attachment":[{"href":"https:\/\/gazdasagportal.hu\/index.php\/wp-json\/wp\/v2\/media?parent=42243"}],"wp:term":[{"taxonomy":"category","embeddable":true,"href":"https:\/\/gazdasagportal.hu\/index.php\/wp-json\/wp\/v2\/categories?post=42243"},{"taxonomy":"post_tag","embeddable":true,"href":"https:\/\/gazdasagportal.hu\/index.php\/wp-json\/wp\/v2\/tags?post=42243"}],"curies":[{"name":"wp","href":"https:\/\/api.w.org\/{rel}","templated":true}]}}