{"id":42205,"date":"2014-08-22T10:36:38","date_gmt":"2014-08-22T08:36:38","guid":{"rendered":"http:\/\/stockportal.hu\/?p=42205"},"modified":"2014-08-22T10:17:22","modified_gmt":"2014-08-22T08:17:22","slug":"gazai-konfliktus-sulyos-veszteseget-okozott-a-hamasznak-vezetoi-kivegzese","status":"publish","type":"post","link":"https:\/\/gazdasagportal.hu\/index.php\/gazai-konfliktus-sulyos-veszteseget-okozott-a-hamasznak-vezetoi-kivegzese\/","title":{"rendered":"G\u00e1zai konfliktus \u2013 S\u00falyos vesztes\u00e9get okozott a Ham\u00e1sznak vezet\u0151i kiv\u00e9gz\u00e9se"},"content":{"rendered":"<p><strong>S\u00falyos vesztes\u00e9get okozott Izrael a Ham\u00e1sznak katonai vezet\u0151i kiv\u00e9gz\u00e9s\u00e9vel &#8211; v\u00e9lekednek a p\u00e9nteki lapok Izraelben.<\/strong><!--more--><br \/>\n<div class=\"ads-in-post1\"><div id=\"gazdasagportal.hu_fullbanner_wideboard\"><\/div>\r\n<\/div>\n<p>    Egy H\u00e1led Mesaallal, a Ham\u00e1sz politikai vezet\u0151j\u00e9vel folytatott \u00e9s Izrael \u00e1ltal lehallgatott telefonbesz\u00e9lget\u00e9s vezette Mohamed ed-Deifnek, az Ezzedd\u00edn el-Kassz\u00e1m Brig\u00e1dok, a Ham\u00e1sz katonai sz\u00e1rnya vezet\u0151j\u00e9nek nyom\u00e1ra az izraeli h\u00edrszerz\u00e9st &#8211; \u00e1ll\u00edtotta p\u00e9nteken a Jiszr\u00e1\u00e9l Haj\u00f3m (Izrael Ma) c\u00edm\u0171 korm\u00e1nyk\u00f6zeli lap az al-Musztakbal c\u00edm\u0171 libanoni \u00fajs\u00e1g cikk\u00e9re hivatkozva.<br \/>\n    Mesaal Katarban megbesz\u00e9l\u00e9st folytatott Mahm\u00fad Abb\u00e1sz palesztin eln\u00f6kkel, aki megpr\u00f3b\u00e1lta r\u00e1venni az egyiptomi t\u0171zsz\u00fcneti javaslat elfogad\u00e1s\u00e1ra. Palesztin forr\u00e1sok szerint Mesaal s\u00fcrg\u0151sen meg akarta besz\u00e9lni Abb\u00e1sz aj\u00e1nlat\u00e1t Mohamed ed-Deiffel, ez\u00e9rt &#8211; a Ham\u00e1sz \u00f6sszes biztons\u00e1gi szab\u00e1ly\u00e1t felr\u00fagva &#8211; k\u00f6zvetlen vonal\u00e1n telefon\u00e1lt hozz\u00e1, amit Izrael lehallgathatott. A telefonh\u00edv\u00e1s alapj\u00e1n hat\u00e1rozt\u00e1k meg Deif tart\u00f3zkod\u00e1si hely\u00e9t. A g\u00e1zai \u00e9p\u00fcletet n\u00e9h\u00e1ny percen bel\u00fcl f\u00f6ldig rombolta az izraeli l\u00e9gier\u0151, tizennyolc ember, k\u00f6zt\u00fck Deif feles\u00e9ge \u00e9s gyermekei hal\u00e1l\u00e1t okozva.<br \/>\n    Deif tov\u00e1bbi sorsa, hal\u00e1la m\u00e9g mindig bizonytalan. Kedd \u00f3ta nem adott \u00e9letjelet mag\u00e1r\u00f3l, noha a Ham\u00e1sz t\u00f6bbsz\u00f6r is azt \u00e1ll\u00edtotta, hogy nem volt ott a lebomb\u00e1zott \u00e9p\u00fcletben. Cahi Hanegbi izraeli v\u00e9delmi miniszterhelyettes viszont p\u00e9ntek reggel a k\u00f6zszolg\u00e1lati r\u00e1di\u00f3ban \u00fagy nyilatkozott, hogy Deif val\u00f3sz\u00edn\u0171leg m\u00e1r nincs az \u00e9l\u0151k sor\u00e1ban, de ennek bizony\u00edt\u00e1s\u00e1hoz nincs a h\u00edrszerz\u00e9s \u00e1ltal el\u00e9rhet\u0151 elegend\u0151 bizony\u00edt\u00e9k.<br \/>\n    Alon Ben-D\u00e1vid, az izraeli 10-es t\u00e9v\u00e9csatorna katonai szak\u00e9rt\u0151je szerint a Deif elleni szerda hajnali likvid\u00e1l\u00e1si k\u00eds\u00e9rlet \u00f3ta idegess\u00e9g \u00e9s bizonytalans\u00e1g lett \u00farr\u00e1 a Ham\u00e1sz katonai sz\u00e1rny\u00e1nak vezet\u0151s\u00e9g\u00e9n. Ez oda vezetett, hogy cs\u00fct\u00f6rt\u00f6k hajnalban &#8211; a konspir\u00e1ci\u00f3 elemi szab\u00e1lyait megs\u00e9rtve &#8211; a szervezet h\u00e1rom legmagasabb parancsnoka szem\u00e9lyes tal\u00e1lkoz\u00f3t tartott egy rafahi \u00e9p\u00fcletben, \u00e9s val\u00f3sz\u00edn\u0171leg a Deif elt\u0171n\u00e9s\u00e9t k\u00f6vet\u0151 helyzetr\u0151l t\u00e1rgyalt. Az izraeli h\u00edrszerz\u00e9s tudom\u00e1st szerzett t\u00e1rgyal\u00e1sukr\u00f3l, \u00e9s az \u00e9p\u00fcletre r\u00f6vid id\u0151 alatt annyi bomb\u00e1t dobott le, hogy nem hagyott es\u00e9lyt a menek\u00fcl\u00e9sre.<br \/>\n    A Ham\u00e1sz volt g\u00e1zai minisztereln\u00f6k\u00e9nek, Iszm\u00e1il Han\u00edj\u00e9nek a cs\u00fct\u00f6rt\u00f6ki nyilatkozata szerint a szervezet t\u00f6rt\u00e9nete azt mutatja, hogy vezet\u0151inek likvid\u00e1l\u00e1sa csak meger\u0151s\u00edti \u0151ket. A Jedi\u00f3t Ahron\u00f3t szerint azonban az Ezzedd\u00edn el-Kassz\u00e1m Brig\u00e1dok vez\u00e9rkari f\u0151n\u00f6ks\u00e9ge majdnem fel\u00e9nek meg\u00f6l\u00e9se akkora v\u00e1kuumot teremtett a szervezet magas szintjein, hogy ennek bet\u00f6lt\u00e9se v\u00e1rhat\u00f3an hossz\u00fa id\u0151t ig\u00e9nyel.(MTI)<\/p>\n","protected":false},"excerpt":{"rendered":"<p>S\u00falyos vesztes\u00e9get okozott Izrael a Ham\u00e1sznak katonai vezet\u0151i kiv\u00e9gz\u00e9s\u00e9vel &#8211; v\u00e9lekednek a p\u00e9nteki lapok Izraelben.<\/p>\n","protected":false},"author":1,"featured_media":0,"comment_status":"open","ping_status":"closed","sticky":false,"template":"","format":"standard","meta":[],"categories":[16],"tags":[],"_links":{"self":[{"href":"https:\/\/gazdasagportal.hu\/index.php\/wp-json\/wp\/v2\/posts\/42205"}],"collection":[{"href":"https:\/\/gazdasagportal.hu\/index.php\/wp-json\/wp\/v2\/posts"}],"about":[{"href":"https:\/\/gazdasagportal.hu\/index.php\/wp-json\/wp\/v2\/types\/post"}],"author":[{"embeddable":true,"href":"https:\/\/gazdasagportal.hu\/index.php\/wp-json\/wp\/v2\/users\/1"}],"replies":[{"embeddable":true,"href":"https:\/\/gazdasagportal.hu\/index.php\/wp-json\/wp\/v2\/comments?post=42205"}],"version-history":[{"count":1,"href":"https:\/\/gazdasagportal.hu\/index.php\/wp-json\/wp\/v2\/posts\/42205\/revisions"}],"predecessor-version":[{"id":42206,"href":"https:\/\/gazdasagportal.hu\/index.php\/wp-json\/wp\/v2\/posts\/42205\/revisions\/42206"}],"wp:attachment":[{"href":"https:\/\/gazdasagportal.hu\/index.php\/wp-json\/wp\/v2\/media?parent=42205"}],"wp:term":[{"taxonomy":"category","embeddable":true,"href":"https:\/\/gazdasagportal.hu\/index.php\/wp-json\/wp\/v2\/categories?post=42205"},{"taxonomy":"post_tag","embeddable":true,"href":"https:\/\/gazdasagportal.hu\/index.php\/wp-json\/wp\/v2\/tags?post=42205"}],"curies":[{"name":"wp","href":"https:\/\/api.w.org\/{rel}","templated":true}]}}