{"id":42104,"date":"2014-08-21T00:34:35","date_gmt":"2014-08-20T22:34:35","guid":{"rendered":"http:\/\/stockportal.hu\/?p=42104"},"modified":"2014-08-21T00:34:35","modified_gmt":"2014-08-20T22:34:35","slug":"viragkarneval-almosd-kocsija-a-kolcsey-osszehoz-nyerte-a-debreceni-viragkarnevalt","status":"publish","type":"post","link":"https:\/\/gazdasagportal.hu\/index.php\/viragkarneval-almosd-kocsija-a-kolcsey-osszehoz-nyerte-a-debreceni-viragkarnevalt\/","title":{"rendered":"Vir\u00e1gkarnev\u00e1l &#8211; \u00c1lmosd kocsija, a K\u00f6lcsey \u00f6sszehoz nyerte a debreceni vir\u00e1gkarnev\u00e1lt"},"content":{"rendered":"<p><strong>A 45. Debreceni Vir\u00e1gkarnev\u00e1l k\u00f6z\u00f6ns\u00e9g \u00e1ltal legszebbnek \u00edt\u00e9lt vir\u00e1gkocsija &#8222;K\u00f6lcsey \u00f6sszehoz&#8221; c\u00edmmel \u00c1lmosd k\u00f6zs\u00e9g kompoz\u00edci\u00f3ja lett &#8211; jelentette be K\u00f3sa Lajos, Debrecen fideszes polg\u00e1rmestere szerda este a Nagyerdei Stadionban.<\/strong><!--more--><br \/>\n<div class=\"ads-in-post1\"><div id=\"gazdasagportal.hu_fullbanner_wideboard\"><\/div>\r\n<\/div>\n<p>    A Szt\u00e1rok \u00e9s Szirmok c\u00edmmel az id\u00e9n els\u0151 alkalommal megrendezett karnev\u00e1l\u00e9ji g\u00e1lam\u0171sor keret\u00e9ben a polg\u00e1rmester elmondta azt is, hogy a karnev\u00e1l d\u00edszvend\u00e9geib\u0151l \u00e1ll\u00f3 zs\u0171ri a karnev\u00e1lon ny\u00fajtott kimagasl\u00f3 m\u0171v\u00e9szeti teljes\u00edtm\u00e9ny\u00e9rt elnevez\u00e9s\u0171 d\u00edjat a debreceni Valcer T\u00e1ncst\u00fadi\u00f3nak \u00edt\u00e9lte.<br \/>\n    A d\u00edj\u00e1tad\u00e1sra a Herendi Porcel\u00e1nmanufakt\u00fara Zrt. k\u00e9t egyedi gy\u00e1rt\u00e1s\u00fa serleget k\u00e9sz\u00edtett, amelynek a meghat\u00e1rozott \u00e9rt\u00e9ke, darabonk\u00e9nt 500 ezer forint. K\u00f3sa Lajos \u00e9s Simon Attila, a Herendi Porcel\u00e1nmanufakt\u00fara Zrt. vez\u00e9rigazgat\u00f3ja a k\u00e9t serleget a nagyk\u00f6z\u00f6ns\u00e9g el\u0151tt adta \u00e1t a nyerteseknek a Nagyerdei Stadion Szt\u00e1rok \u00e9s Szirmok c\u00edm\u0171 m\u0171sor\u00e1ban.<br \/>\n    \u00c1lmosd k\u00f6zs\u00e9g vir\u00e1gkocsija, a &#8222;K\u00f6lcsey \u00f6sszehoz&#8221; c\u00edm\u0171 alkot\u00e1s a hagyom\u00e1nyok tisztelet\u00e9t, \u00e1pol\u00e1s\u00e1t, az \u00f6sszefog\u00e1st, a m\u00falt eml\u00e9keinek \u0151rz\u00e9s\u00e9t hivatott k\u00e9pviselni, tisztelegve ez\u00e1ltal a k\u00f6lt\u0151\u00f3ri\u00e1s szellemi hagyat\u00e9ka \u00e9s a Debreceni Vir\u00e1gkarnev\u00e1l 45 \u00e9ves m\u00faltja el\u0151tt &#8211; mondt\u00e1k a d\u00edjnyertes kompoz\u00edci\u00f3 meg\u00e1lmod\u00f3i.<br \/>\n    Eml\u00e9keztettek: a vir\u00e1gkarnev\u00e1l t\u00f6rt\u00e9net\u00e9ben el\u0151sz\u00f6r ind\u00edtott ilyen kistelep\u00fcl\u00e9s vir\u00e1gkocsit. A h\u00e1rom pegazus jelk\u00e9pezi a h\u00e1rom, K\u00f6lcsey Ferenc nev\u00e9hez szorosan kapcsol\u00f3d\u00f3 telep\u00fcl\u00e9st: Sz\u0151demetert, ahol a k\u00f6lt\u0151 sz\u00fcletett, \u00c1lmosdot, ahol igaz\u00e1n k\u00f6lt\u0151v\u00e9 v\u00e1lt \u00e9s ahol Magyarorsz\u00e1g egyetlen, a Himnusz \u00edr\u00f3j\u00e1hoz k\u00f6t\u0151d\u0151 \u00e9p\u00fclete \u00e1ll, \u00e9s Szatm\u00e1rcsek\u00e9t, ahol nyugszik.<br \/>\n    Az alkot\u00e1st Pik\u00f3 S\u00e1ndor k\u00e9pz\u0151m\u0171v\u00e9sz k\u00e9sz\u00edtette, a kocsit d\u00edsz\u00edt\u0151 vir\u00e1gok egy r\u00e9sz\u00e9t a telep\u00fcl\u00e9s k\u00f6zmunka program keret\u00e9ben termelte.<br \/>\n    A debreceni Valcer T\u00e1ncst\u00fadi\u00f3 megism\u00e9telt\u00e9k tavalyi siker\u00e9t, amikor szint\u00e9n \u0151k bizonyultak a legjobbnak. A st\u00fadi\u00f3 1992 \u00f3ta \u00e1lland\u00f3 r\u00e9sztvev\u0151je a karnev\u00e1lnak, az egy\u00fcttes c\u00e9lja a standard \u00e9s latin-amerikai t\u00e1ncok n\u00e9pszer\u0171s\u00edt\u00e9se a t\u00e1nciskolai t\u00e1ncok min\u00e9l sz\u00e9lesebb k\u00f6rben val\u00f3 megismertet\u00e9se.<br \/>\n    A Valcer T\u00e1ncst\u00fadi\u00f3 sz\u00e1mos egy\u00e9ni \u00e9s csoportos magyar bajnoki c\u00edmmel b\u00fcszk\u00e9lkedhet. A v\u00e1logatott keretbe tartoz\u00f3 valcerosok t\u00f6bbsz\u00f6r k\u00e9pviselt\u00e9k m\u00e1r Magyarorsz\u00e1got Eur\u00f3pa- \u00e9s vil\u00e1gbajnoks\u00e1gokon is. A Debrecen v\u00e1ros Csokonai-d\u00edj\u00e1val kit\u00fcntetett Valcer T\u00e1ncst\u00fadi\u00f3 m\u0171v\u00e9szeti iskol\u00e1ja a Magyar T\u00e1ncm\u0171v\u00e9szeti F\u0151iskola Partner Int\u00e9zm\u00e9nyek\u00e9nt bizony\u00edtv\u00e1nyt ad az ott v\u00e9gzetteknek.<br \/>\n    A karnev\u00e1li d\u00edjak \u00e1tad\u00e1sa ut\u00e1n 1500 r\u00e9sztvev\u0151vel nagyszab\u00e1s\u00fa karnev\u00e1l\u00e9ji g\u00e1la kezd\u0151d\u00f6tt a debreceni Nagyerdei Stadionban. A vir\u00e1gkarnev\u00e1l eg\u00e9sz napos programsorozata az Egyetem t\u00e9ren t\u0171zij\u00e1t\u00e9kkal \u00e9s hajnalig tart\u00f3 utcab\u00e1llal fejez\u0151dik be Debrecenben.(MTI)<\/p>\n","protected":false},"excerpt":{"rendered":"<p>A 45. Debreceni Vir\u00e1gkarnev\u00e1l k\u00f6z\u00f6ns\u00e9g \u00e1ltal legszebbnek \u00edt\u00e9lt vir\u00e1gkocsija &#8222;K\u00f6lcsey \u00f6sszehoz&#8221; c\u00edmmel \u00c1lmosd k\u00f6zs\u00e9g kompoz\u00edci\u00f3ja lett &#8211; jelentette be K\u00f3sa Lajos, Debrecen fideszes polg\u00e1rmestere szerda este a Nagyerdei Stadionban.<\/p>\n","protected":false},"author":1,"featured_media":0,"comment_status":"open","ping_status":"closed","sticky":false,"template":"","format":"standard","meta":[],"categories":[4],"tags":[],"_links":{"self":[{"href":"https:\/\/gazdasagportal.hu\/index.php\/wp-json\/wp\/v2\/posts\/42104"}],"collection":[{"href":"https:\/\/gazdasagportal.hu\/index.php\/wp-json\/wp\/v2\/posts"}],"about":[{"href":"https:\/\/gazdasagportal.hu\/index.php\/wp-json\/wp\/v2\/types\/post"}],"author":[{"embeddable":true,"href":"https:\/\/gazdasagportal.hu\/index.php\/wp-json\/wp\/v2\/users\/1"}],"replies":[{"embeddable":true,"href":"https:\/\/gazdasagportal.hu\/index.php\/wp-json\/wp\/v2\/comments?post=42104"}],"version-history":[{"count":1,"href":"https:\/\/gazdasagportal.hu\/index.php\/wp-json\/wp\/v2\/posts\/42104\/revisions"}],"predecessor-version":[{"id":42105,"href":"https:\/\/gazdasagportal.hu\/index.php\/wp-json\/wp\/v2\/posts\/42104\/revisions\/42105"}],"wp:attachment":[{"href":"https:\/\/gazdasagportal.hu\/index.php\/wp-json\/wp\/v2\/media?parent=42104"}],"wp:term":[{"taxonomy":"category","embeddable":true,"href":"https:\/\/gazdasagportal.hu\/index.php\/wp-json\/wp\/v2\/categories?post=42104"},{"taxonomy":"post_tag","embeddable":true,"href":"https:\/\/gazdasagportal.hu\/index.php\/wp-json\/wp\/v2\/tags?post=42104"}],"curies":[{"name":"wp","href":"https:\/\/api.w.org\/{rel}","templated":true}]}}