{"id":42102,"date":"2014-08-21T03:52:59","date_gmt":"2014-08-21T01:52:59","guid":{"rendered":"http:\/\/stockportal.hu\/?p=42102"},"modified":"2014-08-21T00:33:40","modified_gmt":"2014-08-20T22:33:40","slug":"ukran-valsag-ismet-lelottek-egy-ukran-szu-25-os-katonai-gepet-kelet-ukrajnaban","status":"publish","type":"post","link":"https:\/\/gazdasagportal.hu\/index.php\/ukran-valsag-ismet-lelottek-egy-ukran-szu-25-os-katonai-gepet-kelet-ukrajnaban\/","title":{"rendered":"Ukr\u00e1n v\u00e1ls\u00e1g &#8211; Ism\u00e9t lel\u0151ttek egy ukr\u00e1n Szu-25-\u00f6s katonai g\u00e9pet Kelet-Ukrajn\u00e1ban"},"content":{"rendered":"<p><strong>Oroszbar\u00e1t szakad\u00e1rok szerd\u00e1n lel\u0151ttek egy Szu-25-\u00f6s ukr\u00e1n katonai rep\u00fcl\u0151g\u00e9pet a kelet-ukrajnai Luhanszk v\u00e1rosa f\u00f6l\u00f6tt &#8211; er\u0151s\u00edtette meg egy esti \u00e9l\u0151 t\u00e9v\u00e9m\u0171sorban Andrij Liszenko, a Nemzetv\u00e9delmi \u00e9s Biztons\u00e1gi Tan\u00e1cs (RNBO) sz\u00f3viv\u0151je.<\/strong><!--more--><br \/>\n<div class=\"ads-in-post1\"><div id=\"gazdasagportal.hu_fullbanner_wideboard\"><\/div>\r\n<\/div>\n<p>    A tiszts\u00e9gvisel\u0151 k\u00f6z\u00f6lte, hogy a sz\u00e1razf\u00f6ldi er\u0151knek l\u00e9gi t\u00e1mogat\u00e1st ny\u00fajt\u00f3 csatarep\u00fcl\u0151g\u00e9pet feladata teljes\u00edt\u00e9se k\u00f6zben tal\u00e1lat \u00e9rte, ennek k\u00f6vetkezt\u00e9ben lezuhant. A g\u00e9p pil\u00f3t\u00e1j\u00e1r\u00f3l egyel\u0151re nincs h\u00edr. Liszenko rem\u00e9ny\u00e9t fejezte ki, hogy \u00e9ps\u00e9gben van.<br \/>\n    A Kelet-Ukrajn\u00e1ban foly\u00f3 &#8222;terrorellenes hadm\u0171velet&#8221; sor\u00e1n m\u00e1r nem az els\u0151 Szu-25-\u00f6s g\u00e9pet vesz\u00edti el az ukr\u00e1n l\u00e9gier\u0151. Legut\u00f3bb j\u00falius 23-\u00e1n a hivatalos ukr\u00e1n t\u00e1j\u00e9koztat\u00e1s szerint feltehet\u0151leg orosz ter\u00fcletr\u0151l ind\u00edtott rak\u00e9t\u00e1val k\u00e9t Szu-25-\u00f6s ukr\u00e1n csatarep\u00fcl\u0151t l\u0151ttek le Donyeck megy\u00e9ben, nem messze az orosz hat\u00e1rt\u00f3l.<br \/>\n    M\u00falt vas\u00e1rnap az ukr\u00e1n hadsereg egy MiG-29-es vad\u00e1szg\u00e9p\u00e9t l\u0151tt\u00e9k le szeparatist\u00e1k Luhanszk k\u00f6rny\u00e9k\u00e9n, m\u00falt cs\u00fct\u00f6rt\u00f6k\u00f6n pedig szint\u00e9n egy Mig-29-est Donyeck k\u00f6zel\u00e9ben.(MTI)<\/p>\n","protected":false},"excerpt":{"rendered":"<p>Oroszbar\u00e1t szakad\u00e1rok szerd\u00e1n lel\u0151ttek egy Szu-25-\u00f6s ukr\u00e1n katonai rep\u00fcl\u0151g\u00e9pet a kelet-ukrajnai Luhanszk v\u00e1rosa f\u00f6l\u00f6tt &#8211; er\u0151s\u00edtette meg egy esti \u00e9l\u0151 t\u00e9v\u00e9m\u0171sorban Andrij Liszenko, a Nemzetv\u00e9delmi \u00e9s Biztons\u00e1gi Tan\u00e1cs (RNBO) sz\u00f3viv\u0151je.<\/p>\n","protected":false},"author":1,"featured_media":0,"comment_status":"open","ping_status":"closed","sticky":false,"template":"","format":"standard","meta":[],"categories":[139],"tags":[],"_links":{"self":[{"href":"https:\/\/gazdasagportal.hu\/index.php\/wp-json\/wp\/v2\/posts\/42102"}],"collection":[{"href":"https:\/\/gazdasagportal.hu\/index.php\/wp-json\/wp\/v2\/posts"}],"about":[{"href":"https:\/\/gazdasagportal.hu\/index.php\/wp-json\/wp\/v2\/types\/post"}],"author":[{"embeddable":true,"href":"https:\/\/gazdasagportal.hu\/index.php\/wp-json\/wp\/v2\/users\/1"}],"replies":[{"embeddable":true,"href":"https:\/\/gazdasagportal.hu\/index.php\/wp-json\/wp\/v2\/comments?post=42102"}],"version-history":[{"count":1,"href":"https:\/\/gazdasagportal.hu\/index.php\/wp-json\/wp\/v2\/posts\/42102\/revisions"}],"predecessor-version":[{"id":42103,"href":"https:\/\/gazdasagportal.hu\/index.php\/wp-json\/wp\/v2\/posts\/42102\/revisions\/42103"}],"wp:attachment":[{"href":"https:\/\/gazdasagportal.hu\/index.php\/wp-json\/wp\/v2\/media?parent=42102"}],"wp:term":[{"taxonomy":"category","embeddable":true,"href":"https:\/\/gazdasagportal.hu\/index.php\/wp-json\/wp\/v2\/categories?post=42102"},{"taxonomy":"post_tag","embeddable":true,"href":"https:\/\/gazdasagportal.hu\/index.php\/wp-json\/wp\/v2\/tags?post=42102"}],"curies":[{"name":"wp","href":"https:\/\/api.w.org\/{rel}","templated":true}]}}