{"id":42098,"date":"2014-08-21T04:24:26","date_gmt":"2014-08-21T02:24:26","guid":{"rendered":"http:\/\/stockportal.hu\/?p=42098"},"modified":"2014-08-20T21:57:22","modified_gmt":"2014-08-20T19:57:22","slug":"kulfoldi-sajto-magyarorszagrol-der-standard-frankfurter-allgemeine-zeitung","status":"publish","type":"post","link":"https:\/\/gazdasagportal.hu\/index.php\/kulfoldi-sajto-magyarorszagrol-der-standard-frankfurter-allgemeine-zeitung\/","title":{"rendered":"K\u00fclf\u00f6ldi sajt\u00f3 Magyarorsz\u00e1gr\u00f3l &#8211; Der Standard, Frankfurter Allgemeine Zeitung"},"content":{"rendered":"<p><strong>A Der Standard c\u00edm\u0171 osztr\u00e1k lap Kert\u00e9sz Imre kit\u00fcntet\u00e9s\u00e9r\u0151l, a Frankfurter Allgemeine Zeitung az 1989-es p\u00e1neur\u00f3pai piknik \u00e9vfordul\u00f3j\u00e1n tartott megeml\u00e9kez\u00e9sekr\u0151l \u00edrt szerd\u00e1n.<\/strong><!--more--><br \/>\n<div class=\"ads-in-post1\"><div id=\"gazdasagportal.hu_fullbanner_wideboard\"><\/div>\r\n<\/div>\n<p>Baloldali \u00e9s liber\u00e1lis k\u00f6r\u00f6kben meg\u00fctk\u00f6z\u00e9st keltett, hogy Kert\u00e9sz Imre elfogadja az Orb\u00e1n-korm\u00e1nyt\u00f3l a legmagasabb magyar \u00e1llami d\u00edjat &#8211; \u00edrta a &#8222;Kert\u00e9sz Imre vitatott kit\u00fcntet\u00e9se&#8221; c\u00edm\u0171 \u00edr\u00e1s\u00e1ban a Der Standard c\u00edm\u0171 liber\u00e1lis osztr\u00e1k lap.<br \/>\nA lap \u00fagy fogalmazott, hogy a Szent Istv\u00e1n Rend oda\u00edt\u00e9l\u00e9se az\u00e9rt is figyelemrem\u00e9lt\u00f3, mert az Orb\u00e1n-korm\u00e1ny az \u00e1llami kit\u00fcntet\u00e9seket csaknem kiz\u00e1r\u00f3lag a Fidesz vagy a sz\u00e9ls\u0151s\u00e9ges Jobbik elk\u00f6telezettjeinek vagy legal\u00e1bb politik\u00e1t\u00f3l f\u00fcggetleneknek osztotta. Kert\u00e9sz Imr\u00e9t az &#8222;Orb\u00e1n- \u00e9s a Jobbik-f\u00e9le m\u00e9diumokban&#8221; rendszeresen r\u00e1galmazt\u00e1k, magyarorsz\u00e1gi hovatartoz\u00e1s\u00e1t megk\u00e9rd\u0151jelezt\u00e9k &#8211; \u00edrta budapesti tud\u00f3s\u00edt\u00e1s\u00e1ban Gregor Mayer. A szerz\u0151 megjegyezte: m\u00edg Kert\u00e9sz Imre saj\u00e1t nyelvezet\u00e9vel felveti, addig az &#8222;Orb\u00e1n-\u00e1llam&#8221; tagadja \u00e9s elnyomja a felel\u0151ss\u00e9get a magyar holokauszt\u00e9rt.<br \/>\n<a title=\"Hely megnyit\u00e1sa\" href=\"http:\/\/derstandard.at\/2000004519605\/Umstrittene-Ehrung-fuer-Autor-Kertesz\" target=\"_blank\" rel=\"noopener\">http:\/\/derstandard.at\/2000004519605\/Umstrittene-Ehrung-fuer-Autor-Kertesz<\/a><br \/>\nA Frankfurter Allgemeine Zeitung (FAZ) c\u00edm\u0171 konzervat\u00edv n\u00e9met lap a p\u00e1neur\u00f3pai piknik 25. \u00e9vfordul\u00f3j\u00e1n tartott rendezv\u00e9nyekr\u0151l k\u00f6z\u00f6lt \u00f6ssze\u00e1ll\u00edt\u00e1st.<br \/>\nA Sopronpuszta felett az \u00e9g c\u00edm\u0171 \u00edr\u00e1s szerz\u0151je, Stephan L\u00f6wenstein kiemelte, hogy huszon\u00f6t \u00e9vvel a p\u00e1neur\u00f3pai piknik ut\u00e1n t\u00f6bb elbesz\u00e9l\u00e9s \u00e9l az esem\u00e9nyekr\u0151l, \u00e9s ezek r\u00e9szben kieg\u00e9sz\u00edtik egym\u00e1st, r\u00e9szben ellentmondanak egym\u00e1snak. Ugyanakkor a p\u00e1neur\u00f3pai piknik t\u00f6rt\u00e9nelmi jelent\u0151s\u00e9g\u00e9nek meg\u00edt\u00e9l\u00e9se egys\u00e9ges, \u00e9s ez mutatkozott meg az \u00e9vfordul\u00f3n elhangzott \u00fcnnepi besz\u00e9dekben is.<br \/>\nA FAZ szerz\u0151je \u00fagy v\u00e9lekedett: azon k\u00edv\u00fcl, hogy a szervez\u0151k a magyar ellenz\u00e9kb\u0151l nem h\u00edvtak meg senkit, politikai \u00e9rtelemben csup\u00e1n Balog Zolt\u00e1n besz\u00e9de volt &#8222;figyelemre m\u00e9lt\u00f3&#8221;, amelyben az emberi er\u0151forr\u00e1sok minisztere &#8222;f\u00e1jlalta a br\u00fcsszeli \u00e9s a n\u00e9metorsz\u00e1gi \u00e9rtetlens\u00e9get&#8221; a magyar korm\u00e1nynak azzal a t\u00f6rekv\u00e9s\u00e9vel kapcsolatban, hogy \u00faj utakra l\u00e9pve a szabads\u00e1g \u00e9s a demokr\u00e1cia mellett a t\u00e1rsadalmi igazs\u00e1goss\u00e1got is megval\u00f3s\u00edtsa Eur\u00f3p\u00e1ban.(MTI)<\/p>\n","protected":false},"excerpt":{"rendered":"<p>A Der Standard c\u00edm\u0171 osztr\u00e1k lap Kert\u00e9sz Imre kit\u00fcntet\u00e9s\u00e9r\u0151l, a Frankfurter Allgemeine Zeitung az 1989-es p\u00e1neur\u00f3pai piknik \u00e9vfordul\u00f3j\u00e1n tartott megeml\u00e9kez\u00e9sekr\u0151l \u00edrt szerd\u00e1n.<\/p>\n","protected":false},"author":1,"featured_media":0,"comment_status":"open","ping_status":"closed","sticky":false,"template":"","format":"standard","meta":[],"categories":[18],"tags":[],"_links":{"self":[{"href":"https:\/\/gazdasagportal.hu\/index.php\/wp-json\/wp\/v2\/posts\/42098"}],"collection":[{"href":"https:\/\/gazdasagportal.hu\/index.php\/wp-json\/wp\/v2\/posts"}],"about":[{"href":"https:\/\/gazdasagportal.hu\/index.php\/wp-json\/wp\/v2\/types\/post"}],"author":[{"embeddable":true,"href":"https:\/\/gazdasagportal.hu\/index.php\/wp-json\/wp\/v2\/users\/1"}],"replies":[{"embeddable":true,"href":"https:\/\/gazdasagportal.hu\/index.php\/wp-json\/wp\/v2\/comments?post=42098"}],"version-history":[{"count":1,"href":"https:\/\/gazdasagportal.hu\/index.php\/wp-json\/wp\/v2\/posts\/42098\/revisions"}],"predecessor-version":[{"id":42099,"href":"https:\/\/gazdasagportal.hu\/index.php\/wp-json\/wp\/v2\/posts\/42098\/revisions\/42099"}],"wp:attachment":[{"href":"https:\/\/gazdasagportal.hu\/index.php\/wp-json\/wp\/v2\/media?parent=42098"}],"wp:term":[{"taxonomy":"category","embeddable":true,"href":"https:\/\/gazdasagportal.hu\/index.php\/wp-json\/wp\/v2\/categories?post=42098"},{"taxonomy":"post_tag","embeddable":true,"href":"https:\/\/gazdasagportal.hu\/index.php\/wp-json\/wp\/v2\/tags?post=42098"}],"curies":[{"name":"wp","href":"https:\/\/api.w.org\/{rel}","templated":true}]}}