{"id":42091,"date":"2014-08-21T04:10:21","date_gmt":"2014-08-21T02:10:21","guid":{"rendered":"http:\/\/stockportal.hu\/?p=42091"},"modified":"2014-08-20T21:51:01","modified_gmt":"2014-08-20T19:51:01","slug":"ukran-valsag-ukran-ellenorzes-ala-vontak-egy-varost-donyecknel-aldozatok","status":"publish","type":"post","link":"https:\/\/gazdasagportal.hu\/index.php\/ukran-valsag-ukran-ellenorzes-ala-vontak-egy-varost-donyecknel-aldozatok\/","title":{"rendered":"Ukr\u00e1n v\u00e1ls\u00e1g &#8211; Ukr\u00e1n ellen\u0151rz\u00e9s al\u00e1 vontak egy v\u00e1rost Donyeckn\u00e9l, \u00e1ldozatok"},"content":{"rendered":"<p><strong>Az ukr\u00e1n fegyveres er\u0151k ellen\u0151rz\u00e9s\u00fck al\u00e1 vont\u00e1k a Donyeck k\u00f6zel\u00e9ben l\u00e9v\u0151 Ilovajszk v\u00e1ros\u00e1t &#8211; k\u00f6z\u00f6lte szerd\u00e1n a Nemzeti G\u00e1rda sajt\u00f3szolg\u00e1lata.<\/strong><!--more--><br \/>\n<div class=\"ads-in-post1\"><div id=\"gazdasagportal.hu_fullbanner_wideboard\"><\/div>\r\n<\/div>\n<p>    A k\u00f6zlem\u00e9ny szerint noha a v\u00e1rost teljesen ellen\u0151rz\u00e9s\u00fck al\u00e1 vont\u00e1k, m\u00e9g nem hagyta el azt az \u00f6sszes szeparatista. Azok, akik a telep\u00fcl\u00e9sen maradtak, ellent\u00e1mad\u00e1sokat ind\u00edtanak. A kulcsfontoss\u00e1g\u00fa v\u00e1ros elfoglal\u00e1sa \u00f3ta h\u00e1rom ellent\u00e1mad\u00e1st vertek vissza a korm\u00e1nyer\u0151k.<br \/>\n    Anton Herascsenko, az ukr\u00e1n bel\u00fcgyminiszter tan\u00e1csad\u00f3ja kijevi sajt\u00f3t\u00e1j\u00e9koztat\u00f3j\u00e1n k\u00f6z\u00f6lte, hogy eddig nyolc szeparatist\u00e1t fogtak el Ilovajszkban, k\u00f6zt\u00fck egy Oroszorsz\u00e1gban j\u00f3l ismert k\u00f6lt\u0151t. Jurij Jurcsenko \u00e1ll\u00edt\u00f3lag P\u00e1rizsb\u00f3l \u00e9rkezett Kelet-Ukrajn\u00e1ba, hogy a szakad\u00e1rok oldal\u00e1n harcoljon.<br \/>\n    A Donyeck megyei korm\u00e1nyz\u00f3s\u00e1g adatai szerint az elm\u00falt 24 \u00f3r\u00e1ban 34 civil vesztette \u00e9let\u00e9t \u00e9s 29 sebes\u00fclt meg a harcok k\u00f6vetkezt\u00e9ben. A Nemzetv\u00e9delmi \u00e9s Biztons\u00e1gi Tan\u00e1cs sz\u00f3viv\u0151je pedig k\u00f6z\u00f6lte, hogy egy nap alatt kilenc katona esett el \u00e9s 22 sebes\u00fclt meg &#8222;a terrorellenes hadm\u0171velet&#8221; \u00f6vezet\u00e9ben. Andrij Liszenko kijevi sajt\u00f3t\u00e1j\u00e9koztat\u00f3j\u00e1n besz\u00e1molt arr\u00f3l, hogy a szakad\u00e1rok a Donyeck melletti Makijivka lak\u00f3\u00f6vezeteit \u00e9s ipari l\u00e9tes\u00edtm\u00e9nyeit l\u0151tt\u00e9k t\u00fcz\u00e9rs\u00e9ggel. Hozz\u00e1tette, hogy a t\u00e1mad\u00e1snak civil \u00e1ldozatai is vannak, de pontos sz\u00e1mot nem k\u00f6z\u00f6lt. Elmondta, hogy az egyik lak\u00f3negyed kell\u0151s k\u00f6zep\u00e9n \u00e1stak l\u00f6v\u00e9sz\u00e1rkot a szeparatist\u00e1k, ami tiltakoz\u00e1st v\u00e1ltott ki az ott lak\u00f3k k\u00f6r\u00e9ben.<br \/>\n    A sz\u00f3viv\u0151 t\u00e1j\u00e9koztat\u00e1sa szerint tov\u00e1bbra is heves harcok folynak Luhanszk k\u00f6zel\u00e9ben azon a ter\u00fcleten, ahol k\u00e9t napja rak\u00e9tacsap\u00e1s \u00e9rt egy menek\u00fclteket sz\u00e1ll\u00edt\u00f3 konvojt. K\u00f6z\u00f6lte, hogy a jelenlegi inform\u00e1ci\u00f3k alapj\u00e1n 17 menek\u00fclt vesztette \u00e9let\u00e9t, hat s\u00e9r\u00fcltet, k\u00f6zt\u00fck h\u00e1rom s\u00falyos \u00e1llapot\u00fat a luhutinei k\u00f3rh\u00e1zban \u00e1polnak.<br \/>\n    Liszenko szavai szerint jelenleg t\u00edz kelet-ukrajnai v\u00e1ros\u00e9rt folytatnak offenz\u00edv\u00e1t az ukr\u00e1n fegyveres er\u0151k. Felsorol\u00e1sa szerint harcok folynak az &#8222;Oroszorsz\u00e1g \u00e1ltal felb\u00e9relt zsoldosokkal&#8221; szemben a k\u00e9t megyesz\u00e9khelyen, Donyeckben \u00e9s Luhanszkban, tov\u00e1bb\u00e1 Ilovajszk, Krasznij Lucs, Sahtarszk, Torez, Sznyizsne, Zuhresz, Horlivka \u00e9s Sztanicja Luhanszka teljes &#8222;felszabad\u00edt\u00e1s\u00e1\u00e9rt&#8221;.(MTI)<\/p>\n","protected":false},"excerpt":{"rendered":"<p>Az ukr\u00e1n fegyveres er\u0151k ellen\u0151rz\u00e9s\u00fck al\u00e1 vont\u00e1k a Donyeck k\u00f6zel\u00e9ben l\u00e9v\u0151 Ilovajszk v\u00e1ros\u00e1t &#8211; k\u00f6z\u00f6lte szerd\u00e1n a Nemzeti G\u00e1rda sajt\u00f3szolg\u00e1lata.<\/p>\n","protected":false},"author":1,"featured_media":0,"comment_status":"open","ping_status":"closed","sticky":false,"template":"","format":"standard","meta":[],"categories":[139],"tags":[],"_links":{"self":[{"href":"https:\/\/gazdasagportal.hu\/index.php\/wp-json\/wp\/v2\/posts\/42091"}],"collection":[{"href":"https:\/\/gazdasagportal.hu\/index.php\/wp-json\/wp\/v2\/posts"}],"about":[{"href":"https:\/\/gazdasagportal.hu\/index.php\/wp-json\/wp\/v2\/types\/post"}],"author":[{"embeddable":true,"href":"https:\/\/gazdasagportal.hu\/index.php\/wp-json\/wp\/v2\/users\/1"}],"replies":[{"embeddable":true,"href":"https:\/\/gazdasagportal.hu\/index.php\/wp-json\/wp\/v2\/comments?post=42091"}],"version-history":[{"count":1,"href":"https:\/\/gazdasagportal.hu\/index.php\/wp-json\/wp\/v2\/posts\/42091\/revisions"}],"predecessor-version":[{"id":42092,"href":"https:\/\/gazdasagportal.hu\/index.php\/wp-json\/wp\/v2\/posts\/42091\/revisions\/42092"}],"wp:attachment":[{"href":"https:\/\/gazdasagportal.hu\/index.php\/wp-json\/wp\/v2\/media?parent=42091"}],"wp:term":[{"taxonomy":"category","embeddable":true,"href":"https:\/\/gazdasagportal.hu\/index.php\/wp-json\/wp\/v2\/categories?post=42091"},{"taxonomy":"post_tag","embeddable":true,"href":"https:\/\/gazdasagportal.hu\/index.php\/wp-json\/wp\/v2\/tags?post=42091"}],"curies":[{"name":"wp","href":"https:\/\/api.w.org\/{rel}","templated":true}]}}