{"id":42081,"date":"2014-08-21T04:04:08","date_gmt":"2014-08-21T02:04:08","guid":{"rendered":"http:\/\/stockportal.hu\/?p=42081"},"modified":"2014-08-20T21:44:56","modified_gmt":"2014-08-20T19:44:56","slug":"washington-szerint-hiteles-az-ujsagiro-lefejezeserol-kozzetett-felvetel","status":"publish","type":"post","link":"https:\/\/gazdasagportal.hu\/index.php\/washington-szerint-hiteles-az-ujsagiro-lefejezeserol-kozzetett-felvetel\/","title":{"rendered":"Washington szerint hiteles az \u00fajs\u00e1g\u00edr\u00f3 lefejez\u00e9s\u00e9r\u0151l k\u00f6zz\u00e9tett felv\u00e9tel"},"content":{"rendered":"<p><strong>Hiteles a James Foley amerikai \u00fajs\u00e1g\u00edr\u00f3 lefejez\u00e9s\u00e9r\u0151l k\u00f6zz\u00e9tett videofelv\u00e9tel &#8211; k\u00f6z\u00f6lte szerd\u00e1n Caitlin Hayden, a Feh\u00e9r H\u00e1z Nemzetbiztons\u00e1gi Tan\u00e1cs\u00e1nak sz\u00f3viv\u0151je.<\/strong><!--more--><br \/>\n<div class=\"ads-in-post1\"><div id=\"gazdasagportal.hu_fullbanner_wideboard\"><\/div>\r\n<\/div>\n<p>    Foleyt a mag\u00e1t Iszl\u00e1m \u00c1llamnak (I\u00c1) nevez\u0151 sz\u00e9ls\u0151s\u00e9ges szunnita er\u0151 egy brit akcentussal besz\u00e9l\u0151, arc\u00e1t fekete kend\u0151vel elfed\u0151 embere \u00f6lte meg a felv\u00e9tel tan\u00fas\u00e1ga szerint. Az interneten kedden megosztott k\u00e9psorokon szerepelt egy m\u00e1sik, ugyancsak az I\u00c1 fogs\u00e1g\u00e1ba ker\u00fclt amerikai \u00fajs\u00e1g\u00edr\u00f3, Steven Sotloff is, akit Foley gyilkosa szerint szint\u00e9n ki fognak v\u00e9gezni, ha Barack Obama amerikai eln\u00f6k nem \u00e1ll\u00edtja le a sz\u00e9ls\u0151s\u00e9gesek elleni l\u00e9gicsap\u00e1sokat.<br \/>\n    Hayden kijelentette, az amerikai h\u00edrszerz\u0151 szervek elemezt\u00e9k a Foleyt \u00e9s Sotloffot \u00e1br\u00e1zol\u00f3 felv\u00e9teleket, \u00e9s arra a meg\u00e1llap\u00edt\u00e1sra jutottak, hogy val\u00f3diak. A Pentagon k\u00f6zl\u00e9se szerint a harci g\u00e9pekkel \u00e9s dr\u00f3nokkal folytatott amerikai katonai m\u0171veletek a gyilkoss\u00e1g ellen\u00e9re is folytat\u00f3dnak majd. Moszul k\u00f6rny\u00e9k\u00e9n a nap folyam\u00e1n tizenk\u00e9t l\u00e9gicsap\u00e1st hajtottak v\u00e9gre.<br \/>\n    Ban Ki Mun, az ENSZ f\u0151titk\u00e1ra sz\u00f3viv\u0151je r\u00e9v\u00e9n szerd\u00e1n a lehet\u0151 leghat\u00e1rozottabban el\u00edt\u00e9lte a &#8222;gyal\u00e1zatos&#8221; gyilkoss\u00e1got, amely r\u00e1ir\u00e1ny\u00edtotta a figyelmet az I\u00c1 &#8222;Sz\u00edria \u00e9s Irak lakoss\u00e1ga ellen folytatott terrorkamp\u00e1ny\u00e1ra&#8221;.<br \/>\n    Az \u00fcggyel kapcsolatban hamarosan nyilatkozni fog &#8211; az egy\u00e9bk\u00e9nt szabads\u00e1g\u00e1t t\u00f6lt\u0151 &#8211; Obama eln\u00f6k is.<br \/>\n(MTI)<\/p>\n","protected":false},"excerpt":{"rendered":"<p>Hiteles a James Foley amerikai \u00fajs\u00e1g\u00edr\u00f3 lefejez\u00e9s\u00e9r\u0151l k\u00f6zz\u00e9tett videofelv\u00e9tel &#8211; k\u00f6z\u00f6lte szerd\u00e1n Caitlin Hayden, a Feh\u00e9r H\u00e1z Nemzetbiztons\u00e1gi Tan\u00e1cs\u00e1nak sz\u00f3viv\u0151je.<\/p>\n","protected":false},"author":1,"featured_media":0,"comment_status":"open","ping_status":"closed","sticky":false,"template":"","format":"standard","meta":[],"categories":[16],"tags":[],"_links":{"self":[{"href":"https:\/\/gazdasagportal.hu\/index.php\/wp-json\/wp\/v2\/posts\/42081"}],"collection":[{"href":"https:\/\/gazdasagportal.hu\/index.php\/wp-json\/wp\/v2\/posts"}],"about":[{"href":"https:\/\/gazdasagportal.hu\/index.php\/wp-json\/wp\/v2\/types\/post"}],"author":[{"embeddable":true,"href":"https:\/\/gazdasagportal.hu\/index.php\/wp-json\/wp\/v2\/users\/1"}],"replies":[{"embeddable":true,"href":"https:\/\/gazdasagportal.hu\/index.php\/wp-json\/wp\/v2\/comments?post=42081"}],"version-history":[{"count":1,"href":"https:\/\/gazdasagportal.hu\/index.php\/wp-json\/wp\/v2\/posts\/42081\/revisions"}],"predecessor-version":[{"id":42082,"href":"https:\/\/gazdasagportal.hu\/index.php\/wp-json\/wp\/v2\/posts\/42081\/revisions\/42082"}],"wp:attachment":[{"href":"https:\/\/gazdasagportal.hu\/index.php\/wp-json\/wp\/v2\/media?parent=42081"}],"wp:term":[{"taxonomy":"category","embeddable":true,"href":"https:\/\/gazdasagportal.hu\/index.php\/wp-json\/wp\/v2\/categories?post=42081"},{"taxonomy":"post_tag","embeddable":true,"href":"https:\/\/gazdasagportal.hu\/index.php\/wp-json\/wp\/v2\/tags?post=42081"}],"curies":[{"name":"wp","href":"https:\/\/api.w.org\/{rel}","templated":true}]}}