{"id":42076,"date":"2014-08-20T21:41:25","date_gmt":"2014-08-20T19:41:25","guid":{"rendered":"http:\/\/stockportal.hu\/?p=42076"},"modified":"2014-08-20T21:41:25","modified_gmt":"2014-08-20T19:41:25","slug":"fellobbant-a-szolidaritas-tuze-debrecenben","status":"publish","type":"post","link":"https:\/\/gazdasagportal.hu\/index.php\/fellobbant-a-szolidaritas-tuze-debrecenben\/","title":{"rendered":"Fellobbant a szolidarit\u00e1s t\u00fcze Debrecenben"},"content":{"rendered":"<p><strong>Meggy\u00fajtott\u00e1k a szolidarit\u00e1s t\u00fcz\u00e9t szerda este Debrecenben, a v\u00e1ros ezzel a K\u00fclf\u00f6ldi Magyar Cserk\u00e9szsz\u00f6vets\u00e9g kezdem\u00e9nyez\u00e9s\u00e9hez csatlakozott &#8211; k\u00f6z\u00f6lte Becsky Tibor, az \u00f6nkorm\u00e1nyzat fideszes k\u00e9pvisel\u0151je az MTI-vel.<\/strong><!--more--><br \/>\n<div class=\"ads-in-post1\"><div id=\"gazdasagportal.hu_fullbanner_wideboard\"><\/div>\r\n<\/div>\n<p>    A K\u00fclf\u00f6ldi Magyar Cserk\u00e9szsz\u00f6vets\u00e9g kezdem\u00e9nyez\u00e9s\u00e9re imm\u00e1r t\u00edz \u00e9ve, hogy a F\u00f6ld minden magyarok \u00e1ltal lakott r\u00e9sz\u00e9n fell\u00e1ngolnak a t\u00e1bort\u00fczek Szent Istv\u00e1n napj\u00e1n &#8211; mondta.<br \/>\n    &#8222;Ez a l\u00e1ng eml\u00e9keztessen mindannyiunkat a sz\u00e9tsz\u00f3rts\u00e1gunkra \u00e9s az egy\u00fctt\u00e9rz\u00e9s\u00fcnkre, arra, hogy a trianoni hat\u00e1rokon k\u00edv\u00fcli \u00e9s az itthoni magyars\u00e1g egy napra a vil\u00e1g minden pontj\u00e1n, legal\u00e1bb l\u00e9lekben egym\u00e1sra tal\u00e1ljon&#8221; &#8211; fogalmazott.<br \/>\n    A t\u00e1bort\u00fczet a debreceni Nagyerd\u0151ben l\u00e9v\u0151 Sz\u00e9kelyek ter\u00e9n, a Wass Albert-szoborn\u00e1l gy\u00fajtott\u00e1k meg, eml\u00e9kezve azokra is, akik &#8222;\u00fcld\u00f6ztet\u00e9st, megveret\u00e9st, jogfoszt\u00e1st szenvednek el ma is magyars\u00e1guk\u00e9rt&#8221; &#8211; mondta Becsky Tibor.(MTI)<\/p>\n","protected":false},"excerpt":{"rendered":"<p>Meggy\u00fajtott\u00e1k a szolidarit\u00e1s t\u00fcz\u00e9t szerda este Debrecenben, a v\u00e1ros ezzel a K\u00fclf\u00f6ldi Magyar Cserk\u00e9szsz\u00f6vets\u00e9g kezdem\u00e9nyez\u00e9s\u00e9hez csatlakozott &#8211; k\u00f6z\u00f6lte Becsky Tibor, az \u00f6nkorm\u00e1nyzat fideszes k\u00e9pvisel\u0151je az MTI-vel.<\/p>\n","protected":false},"author":1,"featured_media":0,"comment_status":"open","ping_status":"closed","sticky":false,"template":"","format":"standard","meta":[],"categories":[4],"tags":[],"_links":{"self":[{"href":"https:\/\/gazdasagportal.hu\/index.php\/wp-json\/wp\/v2\/posts\/42076"}],"collection":[{"href":"https:\/\/gazdasagportal.hu\/index.php\/wp-json\/wp\/v2\/posts"}],"about":[{"href":"https:\/\/gazdasagportal.hu\/index.php\/wp-json\/wp\/v2\/types\/post"}],"author":[{"embeddable":true,"href":"https:\/\/gazdasagportal.hu\/index.php\/wp-json\/wp\/v2\/users\/1"}],"replies":[{"embeddable":true,"href":"https:\/\/gazdasagportal.hu\/index.php\/wp-json\/wp\/v2\/comments?post=42076"}],"version-history":[{"count":1,"href":"https:\/\/gazdasagportal.hu\/index.php\/wp-json\/wp\/v2\/posts\/42076\/revisions"}],"predecessor-version":[{"id":42077,"href":"https:\/\/gazdasagportal.hu\/index.php\/wp-json\/wp\/v2\/posts\/42076\/revisions\/42077"}],"wp:attachment":[{"href":"https:\/\/gazdasagportal.hu\/index.php\/wp-json\/wp\/v2\/media?parent=42076"}],"wp:term":[{"taxonomy":"category","embeddable":true,"href":"https:\/\/gazdasagportal.hu\/index.php\/wp-json\/wp\/v2\/categories?post=42076"},{"taxonomy":"post_tag","embeddable":true,"href":"https:\/\/gazdasagportal.hu\/index.php\/wp-json\/wp\/v2\/tags?post=42076"}],"curies":[{"name":"wp","href":"https:\/\/api.w.org\/{rel}","templated":true}]}}