{"id":42074,"date":"2014-08-20T21:02:41","date_gmt":"2014-08-20T19:02:41","guid":{"rendered":"http:\/\/stockportal.hu\/?p=42074"},"modified":"2014-08-20T21:02:41","modified_gmt":"2014-08-20T19:02:41","slug":"iszlam-allam-obama-kozos-erofeszitest-surget","status":"publish","type":"post","link":"https:\/\/gazdasagportal.hu\/index.php\/iszlam-allam-obama-kozos-erofeszitest-surget\/","title":{"rendered":"Iszl\u00e1m \u00c1llam &#8211; Obama k\u00f6z\u00f6s er\u0151fesz\u00edt\u00e9st s\u00fcrget"},"content":{"rendered":"<p><strong>A K\u00f6zel-Kelet korm\u00e1nyainak \u00e9s n\u00e9peinek k\u00f6z\u00f6s er\u0151fesz\u00edt\u00e9ssel kell elt\u00e1vol\u00edtaniuk azt a &#8222;r\u00e1kot&#8221;, amelyet az Iszl\u00e1m \u00c1llam terrorista csoport jelent, megakad\u00e1lyozva annak tov\u00e1bbterjed\u00e9s\u00e9t, Amerika pedig fell\u00e9p az \u00e1llampolg\u00e1rai v\u00e9delm\u00e9ben &#8211; jelentette ki szerd\u00e1n Barack Obama amerikai eln\u00f6k.<\/strong><!--more--><br \/>\n<div class=\"ads-in-post1\"><div id=\"gazdasagportal.hu_fullbanner_wideboard\"><\/div>\r\n<\/div>\n<p>    Az eln\u00f6k nyilatkozat\u00e1val arra reag\u00e1lt, hogy az Iszl\u00e1m \u00c1llam (I\u00c1) nev\u0171 sz\u00e9ls\u0151s\u00e9ges er\u0151 egyik tagja lefejezte James Foley amerikai \u00fajs\u00e1g\u00edr\u00f3t, \u00e9s az err\u0151l k\u00e9sz\u00fclt videofelv\u00e9telt kedden k\u00f6zz\u00e9tett\u00e9k az interneten.<br \/>\n    &#8222;Az eg\u00e9sz vil\u00e1got megd\u00f6bbentette Jim Foley brut\u00e1lis meggyilkol\u00e1sa&#8221; &#8211; monda Barack Obama.<br \/>\n    Az eln\u00f6k hangs\u00falyozta, Amerika tov\u00e1bbra is mindent megtesz, amit meg kell tennie az amerikaiak v\u00e9delm\u00e9ben \u00e9s azok felel\u0151ss\u00e9gre von\u00e1s\u00e1\u00e9rt, akik \u00e1rtottak nekik.<br \/>\n    &#8222;\u00c9berek lesz\u00fcnk \u00e9s engesztelhetetlenek&#8221; &#8211; mondta, r\u00e1mutatva, hogy az Egyes\u00fclt \u00c1llamok bar\u00e1taival \u00e9s sz\u00f6vets\u00e9geseivel egy\u00fctt fog fell\u00e9pni a terrorszervezet ellen a k\u00f6z\u00f6s biztons\u00e1g \u00e9rdek\u00e9ben a terrorizmussal szemben\u00e1ll\u00f3 k\u00f6z\u00f6s \u00e9rt\u00e9krend alapj\u00e1n.<br \/>\n     &#8222;Egy dologban egyet\u00e9rthet\u00fcnk, hogy egy olyan csoportnak, mint az Iszl\u00e1m \u00c1llam, nincs helye a 21. sz\u00e1zadban&#8221; &#8211; mondta.<br \/>\n    Obama szerint a terrorszervezet egyetlen vall\u00e1s nev\u00e9ben sem besz\u00e9lhet, ideol\u00f3gi\u00e1ja cs\u0151dbe jutott, mert nincs olyan igazs\u00e1gos isten, amely igazolhatn\u00e1 az I\u00c1 \u00e1ltal elk\u00f6vetett gyilkoss\u00e1got, mint ahogy a Sz\u00edri\u00e1ban \u00e9s Irakban \u00e1rtatlanok ellen t\u00f6megesen elk\u00f6vetett egy\u00e9b atrocit\u00e1sokat sem, amelyek \u00e1ldozatai &#8211; kereszt\u00e9nyek \u00e9s m\u00e1s vall\u00e1si kisebbs\u00e9gek k\u00e9pvisel\u0151i mellett &#8211; els\u0151sorban muszlimok.<br \/>\n    &#8222;A c\u00e9lszer\u0171s\u00e9g kedv\u00e9\u00e9rt \u00e1ll\u00edtj\u00e1k azt, hogy h\u00e1bor\u00faban \u00e1llnak az Egyes\u00fclt \u00c1llamokkal vagy a Nyugattal, \u00e1m a t\u00e9ny az, hogy szomsz\u00e9djaikat terroriz\u00e1lj\u00e1k, \u00e9s semmi m\u00e1st sem k\u00edn\u00e1lnak fel nekik, mint az \u00fcres \u00e1br\u00e1ndk\u00e9p\u00fck ir\u00e1nti v\u00e9gtelen rabszolgas\u00e1got \u00e9s a civiliz\u00e1lt magatart\u00e1s \u00f6sszeoml\u00e1s\u00e1t&#8221; &#8211; mondta.<br \/>\n    A ny\u00e1ri szabads\u00e1g\u00e1t a massachusettsi Martha&#8217;s Vineyard szigeten t\u00f6lt\u0151 Barack Obama elmondta, hogy kifejezte r\u00e9szv\u00e9t\u00e9t a meggyilkolt \u00fajs\u00e1g\u00edr\u00f3 csal\u00e1dj\u00e1nak.<br \/>\n    Egy n\u00e9v n\u00e9lk\u00fcl nyilatkoz\u00f3 amerikai hivatalos szem\u00e9ly szerd\u00e1n Washingtonban kijelentette: a Pentagonban fontol\u00f3ra vett\u00e9k, hogy tov\u00e1bbi katon\u00e1kat vez\u00e9nyeljenek Irakba, els\u0151sorban a Bagdad k\u00f6rny\u00e9ki biztons\u00e1g meger\u0151s\u00edt\u00e9se \u00e9rdek\u00e9ben. A lehets\u00e9ges er\u0151s\u00edt\u00e9s l\u00e9tsz\u00e1ma 300 f\u0151 alatti lehet majd.(MTI)<\/p>\n","protected":false},"excerpt":{"rendered":"<p>A K\u00f6zel-Kelet korm\u00e1nyainak \u00e9s n\u00e9peinek k\u00f6z\u00f6s er\u0151fesz\u00edt\u00e9ssel kell elt\u00e1vol\u00edtaniuk azt a &#8222;r\u00e1kot&#8221;, amelyet az Iszl\u00e1m \u00c1llam terrorista csoport jelent, megakad\u00e1lyozva annak tov\u00e1bbterjed\u00e9s\u00e9t, Amerika pedig fell\u00e9p az \u00e1llampolg\u00e1rai v\u00e9delm\u00e9ben &#8211; jelentette ki szerd\u00e1n Barack Obama amerikai eln\u00f6k.<\/p>\n","protected":false},"author":1,"featured_media":0,"comment_status":"open","ping_status":"closed","sticky":false,"template":"","format":"standard","meta":[],"categories":[16],"tags":[],"_links":{"self":[{"href":"https:\/\/gazdasagportal.hu\/index.php\/wp-json\/wp\/v2\/posts\/42074"}],"collection":[{"href":"https:\/\/gazdasagportal.hu\/index.php\/wp-json\/wp\/v2\/posts"}],"about":[{"href":"https:\/\/gazdasagportal.hu\/index.php\/wp-json\/wp\/v2\/types\/post"}],"author":[{"embeddable":true,"href":"https:\/\/gazdasagportal.hu\/index.php\/wp-json\/wp\/v2\/users\/1"}],"replies":[{"embeddable":true,"href":"https:\/\/gazdasagportal.hu\/index.php\/wp-json\/wp\/v2\/comments?post=42074"}],"version-history":[{"count":1,"href":"https:\/\/gazdasagportal.hu\/index.php\/wp-json\/wp\/v2\/posts\/42074\/revisions"}],"predecessor-version":[{"id":42075,"href":"https:\/\/gazdasagportal.hu\/index.php\/wp-json\/wp\/v2\/posts\/42074\/revisions\/42075"}],"wp:attachment":[{"href":"https:\/\/gazdasagportal.hu\/index.php\/wp-json\/wp\/v2\/media?parent=42074"}],"wp:term":[{"taxonomy":"category","embeddable":true,"href":"https:\/\/gazdasagportal.hu\/index.php\/wp-json\/wp\/v2\/categories?post=42074"},{"taxonomy":"post_tag","embeddable":true,"href":"https:\/\/gazdasagportal.hu\/index.php\/wp-json\/wp\/v2\/tags?post=42074"}],"curies":[{"name":"wp","href":"https:\/\/api.w.org\/{rel}","templated":true}]}}