{"id":42064,"date":"2014-08-20T18:27:29","date_gmt":"2014-08-20T16:27:29","guid":{"rendered":"http:\/\/stockportal.hu\/?p=42064"},"modified":"2014-08-20T18:28:38","modified_gmt":"2014-08-20T16:28:38","slug":"forex-tozsde-deviza-arany-olaj-technikai-es-fundamentalis-elemzese-2014-08-20","status":"publish","type":"post","link":"https:\/\/gazdasagportal.hu\/index.php\/forex-tozsde-deviza-arany-olaj-technikai-es-fundamentalis-elemzese-2014-08-20\/","title":{"rendered":"Forex, t\u0151zsde, deviza, arany, olaj technikai \u00e9s fundament\u00e1lis elemz\u00e9se \u2013 2014.08.20"},"content":{"rendered":"<p><strong>A doll\u00e1r \u00e1ltal\u00e1noss\u00e1gban er\u0151s\u00f6d\u00f6tt A doll\u00e1r az \u00e1ltalunk k\u00f6vetett majdnem minden deviz\u00e1hoz k\u00e9pest er\u0151s\u00f6d\u00f6tt az elm\u00falt 24 \u00f3r\u00e1ban.<\/strong><!--more--><br \/>\n<div class=\"ads-in-post1\"><div id=\"gazdasagportal.hu_fullbanner_wideboard\"><\/div>\r\n<\/div>\n<p><strong><a title=\"IronFX\" href=\"https:\/\/www.ironfx.com\/hu\/forex-demo-competition?utm_source=631980&amp;utm_medium=ib_link&amp;utm_campaign=IB\" target=\"_blank\" rel=\"noopener\"><strong>IronFX<\/strong><\/a>\u00a0napi elemz\u00e9s:<\/strong><\/p>\n<ul>\n<li><strong>A doll\u00e1r \u00e1ltal\u00e1noss\u00e1gban er\u0151s\u00f6d\u00f6tt<\/strong>\u00a0A doll\u00e1r az \u00e1ltalunk k\u00f6vetett majdnem minden deviz\u00e1hoz k\u00e9pest er\u0151s\u00f6d\u00f6tt az elm\u00falt 24 \u00f3r\u00e1ban. A j\u00faliusi \u00faj lak\u00e1s\u00e9p\u00edt\u00e9sek \u00e9s \u00e9p\u00edt\u00e9si enged\u00e9lyek tegnap bejelentett sokkal kedvez\u0151bb adatai &#8211; amelyek a kedvez\u0151 NAHB hangulatindex ut\u00e1n l\u00e1ttak napvil\u00e1got &#8211; biztosabb\u00e1 tett\u00e9k a piacot annak tekintet\u00e9ben, hogy a Fed val\u00f3sz\u00edn\u0171leg hamarosan megkezdi a kamatl\u00e1bak emel\u00e9s\u00e9t. A Fed eln\u00f6ke, Janet Yellen \u00f3vatoss\u00e1gra int\u0151 okk\u00e9nt id\u00e9zte a lak\u00e1spiac gyenges\u00e9g\u00e9t legut\u00f3bb. P\u00e9ld\u00e1ul a Kongresszus el\u0151tt a m\u00falt h\u00f3napban tartott besz\u00e1mol\u00f3j\u00e1ban elmondta, hogy a lak\u00e1spiac \u201ea k\u00f6zelm\u00faltban enyhe javul\u00e1st mutatott\u201d, valamint \u201eaz idei adatok \u00e1ltal\u00e1noss\u00e1gban v\u00e9ve csal\u00f3d\u00e1st kelt\u0151ek\u201d. Ha a lak\u00e1spiaci helyzet ism\u00e9t javul\u00f3 trendet mutat, akkor ism\u00e9t elh\u00e1rul egy akad\u00e1ly a megszor\u00edt\u00e1s el\u0151l.<\/li>\n<li>Az AUD gyeng\u00fclt, miel\u0151tt az Ausztr\u00e1l Nemzeti Bank korm\u00e1nyz\u00f3ja, Glenn Stevens f\u00e9l\u00e9ves besz\u00e1mol\u00f3j\u00e1t tartotta a K\u00e9pvisel\u0151h\u00e1z Gazdas\u00e1gi Bizotts\u00e1ga el\u0151tt. Mik\u00f6zben nagyj\u00e1b\u00f3l elism\u00e9telte a k\u00f6zelm\u00faltbeli RBA \u00e9rtekezlet jegyz\u0151k\u00f6nyv\u00e9ben kifejtett, gazdas\u00e1gi n\u00f6veked\u00e9sr\u0151l sz\u00f3l\u00f3 n\u00e9zet\u00e9t, majd hozz\u00e1tette, hogy az AUD jelent\u0151s gyeng\u00fcl\u00e9s\u00e9nek kock\u00e1zata \u201eal\u00e1becs\u00fclt\u201d, valamint elmondta, hogy az er\u0151s\u00f6d\u00e9st megakad\u00e1lyoz\u00f3 beavatkoz\u00e1s az RBA \u201eeszk\u00f6zk\u00e9szlet\u00e9nek\u201d r\u00e9sze marad. Mindazon\u00e1ltal az AUD valamelyest er\u0151s\u00f6d\u00f6tt besz\u00e9d\u00e9t k\u00f6vet\u0151en, besz\u00e9d\u00e9nek megkezd\u00e9s\u00e9hez viszony\u00edtva, val\u00f3sz\u00edn\u0171leg az\u00e9rt, mert lemin\u0151s\u00edtette a tov\u00e1bbi monet\u00e1ris k\u00f6nny\u00edt\u00e9s hasznoss\u00e1g\u00e1t ezen a ponton. Tov\u00e1bbra is \u00fagy \u00e9rzem, hogy az AUD t\u00fal\u00e9rt\u00e9kelt \u00e9s val\u00f3sz\u00edn\u0171leg gyeng\u00fclni fog.<\/li>\n<li>Jap\u00e1n j\u00faliusi kereskedelmim\u00e9rleg-deficitje szezon\u00e1lisan korrig\u00e1lt b\u00e1zison nagyr\u00e9szt v\u00e1ltozatlan volt a j\u00faniusihoz k\u00e9pest, de a v\u00e1rtn\u00e1l sokkal kedvez\u0151tlenebb volt. Az export megfelel\u0151 volt \u00e9s emelked\u00e9se nagyj\u00e1b\u00f3l megfelelt a v\u00e1rakoz\u00e1soknak; a meglepet\u00e9st az import okozta, amely a v\u00e1rt cs\u00f6kken\u00e9s helyett emelkedett. Az orsz\u00e1g folytonosan fenn\u00e1ll\u00f3 kereskedelmim\u00e9rleg-deficitje az egyik oka annak, hogy szerintem a jen val\u00f3sz\u00edn\u0171leg tov\u00e1bbi gyeng\u00fcl\u00e9s el\u00e9be n\u00e9z. Az adatok enyhe hat\u00e1st gyakoroltak a k\u00f6zz\u00e9t\u00e9telkor, de miut\u00e1n az EUR\/USD p\u00e1r \u00e1tt\u00f6rte az 1,3330-as t\u00e1maszszintet, az USD\/JPY p\u00e1r jelent\u0151sen emelkedett, \u00e9s el\u00e9rte a J\u00falius 30-i maximum szintet (103,09), ami \u00e1ltal el\u0151k\u00e9sz\u00edtette a terepet a tov\u00e1bbi er\u0151s\u00f6d\u00e9shez.<\/li>\n<li>Mai mutat\u00f3sz\u00e1mok: Az eur\u00f3pai nap sor\u00e1n k\u00f6zz\u00e9teszik a n\u00e9met j\u00faliusi termel\u0151i \u00e1rindexet; az el\u0151rejelz\u00e9s szerint az \u00fctem havi szinten \u00e9s \u00e9ves szinten is v\u00e1ltozatlan marad.<\/li>\n<li>Az Egyes\u00fclt Kir\u00e1lys\u00e1gban a Bank of England k\u00f6zz\u00e9teszi jegyz\u0151k\u00f6nyv\u00e9t az augusztusi politikai \u00e9rtekezlet\u00e9r\u0151l. Miut\u00e1n a BoE korm\u00e1nyz\u00f3ja, Carney m\u00falt szerd\u00e1n elmondta, hogy a bizotts\u00e1g \u201ev\u00e9lem\u00e9nye sz\u00e9les sk\u00e1l\u00e1n mozog\u201d annak meg\u00edt\u00e9l\u00e9s\u00e9ben, hogy mekkora a t\u00e9r a gazdas\u00e1g tov\u00e1bbi n\u00f6veked\u00e9s\u00e9re an\u00e9lk\u00fcl, hogy annak inflat\u00f3rikus hat\u00e1sa lenne. Fokoz\u00f3dik annak val\u00f3sz\u00edn\u0171s\u00e9ge, hogy a jegyz\u0151k\u00f6nyvben elt\u00e9r\u0151 v\u00e9lem\u00e9nyeket l\u00e1thatunk. Ezt a n\u00e9zetet t\u00e1mogatta az is, hogy ezut\u00e1n a BoE vezet\u0151je szerepelt a Sunday Times lapban, miszerint \u00fagy nyilatkozott, hogy a Bank m\u00e1r azel\u0151tt emelheti a kamatl\u00e1bakat, miel\u0151tt l\u00e1tn\u00e1 a b\u00e9rek emelked\u00e9s\u00e9nek \u201et\u00e9ny\u00e9t\u201d. M\u00e1sr\u00e9szt a j\u00faliusi infl\u00e1ci\u00f3 lassul\u00e1sa az orsz\u00e1gban a k\u00f6zelm\u00faltban k\u00f6zz\u00e9tett kedvez\u0151tlen adatok mellett ellens\u00falyozt\u00e1k a megszor\u00edt\u00e1s-p\u00e1rti hangv\u00e9telt \u00e9s csal\u00f3d\u00e1st keltettek a piacon, \u00e9s a GBP gyeng\u00fclt. Ha nincs elt\u00e9r\u0151 v\u00e9lem\u00e9ny, az angol font v\u00e1rhat\u00f3an tov\u00e1bbi gyeng\u00fcl\u00e9s el\u00e9be n\u00e9z, mivel az Egyes\u00fclt Kir\u00e1lys\u00e1gban a k\u00f6zelm\u00faltbeli adatok kedvez\u0151tlenek voltak. Ha az \u00e9rtekezlet jegyz\u0151k\u00f6nyve enyh\u00edt\u00e9s-p\u00e1rti k\u00e9pet t\u00e1r el\u00e9nk, a p\u00e1r \u00c1prilis 7-e \u00f3ta el\u0151sz\u00f6r az 1,6600-os szint al\u00e1 cs\u00f6kkenhet.<\/li>\n<li>Az USA-ban az FOMC is k\u00f6zz\u00e9teszi jegyz\u0151k\u00f6nyv\u00e9t a legut\u00f3bbi \u00e9rtekezlet\u00e9r\u0151l. Az \u00e9rtekezletet k\u00f6vet\u0151 nyilatkozat nem tartalmazott jelent\u0151s m\u00f3dos\u00edt\u00e1sokat a politikai ir\u00e1nymutat\u00e1sban, de a hangv\u00e9tel mindazon\u00e1ltal a gazdas\u00e1g javul\u00e1s\u00e1nak megfelel\u0151en valamelyest megszor\u00edt\u00e1s-p\u00e1rtibb volt. Kider\u00fclt, hogy a Bizotts\u00e1g szerint mind az infl\u00e1ci\u00f3t, mind pedig a foglalkoztat\u00e1st tekintve k\u00f6zelednek c\u00e9ljaik el\u00e9r\u00e9s\u00e9hez. Ez\u00e9rt a jegyz\u0151k\u00f6nyv meger\u0151s\u00edtheti a stabil fejl\u0151d\u00e9s gondolat\u00e1t \u00e9s ism\u00e9t fellend\u00edtheti az amerikai doll\u00e1r rallyj\u00e1t. Ugyanakkor a nyilatkozat kiemelte az FOMC azon \u201efejt\u00f6r\u00e9s\u00e9t\u201d, hogy mi is t\u00f6rt\u00e9nik val\u00f3j\u00e1ban a munkaer\u0151-piacon, mivel a k\u00fcl\u00f6nb\u00f6z\u0151 mutat\u00f3sz\u00e1mok elt\u00e9r\u0151 \u00e9rt\u00e9keket adnak. Azon vita, hogy mely mutat\u00f3sz\u00e1mok t\u00fckr\u00f6zik h\u0171en a munkaer\u0151-piaci helyzetet, val\u00f3j\u00e1ban a megszor\u00edt\u00e1s-p\u00e1rtiak \u00e9s az enyh\u00edt\u00e9s-p\u00e1rtiak k\u00f6z\u00f6tti vita, akik azon mutat\u00f3sz\u00e1mokat emelik ki, amelyek visszamutatnak saj\u00e1t n\u00e9zet\u00fckre. A szerdai jegyz\u0151k\u00f6nyvben tal\u00e1n tov\u00e1bbi r\u00e9szletek szerepelnek err\u0151l a vit\u00e1r\u00f3l, de azokat val\u00f3sz\u00edn\u0171leg be\u00e1rny\u00e9kolja az err\u0151l a prec\u00edz t\u00e9m\u00e1r\u00f3l sz\u00f3l\u00f3 szimp\u00f3zium a h\u00e9t h\u00e1tral\u00e9v\u0151 r\u00e9sz\u00e9ben, Jackson Hole-ban tartand\u00f3 szimp\u00f3ziumon. Ez a vita bizonyos m\u00e9rt\u00e9kben fokozhatja a doll\u00e1r er\u0151ss\u00e9g\u00e9t, mivel b\u00e1rmi, ami azt jelzi, hogy a munkaer\u0151-piac m\u00e9g mindig pang, felhaszn\u00e1lhat\u00f3 a kamatl\u00e1bak ann\u00e1l hosszabb ideig alacsony szinten val\u00f3 tart\u00e1s\u00e1hoz, minthogy azt a gyorsan cs\u00f6kken\u0151 munkan\u00e9lk\u00fclis\u00e9gi r\u00e1ta mag\u00e1ban indokoln\u00e1.<\/li>\n<li>Az MBA jelz\u00e1logk\u00f6lcs\u00f6n-ig\u00e9nyl\u00e9sek adat\u00e1t is publik\u00e1lj\u00e1k az augusztus 15-\u00e9n v\u00e9get \u00e9rt h\u00e9tre vonatkoz\u00f3an.Kanada k\u00f6zz\u00e9teszi a j\u00faniusi nagykereskedelmi \u00e9rt\u00e9kes\u00edt\u00e9st.<\/li>\n<li>A Norges Bank korm\u00e1nyz\u00f3ja, Oeystein Olsen besz\u00e9det tart.<\/li>\n<\/ul>\n<p>&nbsp;<\/p>\n<p><strong>Az EUR\/USD p\u00e1r lefel\u00e9 \u00e1tt\u00f6rte az 1,3330-as szintet<\/strong><\/p><div id=\"gazda-67529314\" class=\"gazda-tartalomban gazda-entity-placement\"><script async src=\"https:\/\/pagead2.googlesyndication.com\/pagead\/js\/adsbygoogle.js\"><\/script>\r\n<ins class=\"adsbygoogle\"\r\n     style=\"display:block\"\r\n     data-ad-format=\"fluid\"\r\n     data-ad-layout-key=\"-6t+ed+2i-1n-4w\"\r\n     data-ad-client=\"ca-pub-1959107119989764\"\r\n     data-ad-slot=\"4008251320\"><\/ins>\r\n<script>\r\n     (adsbygoogle = window.adsbygoogle || []).push({});\r\n<\/script><\/div>\n<p><span style=\"line-height: 1.5em;\">Az EUR\/USD p\u00e1r cs\u00f6kkent kedden, miut\u00e1n az USA-beli \u00faj lak\u00e1s\u00e9p\u00edt\u00e9sek \u00e9s \u00e9p\u00edt\u00e9si enged\u00e9lyek adata a v\u00e1rtn\u00e1l jobban emelkedett J\u00faliusban. A p\u00e1r lefel\u00e9 \u00e1tt\u00f6rte az 1,3330-as szintet (ellen\u00e1ll\u00e1sszintt\u00e9 v\u00e1lt t\u00e1maszszint), azon tartom\u00e1ny als\u00f3 hat\u00e1r\u00e1t, amelyben augusztus eleje \u00f3ta zajlik a keresked\u00e9s, \u00e9s most margin\u00e1lisan az 1,3300-as (S1) t\u00e1maszszint felett van, amelyet a 2013. november 7-i minimum szint jel\u00f6l. Ma k\u00f6zz\u00e9teszik a legut\u00f3bbi FOMC \u00e9rtekezlet jegyz\u0151k\u00f6nyv\u00e9t, \u00e9s ha a jegyz\u0151k\u00f6nyv beigazolja az \u00e9rtekezlet nyilatkozat\u00e1nak valamelyest megszor\u00edt\u00e1s-p\u00e1rtibb hangv\u00e9tel\u00e9t, az \u00e1rfolyam az 1,3300-as (S1) szint alatt z\u00e1rhat (tavaly szeptember \u00f3ta el\u0151sz\u00f6r). Egy ilyen jelleg\u0171 \u00e1tt\u00f6r\u00e9s el\u0151k\u00e9sz\u00edtheti a terepet a nagyobb, medve jelleg\u0171 hosszabb\u00edt\u00e1sokhoz, tal\u00e1n az 1,3200-es (S2) tartom\u00e1ny fel\u00e9. Am\u00edg a p\u00e1r a k\u00e9k cs\u00f6kken\u0151 tartom\u00e1nyban van, amely a napi grafikon maximum szintjeit \u00e9s minimum szintjeit k\u00f6ti \u00f6ssze, az \u00e1ltal\u00e1nos kil\u00e1t\u00e1s szerintem negat\u00edv marad.<\/span><\/p>\n<p>\u2022 T\u00e1masz: 1,3300 (S1), 1,3200 (S2), 1,3100 (S3).<\/p>\n<p>\u2022 Ellen\u00e1ll\u00e1s: 1,3330 (R1), 1,3415 (R2), 1,3445 (R3).<\/p>\n<p>&nbsp;<\/p>\n<p><strong>A GBP\/USD p\u00e1r \u00f6sszeomlott az Egyes\u00fclt Kir\u00e1lys\u00e1g fogyaszt\u00f3i \u00e1rindex\u00e9nek k\u00f6zz\u00e9t\u00e9tele ut\u00e1n<\/strong><\/p>\n<p><span style=\"line-height: 1.5em;\">A GBP\/USD p\u00e1r tegnap jelent\u0151sen esett, miut\u00e1n az Egyes\u00fclt Kir\u00e1lys\u00e1g fogyaszt\u00f3i \u00e1rindexe j\u00faliusban a v\u00e1rakoz\u00e1son fel\u00fcli \u00fctemben lassult. A GBP\/USD p\u00e1r visszat\u00e9rt az 1,6700-es szint al\u00e1, majd sikeresen \u00e1tt\u00f6rte a m\u00falt heti minimum szintet (1,6655). Ha a ma k\u00f6zz\u00e9teend\u0151, augusztusi BoE \u00e9rtekezlet jegyz\u0151k\u00f6nyve enyh\u00edt\u00e9s-p\u00e1rti hozz\u00e1\u00e1ll\u00e1st t\u00e1r el\u00e9nk, \u00e9s ha nem l\u00e1tunk legal\u00e1bb egy ellent\u00e9tes v\u00e9lem\u00e9nyt, a cs\u00f6kken\u00e9s v\u00e1rhat\u00f3an folytat\u00f3dik, \u00e9s megc\u00e9lozza az \u00e1prilis 4-ei minimum szintet (1,6550 &#8211; S1). Am\u00edg az \u00e1rfolyam alacsonyabb minimum szinteket \u00e9s alacsonyabb maximum szinteket \u00e9r el a k\u00e9k cs\u00f6kken\u0151 trendvonal \u00e9s mindk\u00e9t mozg\u00f3\u00e1tlag alatt, a r\u00f6vid t\u00e1v\u00fa ir\u00e1ny szerintem negat\u00edv. A napi grafikonon az \u00e1rfolyam a 80 napos exponenci\u00e1lis mozg\u00f3\u00e1tlag alatt marad, amely t\u00e1maszszintet biztos\u00edtott az \u00e1r mozg\u00e1s\u00e1nak minimum szintjeihez az el\u0151z\u0151 n\u00f6vekv\u0151 trend sor\u00e1n, fokozva a tov\u00e1bbi cs\u00f6kken\u00e9s val\u00f3sz\u00edn\u0171s\u00e9g\u00e9t a j\u00f6v\u0151ben.<\/span><\/p>\n<p>\u2022 T\u00e1masz: 1,6550 (S1), 1,6460 (S2), 1,6350 (S3).<\/p>\n<p>\u2022 Ellen\u00e1ll\u00e1s: 1,6655 (R1), 1,6700 (R2), 1,6755 (R3).<\/p>\n<p>&nbsp;<\/p>\n<p><strong>Az EUR\/JPY p\u00e1r visszapattant a 136,75-\u00f6s szint k\u00f6zel\u00e9ben<\/strong><\/p>\n<p><span style=\"line-height: 1.5em;\">Az EUR\/JPY p\u00e1r t\u00e1maszszintre tal\u00e1lt valamelyest a 136,75-\u00f6s (S1) t\u00e1maszszinti s\u00e1v felett, majd visszapattant, \u00e9s margin\u00e1lisan a lila cs\u00f6kken\u0151 tartom\u00e1ny fels\u0151 hat\u00e1ra alatt zajlott a keresked\u00e9s. B\u00e1r az \u00e1rfolyam a tartom\u00e1nyon bel\u00fcl marad, \u00e9s emiatt technikailag a cs\u00f6kken\u0151 \u00fatvonal \u00e9rv\u00e9nyben marad, egyel\u0151re a partvonalon maradok. Miut\u00e1n p\u00e9nteken tesztelte a tartom\u00e1ny fels\u0151 hat\u00e1r\u00e1t, az \u00e1rfolyam k\u00e9ptelen volt jelent\u0151sen cs\u00f6kkenni, majd t\u00e1maszszintre tal\u00e1lt a 136,75-\u00f6s (S1) szinten. Ennek eredm\u00e9nyek\u00e9ppen ez\u00fattal nem z\u00e1rhat\u00f3 ki a tartom\u00e1nyt elhagy\u00f3 mozg\u00e1s. A napi grafikonon az \u00e1rfolyam az 50 \u00e9s a 200 napos mozg\u00f3\u00e1tlag alatt marad, mik\u00f6zben \u00fagy t\u0171nik, hogy a 14 napos RSI hajland\u00f3 felfel\u00e9 \u00e1tt\u00f6rni az 50-es szintet, m\u00edg a napi MACD m\u00e1r ind\u00edt\u00f3 vonala felett van \u00e9s z\u00e9rus vonala fel\u00e9 tart. Ezen vegyes technikai t\u00e9nyez\u0151k el\u00e9g okot szolg\u00e1ltatnak arra, hogy egyel\u0151re semleges \u00e1ll\u00e1sponton maradjak.<\/span><\/p>\n<p>\u2022 T\u00e1masz: 136,75 (S1), 136,40 (S2), 135,70 (S3).<\/p>\n<p>\u2022 Ellen\u00e1ll\u00e1s: 137,55 (R1), 137,85 (R2), 138,45 (R3).<\/p>\n<p>&nbsp;<\/p>\n<p><strong>Az arany az 1295-\u00f6s szint k\u00f6zel\u00e9ben k\u00fczd<\/strong><\/p>\n<p><span style=\"line-height: 1.5em;\">Az arany valamelyest cs\u00f6kkent, \u00e9s ism\u00e9t el\u00e9rte az 1295-\u00f6s (S1) t\u00e1maszszintet, majd ottmaradt. Az \u00edr\u00e1s idej\u00e9n a nemesf\u00e9m teszteli ezt az akad\u00e1lyt; ha a medv\u00e9k el\u00e9g er\u0151sek ahhoz, hogy \u00e1tt\u00f6rj\u00e9k azt, v\u00e1rhat\u00f3an megc\u00e9lozz\u00e1k a k\u00f6vetkez\u0151 t\u00e1maszszintet az 1280-as (S2) szinten. Am\u00edg az \u00e1r az 1305-\u00f6s (R1) szint, az el\u0151z\u0151 oldalir\u00e1ny\u00fa \u00fatvonal als\u00f3 hat\u00e1ra alatt marad, a r\u00f6vid t\u00e1v\u00fa kil\u00e1t\u00e1st m\u00e9rs\u00e9kelten cs\u00f6kken\u0151nek tartan\u00e1m. A napi grafikonon &#8211; hosszabb t\u00e1v\u00fa id\u0151szakot tekintve &#8211; azonban tov\u00e1bbra is trend n\u00e9lk\u00fcli k\u00e9p t\u00e1rul el\u00e9m, \u00e9s ezt meger\u0151s\u00edti az a t\u00e9ny, hogy az 50 \u00e9s a 200 napos mozg\u00f3\u00e1tlag tov\u00e1bbra is oldalir\u00e1nyba mutat, mik\u00f6zben mindk\u00e9t momentum mutat\u00f3sz\u00e1m semleges szintjeiken tal\u00e1lhat\u00f3.<\/span><\/p>\n<p>\u2022 T\u00e1masz: 1295 (S1), 1280 (S2), 1267 (S3).<\/p>\n<p>\u2022 Ellen\u00e1ll\u00e1s: 1305 (R1), 1323 (R2), 1345 (R3).<\/p>\n<p>&nbsp;<\/p>\n<p><strong>A WTI meger\u0151s\u00edtette a cs\u00f6kken\u0151 trendet<\/strong><\/p>\n<p><span style=\"line-height: 1.5em;\">A WTI jelent\u0151sen esett tegnap, miut\u00e1n ellen\u00e1ll\u00e1sszintre tal\u00e1lt a r\u00f6vid t\u00e1v\u00fa k\u00e9k cs\u00f6kken\u0151 trendvonalon. Az \u00e1r a m\u00falt heti minimum szint (95,25) (ellen\u00e1ll\u00e1sszintt\u00e9 v\u00e1lt t\u00e1maszszint) al\u00e1 cs\u00f6kkent, de a cs\u00f6kken\u00e9s meg\u00e1llt valamelyest a 94,00-es (S1) t\u00e1maszszint felett. Ezen akad\u00e1ly egy\u00e9rtelm\u0171, lefel\u00e9 t\u00f6rt\u00e9n\u0151 \u00e1tt\u00f6r\u00e9se val\u00f3sz\u00edn\u0171leg hosszabb\u00edt\u00e1sokat ind\u00edt el a 93,00-as (S2) tartom\u00e1ny fel\u00e9. B\u00e1r negat\u00edv \u00e1ltal\u00e1nos k\u00e9p t\u00e1rul el\u00e9m, figyelembe v\u00e9ve a lila cs\u00f6kken\u0151 tartom\u00e1ny als\u00f3 hat\u00e1r\u00e1nak k\u00f6zels\u00e9g\u00e9t \u00e9s a pozit\u00edv divergenci\u00e1t az RSI \u00e9s az \u00e1r mozg\u00e1sa k\u00f6z\u00f6tt, nem z\u00e1rhat\u00f3 ki a n\u00f6vekv\u0151 korrekci\u00f3s mozg\u00e1s, miel\u0151tt az elad\u00f3k ism\u00e9t \u00e1tveszik az ir\u00e1ny\u00edt\u00e1st.<\/span><\/p>\n<p>\u2022 T\u00e1masz: 94,00 (S1), 93,00 (S2), 91,70 (S3).<\/p>\n<p>\u2022 Ellen\u00e1ll\u00e1s: 95,25 (R1), 97,30 (R2), 98,65 (R3).<\/p>\n<p>&nbsp;<\/p>\n<div class=\"box shadow\"><div>\n\t\t\t\n<p><strong>A MAGYAR \u00c9LES KERESKED\u00c9SI VERSENY<\/strong><\/p>\n<div>Az IronFX Global lehet\u0151s\u00e9get k\u00edn\u00e1l \u00faj \u00e9s megl\u00e9v\u0151 \u00fcgyfelei sz\u00e1m\u00e1ra, hogy r\u00e9szt vegyenekMagyarorsz\u00e1g Legnagyobb \u00e9s Legizgalmasabb\u00a0forex keresked\u00e9si verseny\u00e9n \u00e9s megnyerj\u00e9k a technikailag legfejlettebb Trading Station-t \u00e9s m\u00e1s nagy \u00e9rt\u00e9k\u0171 d\u00edjakat. A verseny\u00a0t\u00f6bb mint 2 milli\u00f3 forint\u00a0\u00f6sszd\u00edjaz\u00e1s\u00fa, melyen mindenki egyenl\u0151 es\u00e9llyel indul.<\/div>\n<div><strong><a href=\"https:\/\/www.ironfx.com\/hu\/live-competition?utm_source=631980&amp;utm_medium=ib_link&amp;utm_campaign=IB\" target=\"_blank\" rel=\"noopener\">Regisztr\u00e1ljon m\u00e9g ma \u00e9s legyen \u00d6n Magyarorsz\u00e1g legjobb forex keresked\u0151je!<\/a><\/strong><\/div>\n<div>Az \u00c9les Keresked\u00e9si Verseny\u00a0J\u00falius 1 \u00e9s Szeptember 30\u00a0k\u00f6z\u00f6tt ker\u00fcl megrendez\u00e9sre.<\/div>\n<div id=\"hu_live_comp_prizes_title\"><strong>D\u00cdJAK<\/strong><\/div>\n<p><strong>1. Emperor 1510 Trading Station\u00a0<\/strong>\u00a0<strong>+ Nagy teljes\u00edtm\u00e9ny\u0171 Sz\u00e1m\u00edt\u00f3g\u00e9p<\/strong>&gt;\u00a0<strong>2. $2000 \u00e9rt\u00e9k\u0171 keresked\u00e9si sz\u00e1mla\u00a0<\/strong>\u00a0<strong>+ k\u00e9t szem\u00e9lyes \u00fcd\u00fcl\u00e9s a Forest Hills, Bio Hotelben teljes ell\u00e1t\u00e1ssal 3nap\/2\u00e9j<\/strong>\u00a0<strong>3. $1000 \u00e9rt\u00e9k\u0171 keresked\u00e9si sz\u00e1mla\u00a0<\/strong>\u00a0<strong>+ k\u00e9t szem\u00e9lyes \u00fcd\u00fcl\u00e9s a Forest Hills, Bio Hotelben teljes ell\u00e1t\u00e1ssal 3nap\/2\u00e9j<\/strong><\/p>\n<div>*Az \u00e9rv\u00e9nyben lev\u0151 felt\u00e9telek \u00e9s kik\u00f6t\u00e9sek szerint\u00a0<strong><a href=\"https:\/\/www.ironfx.com\/hu\/live-competition?utm_source=631980&amp;utm_medium=ib_link&amp;utm_campaign=IB\" target=\"_blank\" rel=\"noopener\">REGISZTR\u00c1CI\u00d3 ITT<\/a><\/strong><\/div>\n<div>\n\t\t\t<\/div><\/div><\/div>\n","protected":false},"excerpt":{"rendered":"<p>A doll\u00e1r \u00e1ltal\u00e1noss\u00e1gban er\u0151s\u00f6d\u00f6tt A doll\u00e1r az \u00e1ltalunk k\u00f6vetett majdnem minden deviz\u00e1hoz k\u00e9pest er\u0151s\u00f6d\u00f6tt az elm\u00falt 24 \u00f3r\u00e1ban.<\/p>\n","protected":false},"author":1,"featured_media":39322,"comment_status":"open","ping_status":"closed","sticky":false,"template":"","format":"standard","meta":[],"categories":[146,8,131],"tags":[],"_links":{"self":[{"href":"https:\/\/gazdasagportal.hu\/index.php\/wp-json\/wp\/v2\/posts\/42064"}],"collection":[{"href":"https:\/\/gazdasagportal.hu\/index.php\/wp-json\/wp\/v2\/posts"}],"about":[{"href":"https:\/\/gazdasagportal.hu\/index.php\/wp-json\/wp\/v2\/types\/post"}],"author":[{"embeddable":true,"href":"https:\/\/gazdasagportal.hu\/index.php\/wp-json\/wp\/v2\/users\/1"}],"replies":[{"embeddable":true,"href":"https:\/\/gazdasagportal.hu\/index.php\/wp-json\/wp\/v2\/comments?post=42064"}],"version-history":[{"count":2,"href":"https:\/\/gazdasagportal.hu\/index.php\/wp-json\/wp\/v2\/posts\/42064\/revisions"}],"predecessor-version":[{"id":42066,"href":"https:\/\/gazdasagportal.hu\/index.php\/wp-json\/wp\/v2\/posts\/42064\/revisions\/42066"}],"wp:featuredmedia":[{"embeddable":true,"href":"https:\/\/gazdasagportal.hu\/index.php\/wp-json\/wp\/v2\/media\/39322"}],"wp:attachment":[{"href":"https:\/\/gazdasagportal.hu\/index.php\/wp-json\/wp\/v2\/media?parent=42064"}],"wp:term":[{"taxonomy":"category","embeddable":true,"href":"https:\/\/gazdasagportal.hu\/index.php\/wp-json\/wp\/v2\/categories?post=42064"},{"taxonomy":"post_tag","embeddable":true,"href":"https:\/\/gazdasagportal.hu\/index.php\/wp-json\/wp\/v2\/tags?post=42064"}],"curies":[{"name":"wp","href":"https:\/\/api.w.org\/{rel}","templated":true}]}}