{"id":42062,"date":"2014-08-20T18:19:17","date_gmt":"2014-08-20T16:19:17","guid":{"rendered":"http:\/\/stockportal.hu\/?p=42062"},"modified":"2014-08-20T18:19:17","modified_gmt":"2014-08-20T16:19:17","slug":"iszlam-allam-valsagtanacskozas-londonban-az-amerikai-ujsagiro-meggyilkolasa-utan","status":"publish","type":"post","link":"https:\/\/gazdasagportal.hu\/index.php\/iszlam-allam-valsagtanacskozas-londonban-az-amerikai-ujsagiro-meggyilkolasa-utan\/","title":{"rendered":"Iszl\u00e1m \u00c1llam &#8211; V\u00e1ls\u00e1gtan\u00e1cskoz\u00e1s Londonban az amerikai \u00fajs\u00e1g\u00edr\u00f3 meggyilkol\u00e1sa ut\u00e1n"},"content":{"rendered":"<p><strong>V\u00e1ls\u00e1gtan\u00e1cskoz\u00e1sra \u00fclt \u00f6ssze szerd\u00e1n a brit korm\u00e1ny, miut\u00e1n egyre t\u00f6bb jel vall arra, hogy az Irakban meg\u00f6lt amerikai \u00fajs\u00e1g\u00edr\u00f3val az Iszl\u00e1m \u00c1llam nev\u0171 sz\u00e9ls\u0151s\u00e9ges mil\u00edcia egyik brit tagja v\u00e9gzett.<\/strong><!--more--><br \/>\n<div class=\"ads-in-post1\"><div id=\"gazdasagportal.hu_fullbanner_wideboard\"><\/div>\r\n<\/div>\n<p>    Philip Hammond brit k\u00fcl\u00fcgyminiszter a BBC-nek nyilatkozva elismerte, hogy a YouTube port\u00e1lon felt\u0171nt vide\u00f3n, amely val\u00f3sz\u00edn\u0171leg James Foley kiv\u00e9gz\u00e9s\u00e9t mutatja, az \u00e1larcban l\u00e1that\u00f3 gyilkos brit akcentussal besz\u00e9l. Hammond szerint a felv\u00e9tel val\u00f3dinak t\u0171nik.<br \/>\n    A k\u00fcl\u00fcgyminiszter hozz\u00e1tette: sz\u00e1mos brit \u00e1llampolg\u00e1r csatlakozott a Sz\u00edri\u00e1ban \u00e9s Irakban harcol\u00f3 sz\u00e9ls\u0151s\u00e9ges iszlamista csoportokhoz, \u00e9s ez az egyik oka annak, hogy az Iszl\u00e1m \u00c1llam nev\u0171 szervez\u0151d\u00e9s k\u00f6zvetlen fenyeget\u00e9st jelent Nagy-Britannia nemzetbiztons\u00e1g\u00e1ra.<br \/>\n    Szerd\u00e1n megszak\u00edtotta nyaral\u00e1s\u00e1t David Cameron brit minisztereln\u00f6k, aki visszat\u00e9rt Londonba \u00e9s tan\u00e1cskoz\u00e1sra h\u00edvta \u00f6ssze kabinetj\u00e9t. Cameront kor\u00e1bban sz\u00e1mos b\u00edr\u00e1lat \u00e9rte m\u00e9g saj\u00e1t p\u00e1rtj\u00e1b\u00f3l is, ami\u00e9rt a v\u00e1ls\u00e1gos iraki helyzet ellen\u00e9re el\u0151sz\u00f6r Portug\u00e1li\u00e1ban, majd a d\u00e9lnyugat-angliai Cornwallban nyaralt csal\u00e1dj\u00e1val.<br \/>\n    Szerdai visszat\u00e9r\u00e9se ut\u00e1n a brit korm\u00e1nyf\u0151 nyilatkozatban \u00edt\u00e9lte el az amerikai \u00fajs\u00e1g\u00edr\u00f3 meggyilkol\u00e1s\u00e1t. A Downing Street \u00e1ltal kiadott k\u00f6zlem\u00e9ny szerint Cameron a nap folyam\u00e1n Hammond k\u00fcl\u00fcgyminiszterrel, a bel\u00fcgy- \u00e9s a k\u00fcl\u00fcgyminiszt\u00e9rium vezet\u0151 illet\u00e9keseivel, valamint a nemzetbiztons\u00e1gi szolg\u00e1latok szak\u00e9rt\u0151ivel t\u00e1rgyalt az iraki helyzetr\u0151l.<br \/>\n    Tov\u00e1bbra sem hangzott el azonban olyan bejelent\u00e9s, hogy a brit korm\u00e1ny a ny\u00e1ri sz\u00fcnet\u00e9t t\u00f6lt\u0151 parlament rendk\u00edv\u00fcli \u00fcl\u00e9s\u00e9nek \u00f6sszeh\u00edv\u00e1s\u00e1t tervezn\u00e9 az iraki v\u00e1ls\u00e1g miatt. Ezt t\u00f6bb als\u00f3h\u00e1zi k\u00e9pvisel\u0151 is nyilv\u00e1nosan k\u00f6vetelte, Cameron viszont az elm\u00falt napokban ism\u00e9telten lesz\u00f6gezte, hogy erre csak k\u00f6zvetlen brit katonai beavatkoz\u00e1s eset\u00e9n lenne sz\u00fcks\u00e9g, \u00e1m Nagy-Britannia nem tervezi harcol\u00f3 alakulatok k\u00fcld\u00e9s\u00e9t Irakba.<br \/>\n    Az Iszl\u00e1m \u00c1llam \u00e1ltal jelentett terrorfenyeget\u00e9s a szeptemberi walesi NATO-cs\u00facs el\u0151k\u00e9sz\u00fcleteire is hat\u00e1st gyakorol. A biztos\u00edt\u00e1s\u00e9rt felel\u0151s rend\u0151ri egys\u00e9g vezet\u0151je, Chris Armitt londoni sajt\u00f3\u00e9rtekezlet\u00e9n elmondta: a Newport kisv\u00e1ros k\u00f6zel\u00e9be tervezett cs\u00facstal\u00e1lkoz\u00f3 biztons\u00e1g\u00e1ra 9500 rend\u0151r fel\u00fcgyel, \u00e9s a helysz\u00edn k\u00f6r\u00e9 az elh\u00e1r\u00edt\u00e1si szakszolg\u00e1latok 14 kilom\u00e9teres biztons\u00e1gi gy\u0171r\u0171t vonnak. Armitt szerint &#8222;nagyon is val\u00f3s&#8221; az a kock\u00e1zat, hogy iszl\u00e1m sz\u00e9ls\u0151s\u00e9gesek mer\u00e9nyletet k\u00eds\u00e9relnek meg a NATO-cs\u00facs idej\u00e9n.(MTI)<\/p>\n","protected":false},"excerpt":{"rendered":"<p>V\u00e1ls\u00e1gtan\u00e1cskoz\u00e1sra \u00fclt \u00f6ssze szerd\u00e1n a brit korm\u00e1ny, miut\u00e1n egyre t\u00f6bb jel vall arra, hogy az Irakban meg\u00f6lt amerikai \u00fajs\u00e1g\u00edr\u00f3val az Iszl\u00e1m \u00c1llam nev\u0171 sz\u00e9ls\u0151s\u00e9ges mil\u00edcia egyik brit tagja v\u00e9gzett.<\/p>\n","protected":false},"author":1,"featured_media":0,"comment_status":"open","ping_status":"closed","sticky":false,"template":"","format":"standard","meta":[],"categories":[16],"tags":[],"_links":{"self":[{"href":"https:\/\/gazdasagportal.hu\/index.php\/wp-json\/wp\/v2\/posts\/42062"}],"collection":[{"href":"https:\/\/gazdasagportal.hu\/index.php\/wp-json\/wp\/v2\/posts"}],"about":[{"href":"https:\/\/gazdasagportal.hu\/index.php\/wp-json\/wp\/v2\/types\/post"}],"author":[{"embeddable":true,"href":"https:\/\/gazdasagportal.hu\/index.php\/wp-json\/wp\/v2\/users\/1"}],"replies":[{"embeddable":true,"href":"https:\/\/gazdasagportal.hu\/index.php\/wp-json\/wp\/v2\/comments?post=42062"}],"version-history":[{"count":1,"href":"https:\/\/gazdasagportal.hu\/index.php\/wp-json\/wp\/v2\/posts\/42062\/revisions"}],"predecessor-version":[{"id":42063,"href":"https:\/\/gazdasagportal.hu\/index.php\/wp-json\/wp\/v2\/posts\/42062\/revisions\/42063"}],"wp:attachment":[{"href":"https:\/\/gazdasagportal.hu\/index.php\/wp-json\/wp\/v2\/media?parent=42062"}],"wp:term":[{"taxonomy":"category","embeddable":true,"href":"https:\/\/gazdasagportal.hu\/index.php\/wp-json\/wp\/v2\/categories?post=42062"},{"taxonomy":"post_tag","embeddable":true,"href":"https:\/\/gazdasagportal.hu\/index.php\/wp-json\/wp\/v2\/tags?post=42062"}],"curies":[{"name":"wp","href":"https:\/\/api.w.org\/{rel}","templated":true}]}}