{"id":42055,"date":"2014-08-20T15:56:04","date_gmt":"2014-08-20T13:56:04","guid":{"rendered":"http:\/\/stockportal.hu\/?p=42055"},"modified":"2014-08-20T15:56:04","modified_gmt":"2014-08-20T13:56:04","slug":"berlin-es-roma-is-kesz-fegyverszallitassal-tamogatni-az-iraki-kurdokat","status":"publish","type":"post","link":"https:\/\/gazdasagportal.hu\/index.php\/berlin-es-roma-is-kesz-fegyverszallitassal-tamogatni-az-iraki-kurdokat\/","title":{"rendered":"Berlin \u00e9s R\u00f3ma is k\u00e9sz fegyversz\u00e1ll\u00edt\u00e1ssal t\u00e1mogatni az iraki kurdokat"},"content":{"rendered":"<p><strong>A n\u00e9met \u00e9s az olasz korm\u00e1ny is hajland\u00f3 fegyversz\u00e1ll\u00edt\u00e1sokkal t\u00e1mogatni az Iszl\u00e1m \u00c1llam (I\u00c1) sz\u00e9ls\u0151s\u00e9ges szunnita szervezet ellen harcol\u00f3 \u00e9szaki-iraki kurdokat &#8211; jelentett\u00e9k be szerd\u00e1n Berlinben, illetve R\u00f3m\u00e1ban.<\/strong><!--more--><br \/>\n<div class=\"ads-in-post1\"><div id=\"gazdasagportal.hu_fullbanner_wideboard\"><\/div>\r\n<\/div>\n<p>    Frank-Walter Steinmeier n\u00e9met k\u00fcl\u00fcgyminiszter \u00e9s Ursula von der Leyen v\u00e9delmi miniszter k\u00f6z\u00f6s berlini sajt\u00f3t\u00e1j\u00e9koztat\u00f3jukon elmondt\u00e1k, hogy a n\u00e9met korm\u00e1ny az I\u00c1 \u00e1ltal el\u00fcld\u00f6z\u00f6tt menek\u00fcltek humanit\u00e1rius seg\u00e9lyez\u00e9se mellett az iraki Kurdiszt\u00e1n auton\u00f3m tartom\u00e1ny vezet\u00e9s\u00e9nek k\u00e9r\u00e9s\u00e9re katonai felszerel\u00e9st is sz\u00e1ll\u00edt, \u00e9s arra is hajland\u00f3, hogy fegyverrel \u00e9s l\u0151szerrel t\u00e1mogassa a kurdokat.<br \/>\n    Nagy-Britannia, Franciaorsz\u00e1g \u00e9s Olaszorsz\u00e1g is a fegyversz\u00e1ll\u00edt\u00e1sok mellett d\u00f6nt\u00f6tt, N\u00e9metorsz\u00e1g pedig partnereivel &#8222;szorosan egyeztetve&#8221; t\u00e1mogatja majd a kurdokat &#8211; mondta Steinmeier.<br \/>\n    Hangs\u00falyozta: az I\u00c1-t fel kell tart\u00f3ztatni, mert a terrorist\u00e1k el\u0151renyomul\u00e1sa azzal fenyeget, hogy &#8222;fut\u00f3t\u0171zk\u00e9nt terjed sz\u00e9t a h\u00e1bor\u00fas konfliktus az eg\u00e9sz K\u00f6zel-Keleten&#8221;.<br \/>\n    Arr\u00f3l a j\u00f6v\u0151 h\u00e9ten d\u00f6ntenek, hogy pontosan milyen fegyvereket, fegyverrendszereket \u00e9rdemes Irakba sz\u00e1ll\u00edtani &#8211; tette hozz\u00e1 Ursula von der Leyen.<br \/>\n    Nem sokkal a berlini sajt\u00f3t\u00e1j\u00e9koztat\u00f3 ut\u00e1n R\u00f3m\u00e1ban Roberta Pinotti olasz v\u00e9delmi miniszter a parlament szakbizotts\u00e1g\u00e1nak \u00fcl\u00e9s\u00e9n meger\u0151s\u00edtette, hogy Olaszorsz\u00e1g is csatlakozik a kurdokat fegyverrel t\u00e1mogatni k\u00edv\u00e1n\u00f3 nyugati \u00e1llamokhoz. Elmondta, hogy az olasz hadseregn\u00e9l haszn\u00e1latos k\u00f6nny\u0171 fegyvereket \u00e9s l\u0151szert, valamint szovjet gy\u00e1rtm\u00e1ny\u00fa &#8211; a balk\u00e1ni h\u00e1bor\u00fak idej\u00e9n begy\u0171jt\u00f6tt &#8211; fegyvereket juttatnak el Kurdiszt\u00e1nba.<br \/>\n    A nyugati orsz\u00e1gok \u00f6sszehangolj\u00e1k a fegyversz\u00e1ll\u00edt\u00e1sokat, hogy \u00e9sszer\u0171en, hat\u00e9konyan n\u00f6velj\u00e9k a kurd er\u0151k hadi k\u00e9pess\u00e9geit &#8211; mondta Roberta Pinotti. A t\u00e1mogat\u00e1s f\u0151 alapelve, hogy fegyvert csak a tartom\u00e1nyi vezet\u00e9s fennhat\u00f3s\u00e1ga al\u00e1 tartoz\u00f3 csapatok kaphatnak, \u00e9s kiz\u00e1r\u00f3lag \u00f6nv\u00e9delemre haszn\u00e1lhatj\u00e1k \u0151ket &#8211; tette hozz\u00e1.<br \/>\n    N\u00e9metorsz\u00e1gban az I\u00c1 el\u0151ret\u00f6r\u00e9s\u00e9vel az ut\u00f3bbi hetekben az egyik legfontosabb politikai k\u00e9rd\u00e9ss\u00e9 v\u00e1lt, hogy szabad-e fegyverrel t\u00e1mogatni a dzsih\u00e1dist\u00e1k ellen k\u00fczd\u0151 er\u0151ket, tekintettel arra a k\u00fcl- \u00e9s biztons\u00e1gpolitikai alapelvre, hogy N\u00e9metorsz\u00e1g nem sz\u00e1ll\u00edt fegyvert h\u00e1bor\u00fas \u00f6vezetbe, mert nem lehet kisz\u00e1m\u00edtani, hogy kinek a kez\u00e9be ker\u00fcl fegyver \u00e9s mire haszn\u00e1lja azt. Elemz\u0151k r\u00e1mutattak: el\u0151fordulhat, hogy a nyugati seg\u00edts\u00e9ggel meger\u0151s\u00edtett kurd csapatok legy\u0151zik az I\u00c1-t, de a k\u00f6vetkez\u0151 l\u00e9p\u00e9sben a kurd \u00e1llamis\u00e1g megteremt\u00e9se c\u00e9lj\u00e1val haszn\u00e1lj\u00e1k a fegyvereket, s\u00falyosan vesz\u00e9lyeztetve Irak egys\u00e9g\u00e9t \u00e9s a t\u00e9rs\u00e9g stabilit\u00e1s\u00e1t.<br \/>\n    Ugyanakkor a szerdai korm\u00e1ny\u00fcl\u00e9s ut\u00e1n vil\u00e1goss\u00e1 v\u00e1lt, hogy a berlini vezet\u00e9s vesz\u00e9lyesebbnek tartja az Iszl\u00e1m \u00c1llam jelentette konkr\u00e9t fenyeget\u00e9st, mint a fegyversz\u00e1ll\u00edt\u00e1sokb\u00f3l fakad\u00f3 lehets\u00e9ges kock\u00e1zatokat.<br \/>\n     Az I\u00c1 j\u00fanius \u00f3ta kiterjedt ter\u00fcleteket vont ellen\u0151rz\u00e9se al\u00e1 Irak \u00e9szaki \u00e9s nyugati r\u00e9sz\u00e9n. Az ENSZ Menek\u00fclt\u00fcgyi F\u0151biztoss\u00e1g\u00e1nak (UNHCR) becsl\u00e9se szerint eddig 1,2 milli\u00f3an menek\u00fcltek el a harcok el\u0151l otthonaikb\u00f3l Irakban.(MTI)<\/p>\n","protected":false},"excerpt":{"rendered":"<p>A n\u00e9met \u00e9s az olasz korm\u00e1ny is hajland\u00f3 fegyversz\u00e1ll\u00edt\u00e1sokkal t\u00e1mogatni az Iszl\u00e1m \u00c1llam (I\u00c1) sz\u00e9ls\u0151s\u00e9ges szunnita szervezet ellen harcol\u00f3 \u00e9szaki-iraki kurdokat &#8211; jelentett\u00e9k be szerd\u00e1n Berlinben, illetve R\u00f3m\u00e1ban.<\/p>\n","protected":false},"author":1,"featured_media":0,"comment_status":"open","ping_status":"closed","sticky":false,"template":"","format":"standard","meta":[],"categories":[16],"tags":[],"_links":{"self":[{"href":"https:\/\/gazdasagportal.hu\/index.php\/wp-json\/wp\/v2\/posts\/42055"}],"collection":[{"href":"https:\/\/gazdasagportal.hu\/index.php\/wp-json\/wp\/v2\/posts"}],"about":[{"href":"https:\/\/gazdasagportal.hu\/index.php\/wp-json\/wp\/v2\/types\/post"}],"author":[{"embeddable":true,"href":"https:\/\/gazdasagportal.hu\/index.php\/wp-json\/wp\/v2\/users\/1"}],"replies":[{"embeddable":true,"href":"https:\/\/gazdasagportal.hu\/index.php\/wp-json\/wp\/v2\/comments?post=42055"}],"version-history":[{"count":1,"href":"https:\/\/gazdasagportal.hu\/index.php\/wp-json\/wp\/v2\/posts\/42055\/revisions"}],"predecessor-version":[{"id":42056,"href":"https:\/\/gazdasagportal.hu\/index.php\/wp-json\/wp\/v2\/posts\/42055\/revisions\/42056"}],"wp:attachment":[{"href":"https:\/\/gazdasagportal.hu\/index.php\/wp-json\/wp\/v2\/media?parent=42055"}],"wp:term":[{"taxonomy":"category","embeddable":true,"href":"https:\/\/gazdasagportal.hu\/index.php\/wp-json\/wp\/v2\/categories?post=42055"},{"taxonomy":"post_tag","embeddable":true,"href":"https:\/\/gazdasagportal.hu\/index.php\/wp-json\/wp\/v2\/tags?post=42055"}],"curies":[{"name":"wp","href":"https:\/\/api.w.org\/{rel}","templated":true}]}}