{"id":42053,"date":"2014-08-20T14:58:51","date_gmt":"2014-08-20T12:58:51","guid":{"rendered":"http:\/\/stockportal.hu\/?p=42053"},"modified":"2014-08-20T14:58:51","modified_gmt":"2014-08-20T12:58:51","slug":"amerikai-zavargasok-kairo-visszafogottsagra-inti-a-tuntetesek-kezeleseben-washingtont","status":"publish","type":"post","link":"https:\/\/gazdasagportal.hu\/index.php\/amerikai-zavargasok-kairo-visszafogottsagra-inti-a-tuntetesek-kezeleseben-washingtont\/","title":{"rendered":"Amerikai zavarg\u00e1sok &#8211; Kair\u00f3 visszafogotts\u00e1gra inti a t\u00fcntet\u00e9sek kezel\u00e9s\u00e9ben Washingtont"},"content":{"rendered":"<p><strong>Az egyiptomi bel\u00fcgyminiszt\u00e9rium sz\u00f3viv\u0151je \u00f6tpontos haszn\u00e1lati \u00fatmutat\u00f3val l\u00e1tta el az amerikai rendv\u00e9delmi er\u0151ket, \u00e9s visszafogotts\u00e1gra sz\u00f3l\u00edtotta fel Washingtont a St. Louis-ban lassan k\u00e9t hete tart\u00f3 zavarg\u00e1sok kezel\u00e9s\u00e9ben &#8211; \u00edrta szerd\u00e1n internetes oldal\u00e1n az al-Maszri al-J\u00f3m c\u00edm\u0171 napilap.<\/strong><!--more--><br \/>\n<div class=\"ads-in-post1\"><div id=\"gazdasagportal.hu_fullbanner_wideboard\"><\/div>\r\n<\/div>\n<p>    A sz\u00f3viv\u0151 p\u00e1r nappal a tavaly augusztusi kair\u00f3i t\u00f6megt\u00fcntet\u00e9sek v\u00e9res feloszlat\u00e1s\u00e1nak \u00e9vfordul\u00f3ja ut\u00e1n l\u00e9pett \u00edgy fel. Az egyiptomi biztons\u00e1gi er\u0151k akkori akci\u00f3j\u00e1ban a Human Rights Watch (HRW) emberjogi szervezet szerint egyetlen nap alatt t\u00f6bb mint ezer ember vesztette \u00e9let\u00e9t.<br \/>\n    H\u00e1ni Abdel-Lat\u00edf egy n\u00e9pszer\u0171 egyiptomi telev\u00edzi\u00f3s m\u0171sorban hat\u00e1rozottan felsz\u00f3l\u00edtotta az amerikai rend\u0151rs\u00e9get, hogy tekintsen el a t\u00falzott er\u0151 alkalmaz\u00e1s\u00e1t\u00f3l a t\u00fcntet\u0151kkel szemben. Az er\u0151szakos fell\u00e9p\u00e9s helyett a vez\u00e9r\u0151rnagy a k\u00e9t f\u00e9l k\u00f6z\u00f6tti p\u00e1rbesz\u00e9det s\u00fcrgette annak \u00e9rdek\u00e9ben, hogy a k\u00e1osz ne csapjon \u00e1t a szomsz\u00e9dos sz\u00f6vets\u00e9gi \u00e1llamokba.<br \/>\n    Abdel-Lat\u00edf ezenfel\u00fcl kijelentette, hogy miel\u0151bb felel\u0151ss\u00e9gre kell vonni azt a feh\u00e9r rend\u0151rt, aki augusztus 9-\u00e9n agyonl\u0151tte a 18 \u00e9ves fekete Michael Brownt, kiv\u00e1ltva ezzel a jelenlegi zavarg\u00e1sokat. A sz\u00f3viv\u0151 szerint ez a hat\u00f3s\u00e1gok k\u00f6teless\u00e9ge, \u00e9s ezzel eleget tenn\u00e9nek a demonstr\u00e1l\u00f3k jogos k\u00f6vetel\u00e9s\u00e9nek.<br \/>\n    Amerik\u00e1nak csak tov\u00e1bbi gondokat fog okozni, ha folytatja er\u0151szakos fell\u00e9p\u00e9s\u00e9t a t\u00fcntet\u0151kkel szemben &#8211; figyelmeztetett a bel\u00fcgyminiszt\u00e9riumi tiszts\u00e9gvisel\u0151. &#8222;Nem fegyverkeresked\u0151kkel \u00e9s kalasnyikovokkal felfegyverkezett sz\u00e9ls\u0151s\u00e9gesekkel \u00e1llnak szemben, hanem b\u00e9k\u00e9s t\u00fcntet\u0151kkel&#8221; &#8211; tette hozz\u00e1.<br \/>\n    A tavalyi kair\u00f3i t\u00fcntet\u00e9sek lever\u00e9s\u00e9t illet\u0151 heves nemzetk\u00f6zi b\u00edr\u00e1latokat Egyiptom akkor azzal utas\u00edtotta vissza, hogy a demonstr\u00e1l\u00f3k k\u00f6z\u00f6tt \u00e1llig felfegyverkezett terrorist\u00e1k voltak. Washington is b\u00edr\u00e1lta a jelenlegi hatalom drasztikus fell\u00e9p\u00e9s\u00e9t a hadsereg \u00e1ltal tavaly j\u00falius 3-\u00e1n megbuktatott Mohamed Murszi iszlamista eln\u00f6k t\u00e1mogat\u00f3ival \u00e9s egy\u00e9b ellenz\u00e9ki er\u0151kkel szemben.<br \/>\n    Az Egyes\u00fclt \u00c1llamok \u00e9s Egyiptom viszonya az \u00e9szak-afrikai orsz\u00e1g els\u0151 demokratikus \u00faton megv\u00e1lasztott \u00e1llamf\u0151j\u00e9nek megbuktat\u00e1sa ut\u00e1n t\u00f6rt\u00e9nelmi m\u00e9lypontra jutott, \u00e9s az\u00f3ta sem a r\u00e9gi. Washington m\u00e9g tavaly \u0151sszel befagyasztotta az \u00e9szak-afrikai orsz\u00e1gnak foly\u00f3s\u00edtott mintegy m\u00e1sf\u00e9l milli\u00e1rd doll\u00e1ros (t\u00f6bb mint 350 milli\u00e1rd forintos)\u00e9ves katonai seg\u00e9ly egy jelent\u0151s r\u00e9sz\u00e9t.<br \/>\n    Marie Harf amerikai k\u00fcl\u00fcgyi sz\u00f3viv\u0151t\u0151l j\u00falius 31-\u00e9n egy \u00fajs\u00e1g\u00edr\u00f3 azt k\u00e9rdezte, mi\u00e9rt nem vonj\u00e1k meg Izraelt\u0151l is a hadi juttat\u00e1sokat a g\u00e1zai civil \u00e1ldozatok l\u00e1tt\u00e1n? Harf azt v\u00e1laszolta, hogy az egyiptomi korm\u00e1ny az amerikai seg\u00e9lyeket &#8222;saj\u00e1t polg\u00e1rai ellen ford\u00edtotta&#8221;.<br \/>\n    Az egyiptomi k\u00fcl\u00fcgyminiszt\u00e9rium kedden aggodalm\u00e1t fejezte ki a St. Louis-i zavarg\u00e1sok miatt, \u00e9s eml\u00e9keztetett a Ban Ki Mun ENSZ-f\u0151titk\u00e1r \u00e1ltal tolm\u00e1csolt nemzetk\u00f6zi felh\u00edv\u00e1sokra, amelyek a sz\u00f3l\u00e1sszabads\u00e1g \u00e9s a gy\u00fclekez\u00e9si jog tiszteletben tart\u00e1s\u00e1ra \u00f6szt\u00f6k\u00e9lt\u00e9k Washingtont.(MTI)<\/p>\n","protected":false},"excerpt":{"rendered":"<p>Az egyiptomi bel\u00fcgyminiszt\u00e9rium sz\u00f3viv\u0151je \u00f6tpontos haszn\u00e1lati \u00fatmutat\u00f3val l\u00e1tta el az amerikai rendv\u00e9delmi er\u0151ket, \u00e9s visszafogotts\u00e1gra sz\u00f3l\u00edtotta fel Washingtont a St. Louis-ban lassan k\u00e9t hete tart\u00f3 zavarg\u00e1sok kezel\u00e9s\u00e9ben &#8211; \u00edrta szerd\u00e1n internetes oldal\u00e1n az al-Maszri al-J\u00f3m c\u00edm\u0171 napilap.<\/p>\n","protected":false},"author":1,"featured_media":0,"comment_status":"open","ping_status":"closed","sticky":false,"template":"","format":"standard","meta":[],"categories":[13],"tags":[],"_links":{"self":[{"href":"https:\/\/gazdasagportal.hu\/index.php\/wp-json\/wp\/v2\/posts\/42053"}],"collection":[{"href":"https:\/\/gazdasagportal.hu\/index.php\/wp-json\/wp\/v2\/posts"}],"about":[{"href":"https:\/\/gazdasagportal.hu\/index.php\/wp-json\/wp\/v2\/types\/post"}],"author":[{"embeddable":true,"href":"https:\/\/gazdasagportal.hu\/index.php\/wp-json\/wp\/v2\/users\/1"}],"replies":[{"embeddable":true,"href":"https:\/\/gazdasagportal.hu\/index.php\/wp-json\/wp\/v2\/comments?post=42053"}],"version-history":[{"count":1,"href":"https:\/\/gazdasagportal.hu\/index.php\/wp-json\/wp\/v2\/posts\/42053\/revisions"}],"predecessor-version":[{"id":42054,"href":"https:\/\/gazdasagportal.hu\/index.php\/wp-json\/wp\/v2\/posts\/42053\/revisions\/42054"}],"wp:attachment":[{"href":"https:\/\/gazdasagportal.hu\/index.php\/wp-json\/wp\/v2\/media?parent=42053"}],"wp:term":[{"taxonomy":"category","embeddable":true,"href":"https:\/\/gazdasagportal.hu\/index.php\/wp-json\/wp\/v2\/categories?post=42053"},{"taxonomy":"post_tag","embeddable":true,"href":"https:\/\/gazdasagportal.hu\/index.php\/wp-json\/wp\/v2\/tags?post=42053"}],"curies":[{"name":"wp","href":"https:\/\/api.w.org\/{rel}","templated":true}]}}