{"id":42049,"date":"2014-08-20T12:22:47","date_gmt":"2014-08-20T10:22:47","guid":{"rendered":"http:\/\/stockportal.hu\/?p=42049"},"modified":"2014-08-20T10:53:20","modified_gmt":"2014-08-20T08:53:20","slug":"ebola-malarias-a-berlinben-ebola-fertozes-gyanujaval-korhazba-kerult-beteg","status":"publish","type":"post","link":"https:\/\/gazdasagportal.hu\/index.php\/ebola-malarias-a-berlinben-ebola-fertozes-gyanujaval-korhazba-kerult-beteg\/","title":{"rendered":"Ebola &#8211; Mal\u00e1ri\u00e1s a Berlinben Ebola-fert\u0151z\u00e9s gyan\u00faj\u00e1val k\u00f3rh\u00e1zba ker\u00fclt beteg"},"content":{"rendered":"<p><strong>Mal\u00e1ri\u00e1ban szenved az Ebola-fert\u0151z\u00e9sre utal\u00f3 t\u00fcnetekkel Berlinben k\u00f3rh\u00e1zba ker\u00fclt beteg.<\/strong><!--more--><br \/>\n<div class=\"ads-in-post1\"><div id=\"gazdasagportal.hu_fullbanner_wideboard\"><\/div>\r\n<\/div>\n<p>    A Charit\u00e9 egyetemi klinika kedd \u00e9jszakai k\u00f6zlem\u00e9nye szerint az Ebola-v\u00edrusra v\u00e9gzett valamennyi vizsg\u00e1lat negat\u00edv eredm\u00e9nyt hozott, \u00e9s a v\u00e9gleges diagn\u00f3zis szerint a beteg mal\u00e1ri\u00e1ban szenved.<br \/>\n    A 30 \u00e9ves n\u0151 a k\u00f6zelm\u00faltban Nig\u00e9ri\u00e1ban j\u00e1rt, ahol a v\u00e9rz\u00e9ses l\u00e1zban szenved\u0151, nyilv\u00e1ntartott betegek sz\u00e1ma a napokban meghaladta a t\u00edzet.<br \/>\n    A beteg kedd d\u00e9lel\u0151tt \u00f6sszeesett az orsz\u00e1gos munka\u00fcgyi hivatal egyik berlini \u00fcgyf\u00e9lszolg\u00e1lat\u00e1n. A helysz\u00ednre \u00e9rkez\u0151 ment\u0151orvos olyan t\u00fcneteket tapasztalt n\u00e1la, amelyek Ebola lehet\u0151s\u00e9g\u00e9re utaltak, ez\u00e9rt a hal\u00e1los fert\u0151z\u00e9sben szenved\u0151 betegek kezel\u00e9s\u00e9re kijel\u00f6lt berlini klinik\u00e1ra sz\u00e1ll\u00edtott\u00e1k, az \u00fcgyf\u00e9lszolg\u00e1latot pedig lez\u00e1rt\u00e1k.<br \/>\n    Az \u00e9p\u00fcletet t\u00f6bb sz\u00e1z rend\u0151r \u00e9s t\u0171zolt\u00f3 vette k\u00f6r\u00fcl, a munkak\u00f6zvet\u00edt\u0151 irod\u00e1ban tart\u00f3zkod\u00f3 mintegy 600 ember \u00f3r\u00e1kig nem hagyhatta el az \u00e9p\u00fcletet. A z\u00e1rlatot d\u00e9lut\u00e1n oldott\u00e1k fel, az \u00fcgyfelek szabadon t\u00e1vozhattak, az Ebola-gyan\u00fas beteggel k\u00f6zvetlen kapcsolatba ker\u00fclt t\u00f6bb szem\u00e9lyt elk\u00fcl\u00f6n\u00edtett\u00e9k \u00e9s megvizsg\u00e1lt\u00e1k.(MTI)<\/p>\n","protected":false},"excerpt":{"rendered":"<p>Mal\u00e1ri\u00e1ban szenved az Ebola-fert\u0151z\u00e9sre utal\u00f3 t\u00fcnetekkel Berlinben k\u00f3rh\u00e1zba ker\u00fclt beteg.<\/p>\n","protected":false},"author":1,"featured_media":0,"comment_status":"open","ping_status":"closed","sticky":false,"template":"","format":"standard","meta":[],"categories":[12],"tags":[],"_links":{"self":[{"href":"https:\/\/gazdasagportal.hu\/index.php\/wp-json\/wp\/v2\/posts\/42049"}],"collection":[{"href":"https:\/\/gazdasagportal.hu\/index.php\/wp-json\/wp\/v2\/posts"}],"about":[{"href":"https:\/\/gazdasagportal.hu\/index.php\/wp-json\/wp\/v2\/types\/post"}],"author":[{"embeddable":true,"href":"https:\/\/gazdasagportal.hu\/index.php\/wp-json\/wp\/v2\/users\/1"}],"replies":[{"embeddable":true,"href":"https:\/\/gazdasagportal.hu\/index.php\/wp-json\/wp\/v2\/comments?post=42049"}],"version-history":[{"count":1,"href":"https:\/\/gazdasagportal.hu\/index.php\/wp-json\/wp\/v2\/posts\/42049\/revisions"}],"predecessor-version":[{"id":42050,"href":"https:\/\/gazdasagportal.hu\/index.php\/wp-json\/wp\/v2\/posts\/42049\/revisions\/42050"}],"wp:attachment":[{"href":"https:\/\/gazdasagportal.hu\/index.php\/wp-json\/wp\/v2\/media?parent=42049"}],"wp:term":[{"taxonomy":"category","embeddable":true,"href":"https:\/\/gazdasagportal.hu\/index.php\/wp-json\/wp\/v2\/categories?post=42049"},{"taxonomy":"post_tag","embeddable":true,"href":"https:\/\/gazdasagportal.hu\/index.php\/wp-json\/wp\/v2\/tags?post=42049"}],"curies":[{"name":"wp","href":"https:\/\/api.w.org\/{rel}","templated":true}]}}