{"id":42031,"date":"2014-08-20T03:19:50","date_gmt":"2014-08-20T01:19:50","guid":{"rendered":"http:\/\/stockportal.hu\/?p=42031"},"modified":"2014-08-19T22:50:27","modified_gmt":"2014-08-19T20:50:27","slug":"varga-mihaly-szerint-is-szukseg-lenne-a-magyar-orosz-gazdasagi-vegyesbizottsag-osszehivasara","status":"publish","type":"post","link":"https:\/\/gazdasagportal.hu\/index.php\/varga-mihaly-szerint-is-szukseg-lenne-a-magyar-orosz-gazdasagi-vegyesbizottsag-osszehivasara\/","title":{"rendered":"Varga Mih\u00e1ly szerint is sz\u00fcks\u00e9g lenne a magyar-orosz gazdas\u00e1gi vegyesbizotts\u00e1g \u00f6sszeh\u00edv\u00e1s\u00e1ra"},"content":{"rendered":"<p><strong>Varga Mih\u00e1ly szerint is sz\u00fcks\u00e9g lenne a magyar-orosz gazdas\u00e1gi vegyesbizotts\u00e1g \u00f6sszeh\u00edv\u00e1s\u00e1ra; a nemzetgazdas\u00e1gi miniszter a H\u00edr TV Magyarorsz\u00e1g \u00e9l\u0151ben c\u00edm\u0171 m\u0171sor\u00e1ban kedden este meger\u0151s\u00edtette, hogy az uni\u00f3s p\u00e9nz\u00fcgyminiszterek tan\u00e1cs\u00e1nak k\u00f6vetkez\u0151 \u00fcl\u00e9s\u00e9n fel kell vetni az embarg\u00f3 hat\u00e1s\u00e1t kompenz\u00e1l\u00f3 direkt uni\u00f3s t\u00e1mogat\u00e1sok b\u0151v\u00edt\u00e9s\u00e9t.<\/strong><!--more--><br \/>\n<div class=\"ads-in-post1\"><div id=\"gazdasagportal.hu_fullbanner_wideboard\"><\/div>\r\n<\/div>\n<p>    A miniszter felid\u00e9zte, hogy a magyar mez\u0151gazdas\u00e1gnak napi 70 milli\u00f3 forint vesztes\u00e9get jelent az orosz importtilalom.<br \/>\n    Hozz\u00e1tette, ha Oroszorsz\u00e1g az aut\u00f3importot is korl\u00e1tozza, az &#8211; els\u0151sorban a n\u00e9met aut\u00f3piacon kereszt\u00fcl &#8211; a magyar iparra is kedvez\u0151tlen hat\u00e1ssal lesz.<br \/>\n    &#8222;Egyet\u00e9rtek Parragh L\u00e1szl\u00f3, a Magyar Kereskedelmi \u00e9s Iparkamara (MKIK) eln\u00f6k\u00e9nek javaslat\u00e1val, amely szerint sz\u00fcks\u00e9g volna a magyar-orosz gazdas\u00e1gi vegyesbizotts\u00e1g \u00f6sszeh\u00edv\u00e1s\u00e1ra \u00e9s annak megt\u00e1rgyal\u00e1s\u00e1ra, hogyan lehet a magyar-orosz kereskedelmi kapcsolatokat \u00e9letben tartani&#8221; &#8211; fogalmazott a nemzetgazdas\u00e1gi miniszter, hozz\u00e1t\u00e9ve, hogy ez a gazdas\u00e1g alapvet\u0151 \u00e9rdeke.<br \/>\n    Varga Mih\u00e1ly felid\u00e9zte: az Eur\u00f3pai Bizotts\u00e1g bejelentette, hogy 125 milli\u00f3 eur\u00f3 \u00e9rt\u00e9kben direkt t\u00e1mogat\u00e1st biztos\u00edt azoknak a z\u00f6lds\u00e9gtermeszt\u0151knek, akiknek romland\u00f3 term\u00e9nyeik vannak.<br \/>\n    &#8222;A magyar gazdas\u00e1got enn\u00e9l komolyabb vesztes\u00e9g is \u00e9rheti, ez\u00e9rt sz\u00fcks\u00e9g\u00fcnk van arra, hogy ne csak a mez\u0151gazdas\u00e1gban, hanem az iparban, a feldolgoz\u00f3iparban vagy az \u00e9p\u00edt\u0151iparban is kompenz\u00e1lj\u00e1k a vesztes\u00e9g\u00fcnket&#8221; &#8211; jelentette ki a nemzetgazdas\u00e1gi miniszter.<br \/>\n    Varga Mih\u00e1ly szerint a m\u00e1sik k\u00e9rd\u00e9s, hogy az Eur\u00f3pai Uni\u00f3 \u00e1tgondolja-e az Oroszorsz\u00e1g elleni szankci\u00f3kat, sz\u00fcks\u00e9g van egy ilyen megbesz\u00e9l\u00e9sre &#8211; jelentette ki.<br \/>\n    A miniszter a devizahitelekkel kapcsolatosan meger\u0151s\u00edtette, hogy ezeket kivezetik.<br \/>\n    A bankok c\u00e9ltartal\u00e9kot k\u00e9peznek a v\u00e1rhat\u00f3 vesztes\u00e9g m\u00e9rt\u00e9k\u00e9re, a miniszter szerint 900 milli\u00e1rd forint k\u00f6r\u00fcl lesz az a nagys\u00e1grend, amivel a devizahitelek kivezet\u00e9se egy\u00fctt j\u00e1r.<br \/>\n    Ezt rendezi majd el az az elsz\u00e1mol\u00e1s, amit szeptemberben az Orsz\u00e1ggy\u0171l\u00e9s el\u00e9 terjesztenek &#8211; k\u00f6z\u00f6lte, hozz\u00e1t\u00e9ve, hogy ez a bankrendszer m\u0171k\u00f6d\u0151k\u00e9pess\u00e9g\u00e9t nem vesz\u00e9lyezteti.(MTI)<\/p>\n","protected":false},"excerpt":{"rendered":"<p>Varga Mih\u00e1ly szerint is sz\u00fcks\u00e9g lenne a magyar-orosz gazdas\u00e1gi vegyesbizotts\u00e1g \u00f6sszeh\u00edv\u00e1s\u00e1ra; a nemzetgazdas\u00e1gi miniszter a H\u00edr TV Magyarorsz\u00e1g \u00e9l\u0151ben c\u00edm\u0171 m\u0171sor\u00e1ban kedden este meger\u0151s\u00edtette, hogy az uni\u00f3s p\u00e9nz\u00fcgyminiszterek tan\u00e1cs\u00e1nak k\u00f6vetkez\u0151 \u00fcl\u00e9s\u00e9n fel kell vetni az embarg\u00f3 hat\u00e1s\u00e1t kompenz\u00e1l\u00f3 direkt uni\u00f3s t\u00e1mogat\u00e1sok b\u0151v\u00edt\u00e9s\u00e9t.<\/p>\n","protected":false},"author":1,"featured_media":0,"comment_status":"open","ping_status":"closed","sticky":false,"template":"","format":"standard","meta":[],"categories":[19],"tags":[],"_links":{"self":[{"href":"https:\/\/gazdasagportal.hu\/index.php\/wp-json\/wp\/v2\/posts\/42031"}],"collection":[{"href":"https:\/\/gazdasagportal.hu\/index.php\/wp-json\/wp\/v2\/posts"}],"about":[{"href":"https:\/\/gazdasagportal.hu\/index.php\/wp-json\/wp\/v2\/types\/post"}],"author":[{"embeddable":true,"href":"https:\/\/gazdasagportal.hu\/index.php\/wp-json\/wp\/v2\/users\/1"}],"replies":[{"embeddable":true,"href":"https:\/\/gazdasagportal.hu\/index.php\/wp-json\/wp\/v2\/comments?post=42031"}],"version-history":[{"count":1,"href":"https:\/\/gazdasagportal.hu\/index.php\/wp-json\/wp\/v2\/posts\/42031\/revisions"}],"predecessor-version":[{"id":42032,"href":"https:\/\/gazdasagportal.hu\/index.php\/wp-json\/wp\/v2\/posts\/42031\/revisions\/42032"}],"wp:attachment":[{"href":"https:\/\/gazdasagportal.hu\/index.php\/wp-json\/wp\/v2\/media?parent=42031"}],"wp:term":[{"taxonomy":"category","embeddable":true,"href":"https:\/\/gazdasagportal.hu\/index.php\/wp-json\/wp\/v2\/categories?post=42031"},{"taxonomy":"post_tag","embeddable":true,"href":"https:\/\/gazdasagportal.hu\/index.php\/wp-json\/wp\/v2\/tags?post=42031"}],"curies":[{"name":"wp","href":"https:\/\/api.w.org\/{rel}","templated":true}]}}