{"id":41935,"date":"2014-08-18T14:47:00","date_gmt":"2014-08-18T12:47:00","guid":{"rendered":"http:\/\/stockportal.hu\/?p=41935"},"modified":"2014-08-18T12:51:35","modified_gmt":"2014-08-18T10:51:35","slug":"tul-keves-szakmunkas-erkezik-nemetorszagba-az-union-kivulrol","status":"publish","type":"post","link":"https:\/\/gazdasagportal.hu\/index.php\/tul-keves-szakmunkas-erkezik-nemetorszagba-az-union-kivulrol\/","title":{"rendered":"T\u00fal kev\u00e9s szakmunk\u00e1s \u00e9rkezik N\u00e9metorsz\u00e1gba az uni\u00f3n k\u00edv\u00fclr\u0151l"},"content":{"rendered":"<p><strong>N\u00e9metorsz\u00e1g egy \u00e9ve szinte t\u00e1rt kapukkal v\u00e1rja a szakmunk\u00e1sokat az uni\u00f3n k\u00edv\u00fcli orsz\u00e1gokb\u00f3l is, m\u00e9gis nagyon kevesen \u00e9lnek a lehet\u0151s\u00e9ggel &#8211; \u00edrja a n\u00e9met Die Welt online kiad\u00e1sa a sz\u00f6vets\u00e9gi munka\u00fcgyi hivatal, a Bundesagentur f\u00fcr Arbeit (BA) adataira hivatkozva<\/strong>.<!--more--><\/p>\n<p>\u00a0\u00a0\u00a0\u00a0A jelent\u0151s beutaz\u00e1si k\u00f6nny\u00edt\u00e9sek ellen\u00e9re sem n\u00f6vekedett sz\u00e1mottev\u0151 m\u00e9rt\u00e9kben a &#8222;pozit\u00edv list\u00e1n&#8221; szerepl\u0151 szakm\u00e1kban az uni\u00f3n k\u00edv\u00fcli orsz\u00e1gokb\u00f3l \u00e9rkez\u0151 munkav\u00e1llal\u00f3k sz\u00e1ma: 2013 \u00e9s 2014 j\u00faliusa k\u00f6z\u00f6tt mind\u00f6ssze 170 szakmunk\u00e1s \u00e9rkezett N\u00e9metorsz\u00e1gba.<br \/>\n\u00a0\u00a0\u00a0\u00a0A k\u00f6nny\u00edtett szab\u00e1lyok \u00e9rtelm\u00e9ben 2013 j\u00falius\u00e1t\u00f3l m\u00e1r nem csak fels\u0151fok\u00fa, hanem k\u00f6z\u00e9pfok\u00fa- \u00e9s szakmunk\u00e1s v\u00e9gzetts\u00e9g\u0171 nem uni\u00f3s \u00e1llampolg\u00e1rok is egyszer\u0171bben v\u00e1llalhatnak munk\u00e1t N\u00e9metorsz\u00e1gban, felt\u00e9ve, hogy szakm\u00e1juk szerepel a hi\u00e1nyszakm\u00e1kat felsorol\u00f3 list\u00e1n. A hi\u00e1nyszakm\u00e1kban p\u00e1ly\u00e1z\u00f3knak a beutaz\u00e1s el\u0151tt m\u00e1r nem kell kiv\u00e1rniuk a munkahelyk\u00edn\u00e1lat hat\u00f3s\u00e1gi ellen\u0151rz\u00e9s\u00e9nek az eredm\u00e9ny\u00e9t.<br \/>\n\u00a0\u00a0\u00a0\u00a0A szakmunk\u00e1sok bev\u00e1ndorl\u00e1sa ter\u00e9n nem javult l\u00e9nyegesen a helyzet annak ellen\u00e9re sem, hogy az OECD migr\u00e1ci\u00f3s szak\u00e9rt\u0151je, Thomas Liebig szerint a munkav\u00e1llal\u00e1s liber\u00e1lis n\u00e9metorsz\u00e1gi szab\u00e1lyoz\u00e1sa legink\u00e1bb a hagyom\u00e1nyosan bev\u00e1ndorl\u00f3 orsz\u00e1gnak sz\u00e1m\u00edt\u00f3 Kanad\u00e1\u00e9hoz hasonl\u00edthat\u00f3. Hozz\u00e1tette: ugyanakkor a kisebb v\u00e1llalkoz\u00e1sok v\u00e1ltozatlanul tartanak a k\u00fclf\u00f6ldiek foglalkoztat\u00e1s\u00e1nak nagy adminisztr\u00e1ci\u00f3s- \u00e9s k\u00f6lts\u00e9gterheit\u0151l. Amellett ugyanis, hogy a hat\u00f3s\u00e1gok neh\u00e9zs\u00e9geket tudnak t\u00e1masztani a szakk\u00e9pzetts\u00e9g honos\u00edt\u00e1s\u00e1ban, egy vietnami beteg\u00e1pol\u00f3 alkalmaz\u00e1sa p\u00e9ld\u00e1ul a nyelvtanfolyam finansz\u00edroz\u00e1s\u00e1val, illetve a h\u00e9tk\u00f6znapi \u00e9letbe val\u00f3 integr\u00e1l\u00f3d\u00e1s t\u00e1mogat\u00e1s\u00e1val j\u00e1r.<br \/>\n\u00a0\u00a0\u00a0\u00a0A n\u00e9met munkaad\u00f3k sz\u00f6vets\u00e9ge, a Bundesvereinigung Deutscher Arbeitgeberverb\u00e4nde (BDA) szerint k\u00fcl\u00f6n\u00f6sen a kett\u0151s v\u00e9gzetts\u00e9get ig\u00e9nyl\u0151 szakm\u00e1kban tapasztalhat\u00f3 hi\u00e1ny nagy probl\u00e9ma.<br \/>\n\u00a0\u00a0\u00a0\u00a0Az Institut der deutschen Wirtschaft (IW) gazdas\u00e1gi kutat\u00f3int\u00e9zet tanulm\u00e1nya kimutatta, hogy mik\u00f6zben belf\u00f6ld\u00f6n egyre t\u00f6bben t\u00f6rekszenek egyetemi v\u00e9gzetts\u00e9get szerezni \u00e9s kevesen hajland\u00f3ak szakm\u00e1t tanulni, m\u00e9g kev\u00e9sb\u00e9 k\u00e9t szakm\u00e1t elsaj\u00e1t\u00edtani, Eur\u00f3p\u00e1n k\u00edv\u00fclr\u0151l szinte vagy csak magasan, vagy csak alacsonyan k\u00e9pzett munkaer\u0151 j\u00f6n az orsz\u00e1gba.(mti)<\/p>\n","protected":false},"excerpt":{"rendered":"<p>N\u00e9metorsz\u00e1g egy \u00e9ve szinte t\u00e1rt kapukkal v\u00e1rja a szakmunk\u00e1sokat az uni\u00f3n k\u00edv\u00fcli orsz\u00e1gokb\u00f3l is, m\u00e9gis nagyon kevesen \u00e9lnek a lehet\u0151s\u00e9ggel &#8211; \u00edrja a n\u00e9met Die Welt online kiad\u00e1sa a sz\u00f6vets\u00e9gi munka\u00fcgyi hivatal, a Bundesagentur f\u00fcr Arbeit (BA) adataira hivatkozva.<\/p>\n","protected":false},"author":1,"featured_media":0,"comment_status":"open","ping_status":"closed","sticky":false,"template":"","format":"standard","meta":[],"categories":[19],"tags":[],"_links":{"self":[{"href":"https:\/\/gazdasagportal.hu\/index.php\/wp-json\/wp\/v2\/posts\/41935"}],"collection":[{"href":"https:\/\/gazdasagportal.hu\/index.php\/wp-json\/wp\/v2\/posts"}],"about":[{"href":"https:\/\/gazdasagportal.hu\/index.php\/wp-json\/wp\/v2\/types\/post"}],"author":[{"embeddable":true,"href":"https:\/\/gazdasagportal.hu\/index.php\/wp-json\/wp\/v2\/users\/1"}],"replies":[{"embeddable":true,"href":"https:\/\/gazdasagportal.hu\/index.php\/wp-json\/wp\/v2\/comments?post=41935"}],"version-history":[{"count":1,"href":"https:\/\/gazdasagportal.hu\/index.php\/wp-json\/wp\/v2\/posts\/41935\/revisions"}],"predecessor-version":[{"id":41936,"href":"https:\/\/gazdasagportal.hu\/index.php\/wp-json\/wp\/v2\/posts\/41935\/revisions\/41936"}],"wp:attachment":[{"href":"https:\/\/gazdasagportal.hu\/index.php\/wp-json\/wp\/v2\/media?parent=41935"}],"wp:term":[{"taxonomy":"category","embeddable":true,"href":"https:\/\/gazdasagportal.hu\/index.php\/wp-json\/wp\/v2\/categories?post=41935"},{"taxonomy":"post_tag","embeddable":true,"href":"https:\/\/gazdasagportal.hu\/index.php\/wp-json\/wp\/v2\/tags?post=41935"}],"curies":[{"name":"wp","href":"https:\/\/api.w.org\/{rel}","templated":true}]}}