{"id":41929,"date":"2014-08-18T12:22:36","date_gmt":"2014-08-18T10:22:36","guid":{"rendered":"http:\/\/stockportal.hu\/?p=41929"},"modified":"2014-08-18T10:23:18","modified_gmt":"2014-08-18T08:23:18","slug":"mnb-85-szazalek-felett-az-allamadossag-a-masodik-negyedev-vegen","status":"publish","type":"post","link":"https:\/\/gazdasagportal.hu\/index.php\/mnb-85-szazalek-felett-az-allamadossag-a-masodik-negyedev-vegen\/","title":{"rendered":"MNB: 85 sz\u00e1zal\u00e9k felett az \u00e1llamad\u00f3ss\u00e1g a m\u00e1sodik negyed\u00e9v v\u00e9g\u00e9n"},"content":{"rendered":"<p><strong>Az \u00e1llamh\u00e1ztart\u00e1s m\u00e1sodik negyed\u00e9vi hi\u00e1nya 302 milli\u00e1rd forintot, a negyed\u00e9ves brutt\u00f3 hazai term\u00e9k (GDP) 4,0 sz\u00e1zal\u00e9k\u00e1t tett ki, az \u00e1llamh\u00e1ztart\u00e1s ad\u00f3ss\u00e1ga j\u00fanius v\u00e9g\u00e9n a GDP 85,1 sz\u00e1zal\u00e9k\u00e1n \u00e1llt, a h\u00e1rom h\u00f3nappal kor\u00e1bbi 84,4 \u00e9s a m\u00falt \u00e9v v\u00e9gi 79,4 sz\u00e1zal\u00e9kkal szemben &#8211; der\u00fcl ki a Magyar Nemzeti Bank (MNB) h\u00e9tf\u0151n k\u00f6zz\u00e9tett el\u0151zetes p\u00e9nz\u00fcgyi sz\u00e1ml\u00e1inak adataib\u00f3l. Az ad\u00f3ss\u00e1g GDP-ar\u00e1nyos szintje 2010 k\u00f6zepe \u00f3ta el\u0151sz\u00f6r emelkedett a 85 sz\u00e1zal\u00e9kos szint f\u00f6l\u00e9, akkor 85,6 sz\u00e1zal\u00e9kon tet\u0151z\u00f6tt.<\/strong><!--more--><br \/>\n<div class=\"ads-in-post1\"><div id=\"gazdasagportal.hu_fullbanner_wideboard\"><\/div>\r\n<\/div>\n<p>    Az adatok alapj\u00e1n a m\u00e1sodik negyed\u00e9vben 434 milli\u00e1rd forint nett\u00f3 ad\u00f3ss\u00e1gfelv\u00e9tel n\u00f6velte az \u00e1llamad\u00f3ss\u00e1got, amihez a forint gyeng\u00fcl\u00e9se tov\u00e1bbi 65 milli\u00e1rd forintot tett hozz\u00e1.<br \/>\n    Az \u00e1llamh\u00e1ztart\u00e1s n\u00e9v\u00e9rt\u00e9ken sz\u00e1m\u00edt\u00e1sba vett konszolid\u00e1lt brutt\u00f3 ad\u00f3ss\u00e1ga 25 432 milli\u00e1rd forintot tett ki a m\u00e1sodik negyed\u00e9v v\u00e9g\u00e9n.<br \/>\n    Az \u00e1llamh\u00e1ztart\u00e1s nett\u00f3 ad\u00f3ss\u00e1ga 22 818 milli\u00e1rd forint, a GDP 76,3 sz\u00e1zal\u00e9ka volt, 0,3 sz\u00e1zal\u00e9kponttal kisebb a m\u00e1rcius v\u00e9gi 73,6 sz\u00e1zal\u00e9kn\u00e1l, de magasabb a tavaly \u00e9v v\u00e9gi 73,0 sz\u00e1zal\u00e9kos szintn\u00e9l.<br \/>\n    Az \u00e9v els\u0151 fel\u00e9ben 2350 milli\u00e1rd forinttal n\u0151tt a k\u00f6zponti korm\u00e1nyzat brutt\u00f3 ad\u00f3ss\u00e1ga, amib\u0151l 1851 milli\u00e1rd az els\u0151 negyed\u00e9vre esett jelent\u0151s r\u00e9szben a 3 milli\u00e1rd doll\u00e1ros m\u00e1rciusi devizak\u00f6tv\u00e9ny kibocs\u00e1t\u00e1s miatt. Az els\u0151 negyed\u00e9vben 5,0 sz\u00e1zal\u00e9kponttal, 79,4-r\u0151l 84,4 sz\u00e1zal\u00e9kra ugrott a GDP-ar\u00e1nyos \u00e1llamad\u00f3ss\u00e1g.<br \/>\n    A j\u00fanius v\u00e9g\u00e9ig tart\u00f3 n\u00e9gy negyed\u00e9vben az \u00e1llamh\u00e1ztart\u00e1s hi\u00e1nya 918 milli\u00e1rd forintot, a GDP 3,1 sz\u00e1zal\u00e9k\u00e1nak megfelel\u0151 \u00f6sszeget tett ki.<br \/>\n    Az MNB jelent\u00e9se szerint az \u00e1llamh\u00e1ztart\u00e1s m\u00e1sodik negyed\u00e9vi 302 milli\u00e1rd forintos deficitj\u00e9b\u0151l 264 milli\u00e1rd a k\u00f6zponti korm\u00e1nyzatra, 99 milli\u00e1rd pedig a helyi \u00f6nkorm\u00e1nyzatokra jutott, m\u00edg a t\u00e1rsadalombiztos\u00edt\u00e1si alapok 61 milli\u00e1rd forintos t\u00f6bblettel z\u00e1rtak.<br \/>\n    A h\u00e1ztart\u00e1sok megtakar\u00edt\u00e1sai a j\u00fanius v\u00e9g\u00e9n z\u00e1rult n\u00e9gy negyed\u00e9vben 1823 milli\u00e1rd forinttal, a GDP 6,1 sz\u00e1zal\u00e9k\u00e1nak megfelel\u0151 \u00f6sszeggel n\u00f6velt\u00e9k megtakar\u00edt\u00e1saikat, amib\u0151l 459 milli\u00e1rd, a negyed\u00e9ves GDP szint\u00e9n 6,1 sz\u00e1zal\u00e9ka, az idei m\u00e1sodik negyed\u00e9vre jutott. A m\u00e1sodik negyed\u00e9vi megtakar\u00edt\u00e1sok az egy \u00e9vvel kor\u00e1bbi 377 milli\u00e1rdr\u00f3l, a GDP ar\u00e1ny\u00e1ban 5,2 sz\u00e1zal\u00e9kr\u00f3l n\u0151ttek, az els\u0151 negyed\u00e9vi 502 milli\u00e1rdr\u00f3l (a GDP 7,3 sz\u00e1zal\u00e9k\u00e1r\u00f3l) viszont cs\u00f6kkentek.(MTI)<\/p>\n","protected":false},"excerpt":{"rendered":"<p>Az \u00e1llamh\u00e1ztart\u00e1s m\u00e1sodik negyed\u00e9vi hi\u00e1nya 302 milli\u00e1rd forintot, a negyed\u00e9ves brutt\u00f3 hazai term\u00e9k (GDP) 4,0 sz\u00e1zal\u00e9k\u00e1t tett ki, az \u00e1llamh\u00e1ztart\u00e1s ad\u00f3ss\u00e1ga j\u00fanius v\u00e9g\u00e9n a GDP 85,1 sz\u00e1zal\u00e9k\u00e1n \u00e1llt, a h\u00e1rom h\u00f3nappal kor\u00e1bbi 84,4 \u00e9s a m\u00falt \u00e9v v\u00e9gi 79,4 sz\u00e1zal\u00e9kkal szemben &#8211; der\u00fcl ki a Magyar Nemzeti Bank (MNB) h\u00e9tf\u0151n k\u00f6zz\u00e9tett el\u0151zetes p\u00e9nz\u00fcgyi sz\u00e1ml\u00e1inak adataib\u00f3l. &#8230;<\/p>\n","protected":false},"author":1,"featured_media":0,"comment_status":"open","ping_status":"closed","sticky":false,"template":"","format":"standard","meta":[],"categories":[19],"tags":[],"_links":{"self":[{"href":"https:\/\/gazdasagportal.hu\/index.php\/wp-json\/wp\/v2\/posts\/41929"}],"collection":[{"href":"https:\/\/gazdasagportal.hu\/index.php\/wp-json\/wp\/v2\/posts"}],"about":[{"href":"https:\/\/gazdasagportal.hu\/index.php\/wp-json\/wp\/v2\/types\/post"}],"author":[{"embeddable":true,"href":"https:\/\/gazdasagportal.hu\/index.php\/wp-json\/wp\/v2\/users\/1"}],"replies":[{"embeddable":true,"href":"https:\/\/gazdasagportal.hu\/index.php\/wp-json\/wp\/v2\/comments?post=41929"}],"version-history":[{"count":1,"href":"https:\/\/gazdasagportal.hu\/index.php\/wp-json\/wp\/v2\/posts\/41929\/revisions"}],"predecessor-version":[{"id":41930,"href":"https:\/\/gazdasagportal.hu\/index.php\/wp-json\/wp\/v2\/posts\/41929\/revisions\/41930"}],"wp:attachment":[{"href":"https:\/\/gazdasagportal.hu\/index.php\/wp-json\/wp\/v2\/media?parent=41929"}],"wp:term":[{"taxonomy":"category","embeddable":true,"href":"https:\/\/gazdasagportal.hu\/index.php\/wp-json\/wp\/v2\/categories?post=41929"},{"taxonomy":"post_tag","embeddable":true,"href":"https:\/\/gazdasagportal.hu\/index.php\/wp-json\/wp\/v2\/tags?post=41929"}],"curies":[{"name":"wp","href":"https:\/\/api.w.org\/{rel}","templated":true}]}}