{"id":41925,"date":"2014-08-18T12:33:00","date_gmt":"2014-08-18T10:33:00","guid":{"rendered":"http:\/\/stockportal.hu\/?p=41925"},"modified":"2014-08-18T10:00:30","modified_gmt":"2014-08-18T08:00:30","slug":"gazai-konfliktus-leallitottak-a-gazai-ovezet-melletti-izraeli-vasutvonalat","status":"publish","type":"post","link":"https:\/\/gazdasagportal.hu\/index.php\/gazai-konfliktus-leallitottak-a-gazai-ovezet-melletti-izraeli-vasutvonalat\/","title":{"rendered":"G\u00e1zai konfliktus &#8211; Le\u00e1ll\u00edtott\u00e1k a G\u00e1zai \u00f6vezet melletti izraeli vas\u00fatvonalat"},"content":{"rendered":"<p><strong>Az izraeli v\u00e9delmi miniszt\u00e9rium elrendelte a G\u00e1zai \u00f6vezet szomsz\u00e9ds\u00e1g\u00e1ban fut\u00f3 vas\u00fatvonal le\u00e1ll\u00edt\u00e1s\u00e1t &#8211; k\u00f6z\u00f6lte a k\u00f6zszolg\u00e1lati r\u00e1di\u00f3.<\/strong><!--more--><\/p>\n<p>\u00a0\u00a0\u00a0\u00a0Att\u00f3l tartanak, hogy az \u00f6vezetb\u0151l p\u00e1nc\u00e9lt\u00f6r\u0151 rak\u00e9t\u00e1kat ind\u00edtanak a szerelv\u00e9nyek \u00e9s azok utasai ellen, ez\u00e9rt felf\u00fcggesztett\u00e9k az Askel\u00f3n \u00e9s Szder\u00f3t k\u00f6z\u00f6tti j\u00e1ratokat mindaddig, am\u00edg az izraeli vas\u00fatt\u00e1rsas\u00e1g fel nem szereli rak\u00e9ta-elh\u00e1r\u00edt\u00f3kkal a vagonokat.<br \/>\n\u00a0\u00a0\u00a0\u00a0A vonatok le\u00e1ll\u00edt\u00e1sa miatt p\u00f3tl\u00f3buszokat \u00e1ll\u00edtottak be a vonalon, a d\u00e9lre tart\u00f3 utasoknak egyel\u0151re Askel\u00f3nn\u00e1l \u00e1t kell sz\u00e1llniuk, ha tov\u00e1bb akarnak utazni a G\u00e1zai \u00f6vezett\u0151l n\u00e9h\u00e1ny kilom\u00e9terre l\u00e9v\u0151 Szder\u00f3t fel\u00e9.<br \/>\n\u00a0\u00a0\u00a0\u00a0H\u00e9tf\u0151 \u00e9jf\u00e9lkor j\u00e1r le az \u00f6tnapos ideiglenes t\u0171zsz\u00fcnet a G\u00e1zai \u00f6vezet palesztin frakci\u00f3i \u00e9s Izrael k\u00f6z\u00f6tt, amelyet a tart\u00f3s fegyvernyugv\u00e1sr\u00f3l sz\u00f3l\u00f3 kair\u00f3i t\u00e1rgyal\u00e1sok idej\u00e9re k\u00f6t\u00f6ttek, de egyel\u0151re nem vil\u00e1gos, siker\u00fcl-e egyezs\u00e9gre jutni az egyiptomi k\u00f6zvet\u00edt\u00e9ssel foly\u00f3 megbesz\u00e9l\u00e9seken, \u00e9s meghosszabb\u00edtj\u00e1k-e a nyugalmi id\u0151szakot.<br \/>\n\u00a0\u00a0\u00a0\u00a0Ez a harmadik sikeres ideiglenes t\u0171zsz\u00fcnet az Er\u0151s Szikla hadm\u0171velet j\u00falius 8-i elind\u00edt\u00e1sa \u00f3ta. Az els\u0151 ut\u00e1n az \u00f6vezetb\u0151l heves rak\u00e9tat\u00e1mad\u00e1s \u00e9rte Izraelt, \u00e9s a m\u00e1sodik lej\u00e1rta el\u0151tt n\u00e9h\u00e1ny perccel szint\u00e9n t\u00f6bb rak\u00e9t\u00e1t l\u0151ttek ki a szomsz\u00e9dos ter\u00fcletekre.<\/p>\n","protected":false},"excerpt":{"rendered":"<p>Az izraeli v\u00e9delmi miniszt\u00e9rium elrendelte a G\u00e1zai \u00f6vezet szomsz\u00e9ds\u00e1g\u00e1ban fut\u00f3 vas\u00fatvonal le\u00e1ll\u00edt\u00e1s\u00e1t &#8211; k\u00f6z\u00f6lte a k\u00f6zszolg\u00e1lati r\u00e1di\u00f3.<\/p>\n","protected":false},"author":1,"featured_media":0,"comment_status":"open","ping_status":"closed","sticky":false,"template":"","format":"standard","meta":[],"categories":[16],"tags":[],"_links":{"self":[{"href":"https:\/\/gazdasagportal.hu\/index.php\/wp-json\/wp\/v2\/posts\/41925"}],"collection":[{"href":"https:\/\/gazdasagportal.hu\/index.php\/wp-json\/wp\/v2\/posts"}],"about":[{"href":"https:\/\/gazdasagportal.hu\/index.php\/wp-json\/wp\/v2\/types\/post"}],"author":[{"embeddable":true,"href":"https:\/\/gazdasagportal.hu\/index.php\/wp-json\/wp\/v2\/users\/1"}],"replies":[{"embeddable":true,"href":"https:\/\/gazdasagportal.hu\/index.php\/wp-json\/wp\/v2\/comments?post=41925"}],"version-history":[{"count":1,"href":"https:\/\/gazdasagportal.hu\/index.php\/wp-json\/wp\/v2\/posts\/41925\/revisions"}],"predecessor-version":[{"id":41926,"href":"https:\/\/gazdasagportal.hu\/index.php\/wp-json\/wp\/v2\/posts\/41925\/revisions\/41926"}],"wp:attachment":[{"href":"https:\/\/gazdasagportal.hu\/index.php\/wp-json\/wp\/v2\/media?parent=41925"}],"wp:term":[{"taxonomy":"category","embeddable":true,"href":"https:\/\/gazdasagportal.hu\/index.php\/wp-json\/wp\/v2\/categories?post=41925"},{"taxonomy":"post_tag","embeddable":true,"href":"https:\/\/gazdasagportal.hu\/index.php\/wp-json\/wp\/v2\/tags?post=41925"}],"curies":[{"name":"wp","href":"https:\/\/api.w.org\/{rel}","templated":true}]}}