{"id":41895,"date":"2014-08-18T03:57:41","date_gmt":"2014-08-18T01:57:41","guid":{"rendered":"http:\/\/stockportal.hu\/?p=41895"},"modified":"2014-08-17T20:08:56","modified_gmt":"2014-08-17T18:08:56","slug":"ukran-valsag-nato-keszulni-kell-a-felsegjelzes-nelkuli-alakok-beszivargasara","status":"publish","type":"post","link":"https:\/\/gazdasagportal.hu\/index.php\/ukran-valsag-nato-keszulni-kell-a-felsegjelzes-nelkuli-alakok-beszivargasara\/","title":{"rendered":"Ukr\u00e1n v\u00e1ls\u00e1g &#8211; NATO: k\u00e9sz\u00fclni kell a fels\u00e9gjelz\u00e9s n\u00e9lk\u00fcli alakok besziv\u00e1rg\u00e1s\u00e1ra"},"content":{"rendered":"<p><strong>A NATO-nak meg kell tanulnia kezelni az Oroszorsz\u00e1g \u00e1ltal folytatott &#8222;hibrid h\u00e1bor\u00fa&#8221; r\u00e9v\u00e9n keletkez\u0151 helyzetet, \u00e9s mindenekel\u0151tt fel kell k\u00e9sz\u00fclnie a fels\u00e9gjelez\u00e9s n\u00e9lk\u00fcli egyenruh\u00e1t visel\u0151 fegyveresek besziv\u00e1rg\u00e1s\u00e1ra &#8211; mondta Philip Breedlove amerikai t\u00e1bornok, a NATO eur\u00f3pai er\u0151inek f\u0151parancsnoka a Die Weltnek.<\/strong><!--more--><br \/>\n<div class=\"ads-in-post1\"><div id=\"gazdasagportal.hu_fullbanner_wideboard\"><\/div>\r\n<\/div>\n<p>    A n\u00e9met lap online kiad\u00e1s\u00e1ban vas\u00e1rnap megjelent interj\u00faban Philip Breedlove kifejtette: a hibrid h\u00e1bor\u00fa n\u00e9gy eszk\u00f6z \u00f6tv\u00f6z\u00e9s\u00e9vel folytatott hadvisel\u00e9s. Ezek a diplom\u00e1cia, az inform\u00e1ci\u00f3, a katonai-fegyveres er\u0151 \u00e9s a gazdas\u00e1g, az egyes elemek angol nev\u00e9nek (diplomacy, information, military, economy) kezd\u0151bet\u0171j\u00e9b\u0151l k\u00e9pzett katonai szakkifejez\u00e9ssel: dime.<br \/>\n    A hibrid modell &#8222;\u00f6sszefogja a nemzet\u00e1llami hatalom, befoly\u00e1s valamennyi eszk\u00f6z\u00e9t, \u00e9s felhaszn\u00e1lja egy m\u00e1sik nemzet ellen&#8221;, \u00e9s \u00e9ppen ennek a modellnek a m\u0171k\u00f6d\u00e9s\u00e9t lehet megfigyelni Oroszorsz\u00e1g Ukrajn\u00e1val kapcsolatban folytatott tev\u00e9kenys\u00e9g\u00e9ben &#8211; mondta a NATO eur\u00f3pai er\u0151inek f\u0151parancsnoka, nagyon aggaszt\u00f3nak nevezve az \u00faj hadvisel\u00e9si forma megjelen\u00e9s\u00e9t a gyakorlatban.<br \/>\n    Hozz\u00e1tette: az ukr\u00e1n v\u00e1ls\u00e1ggal kapcsolatban &#8222;teljesen \u0151szint\u00e9n sz\u00f3lva az a legfontosabb, hogy a NATO-tagorsz\u00e1gok legyenek felk\u00e9sz\u00fclve az \u00fagynevezett z\u00f6ld alakok, vagyis a fels\u00e9gjelz\u00e9s n\u00e9lk\u00fcli egyenruh\u00e1t visel\u0151 katon\u00e1k&#8221; megjelen\u00e9s\u00e9re, akik a Kr\u00edm f\u00e9lszigeten kipr\u00f3b\u00e1lt m\u00f3dszert alkalmazva nyugtalans\u00e1got sz\u00edtanak, korm\u00e1nyzati \u00e9p\u00fcleteket foglalnak el, szakad\u00e1rokat k\u00e9peznek ki a fegyverforgat\u00e1sra, \u00e9s \u00edgy megrend\u00edtik az eg\u00e9sz orsz\u00e1g stabilit\u00e1s\u00e1t.<br \/>\n    Amennyiben a sz\u00f6vets\u00e9g ilyen jelens\u00e9get tapasztal b\u00e1rmely tag\u00e1llam\u00e1ban, a kollekt\u00edv v\u00e9delem elve alapj\u00e1n azonnal k\u00f6zbel\u00e9p &#8211; jelentette ki a NATO eur\u00f3pai f\u0151parancsnoka.(MTI)<\/p>\n","protected":false},"excerpt":{"rendered":"<p>A NATO-nak meg kell tanulnia kezelni az Oroszorsz\u00e1g \u00e1ltal folytatott &#8222;hibrid h\u00e1bor\u00fa&#8221; r\u00e9v\u00e9n keletkez\u0151 helyzetet, \u00e9s mindenekel\u0151tt fel kell k\u00e9sz\u00fclnie a fels\u00e9gjelez\u00e9s n\u00e9lk\u00fcli egyenruh\u00e1t visel\u0151 fegyveresek besziv\u00e1rg\u00e1s\u00e1ra &#8211; mondta Philip Breedlove amerikai t\u00e1bornok, a NATO eur\u00f3pai er\u0151inek f\u0151parancsnoka a Die Weltnek.<\/p>\n","protected":false},"author":1,"featured_media":0,"comment_status":"open","ping_status":"closed","sticky":false,"template":"","format":"standard","meta":[],"categories":[139],"tags":[],"_links":{"self":[{"href":"https:\/\/gazdasagportal.hu\/index.php\/wp-json\/wp\/v2\/posts\/41895"}],"collection":[{"href":"https:\/\/gazdasagportal.hu\/index.php\/wp-json\/wp\/v2\/posts"}],"about":[{"href":"https:\/\/gazdasagportal.hu\/index.php\/wp-json\/wp\/v2\/types\/post"}],"author":[{"embeddable":true,"href":"https:\/\/gazdasagportal.hu\/index.php\/wp-json\/wp\/v2\/users\/1"}],"replies":[{"embeddable":true,"href":"https:\/\/gazdasagportal.hu\/index.php\/wp-json\/wp\/v2\/comments?post=41895"}],"version-history":[{"count":1,"href":"https:\/\/gazdasagportal.hu\/index.php\/wp-json\/wp\/v2\/posts\/41895\/revisions"}],"predecessor-version":[{"id":41896,"href":"https:\/\/gazdasagportal.hu\/index.php\/wp-json\/wp\/v2\/posts\/41895\/revisions\/41896"}],"wp:attachment":[{"href":"https:\/\/gazdasagportal.hu\/index.php\/wp-json\/wp\/v2\/media?parent=41895"}],"wp:term":[{"taxonomy":"category","embeddable":true,"href":"https:\/\/gazdasagportal.hu\/index.php\/wp-json\/wp\/v2\/categories?post=41895"},{"taxonomy":"post_tag","embeddable":true,"href":"https:\/\/gazdasagportal.hu\/index.php\/wp-json\/wp\/v2\/tags?post=41895"}],"curies":[{"name":"wp","href":"https:\/\/api.w.org\/{rel}","templated":true}]}}