{"id":41891,"date":"2014-08-17T15:38:37","date_gmt":"2014-08-17T13:38:37","guid":{"rendered":"http:\/\/stockportal.hu\/?p=41891"},"modified":"2014-08-17T15:38:37","modified_gmt":"2014-08-17T13:38:37","slug":"onkormanyzat-2014-szazezernel-tobb-kulfoldi-is-szavazhat-a-valasztason","status":"publish","type":"post","link":"https:\/\/gazdasagportal.hu\/index.php\/onkormanyzat-2014-szazezernel-tobb-kulfoldi-is-szavazhat-a-valasztason\/","title":{"rendered":"\u00d6nkorm\u00e1nyzat 2014 &#8211; Sz\u00e1zezern\u00e9l t\u00f6bb k\u00fclf\u00f6ldi is szavazhat a v\u00e1laszt\u00e1son"},"content":{"rendered":"<p><strong>Mintegy 107 ezer, nem magyar, de magyarorsz\u00e1gi lak\u00f3hellyel rendelkez\u0151 eur\u00f3pai uni\u00f3s \u00e1llampolg\u00e1r is szavazhat az okt\u00f3ber 12-ei \u00f6nkorm\u00e1nyzati v\u00e1laszt\u00e1son, ehhez regisztr\u00e1ci\u00f3ra sincs sz\u00fcks\u00e9g\u00fck.<\/strong><!--more--><br \/>\n<div class=\"ads-in-post1\"><div id=\"gazdasagportal.hu_fullbanner_wideboard\"><\/div>\r\n<\/div>\n<p>A k\u00fclf\u00f6ldi \u00e1llampolg\u00e1roknak arra is lehet\u0151s\u00e9g\u00fck van, hogy a nemzetis\u00e9gi v\u00e1laszt\u00e1son szavazzanak \u00e9s arra is, hogy jel\u00f6ltk\u00e9nt induljanak. Ebben az esetben azonban m\u00e1r k\u00e9rni\u00fck kell nemzetis\u00e9gik\u00e9nti regisztr\u00e1ci\u00f3jukat a helyi v\u00e1laszt\u00e1si irod\u00e1n\u00e1l, ennek hat\u00e1rideje szeptember 26-a.<br \/>\n        A (magyarorsz\u00e1gi lakhellyel rendelkez\u0151) nem magyar v\u00e1laszt\u00f3polg\u00e1rokra is ugyanazok a szab\u00e1lyok \u00e9rv\u00e9nyesek, mint a magyarokra, \u00edgy p\u00e9ld\u00e1ul ahhoz, hogy egy v\u00e1rosban vagy k\u00f6zs\u00e9gben jel\u00f6ltt\u00e9 v\u00e1ljanak, nem kell az adott telep\u00fcl\u00e9sen lakniuk.<br \/>\n        Ahhoz azonban, hogy egy telep\u00fcl\u00e9sen jel\u00f6ltet aj\u00e1nlhassanak, nekik is ott kell lakniuk, teh\u00e1t a lakc\u00edm\u00fcknek abban a v\u00e1laszt\u00f3ker\u00fcletben kell lennie.<br \/>\n        A k\u00fclf\u00f6ld\u00f6n \u00e9l\u0151 (magyarorsz\u00e1gi lakc\u00edmmel nem rendelkez\u0151) magyar \u00e1llampolg\u00e1rok eset\u00e9ben azonban m\u00e1s a helyzet, \u0151k nem szavazhatnak sem az \u00f6nkorm\u00e1nyzati, sem pedig a nemzetis\u00e9gi v\u00e1laszt\u00e1son.<br \/>\n        Az \u00f6nkorm\u00e1nyzati v\u00e1laszt\u00f3jog \u00e9rdekess\u00e9ge ugyanakkor, hogy eset\u00fckben k\u00fcl\u00f6nbs\u00e9get tesz az akt\u00edv \u00e9s a passz\u00edv v\u00e1laszt\u00f3jog k\u00f6z\u00f6tt. Ez azt jelenti, hogy a lakc\u00edm n\u00e9lk\u00fcli magyar \u00e1llampolg\u00e1rok nem szavazhatnak, de r\u00e1juk szavazhatnak, ha jel\u00f6ltk\u00e9nt indulnak; ehhez k\u00e9rni\u00fck kell, hogy regisztr\u00e1lj\u00e1k \u0151ket a k\u00f6zponti n\u00e9vjegyz\u00e9kbe.<br \/>\n        A lakc\u00edmmel nem rendelkez\u0151 magyar \u00e1llampolg\u00e1rs\u00e1g\u00fa hajl\u00e9ktalanokra ugyanezek a szab\u00e1lyok \u00e9rv\u00e9nyesek, teh\u00e1t a szavaz\u00e1son nem vehetnek r\u00e9szt, de k\u00e9pvisel\u0151v\u00e9, vagy ak\u00e1r polg\u00e1rmesterr\u00e9, f\u0151polg\u00e1rmesterr\u00e9 is v\u00e1laszthatj\u00e1k \u0151ket.(MTI)<\/p>\n","protected":false},"excerpt":{"rendered":"<p>Mintegy 107 ezer, nem magyar, de magyarorsz\u00e1gi lak\u00f3hellyel rendelkez\u0151 eur\u00f3pai uni\u00f3s \u00e1llampolg\u00e1r is szavazhat az okt\u00f3ber 12-ei \u00f6nkorm\u00e1nyzati v\u00e1laszt\u00e1son, ehhez regisztr\u00e1ci\u00f3ra sincs sz\u00fcks\u00e9g\u00fck.<\/p>\n","protected":false},"author":1,"featured_media":0,"comment_status":"open","ping_status":"closed","sticky":false,"template":"","format":"standard","meta":[],"categories":[19],"tags":[],"_links":{"self":[{"href":"https:\/\/gazdasagportal.hu\/index.php\/wp-json\/wp\/v2\/posts\/41891"}],"collection":[{"href":"https:\/\/gazdasagportal.hu\/index.php\/wp-json\/wp\/v2\/posts"}],"about":[{"href":"https:\/\/gazdasagportal.hu\/index.php\/wp-json\/wp\/v2\/types\/post"}],"author":[{"embeddable":true,"href":"https:\/\/gazdasagportal.hu\/index.php\/wp-json\/wp\/v2\/users\/1"}],"replies":[{"embeddable":true,"href":"https:\/\/gazdasagportal.hu\/index.php\/wp-json\/wp\/v2\/comments?post=41891"}],"version-history":[{"count":1,"href":"https:\/\/gazdasagportal.hu\/index.php\/wp-json\/wp\/v2\/posts\/41891\/revisions"}],"predecessor-version":[{"id":41892,"href":"https:\/\/gazdasagportal.hu\/index.php\/wp-json\/wp\/v2\/posts\/41891\/revisions\/41892"}],"wp:attachment":[{"href":"https:\/\/gazdasagportal.hu\/index.php\/wp-json\/wp\/v2\/media?parent=41891"}],"wp:term":[{"taxonomy":"category","embeddable":true,"href":"https:\/\/gazdasagportal.hu\/index.php\/wp-json\/wp\/v2\/categories?post=41891"},{"taxonomy":"post_tag","embeddable":true,"href":"https:\/\/gazdasagportal.hu\/index.php\/wp-json\/wp\/v2\/tags?post=41891"}],"curies":[{"name":"wp","href":"https:\/\/api.w.org\/{rel}","templated":true}]}}