{"id":41887,"date":"2014-08-17T18:02:24","date_gmt":"2014-08-17T16:02:24","guid":{"rendered":"http:\/\/stockportal.hu\/?p=41887"},"modified":"2014-08-17T15:04:15","modified_gmt":"2014-08-17T13:04:15","slug":"iszlam-allam-meg-kell-orizni-irak-egyseget-nem-szakadhat-el-kurdisztan","status":"publish","type":"post","link":"https:\/\/gazdasagportal.hu\/index.php\/iszlam-allam-meg-kell-orizni-irak-egyseget-nem-szakadhat-el-kurdisztan\/","title":{"rendered":"Iszl\u00e1m \u00c1llam &#8211; Meg kell \u0151rizni Irak egys\u00e9g\u00e9t, nem szakadhat el Kurdiszt\u00e1n"},"content":{"rendered":"<p><strong>A n\u00e9met k\u00fcl\u00fcgyminiszter szerint egy \u00f6n\u00e1ll\u00f3 kurd \u00e1llam l\u00e9trehoz\u00e1sa tov\u00e1bb gyeng\u00edten\u00e9 a k\u00f6zel-keleti t\u00e9rs\u00e9g stabilit\u00e1s\u00e1t, ez\u00e9rt az Iszl\u00e1m \u00c1llam (I\u00c1) nev\u0171 sz\u00e9ls\u0151s\u00e9ges szunnita fegyveres szervezet ellen k\u00fczd\u0151 kurdok t\u00e1mogat\u00e1sa mellett Irak egys\u00e9g\u00e9nek meg\u00f3v\u00e1s\u00e1ra is t\u00f6rekedni kell.<\/strong><!--more--><br \/>\n<div class=\"ads-in-post1\"><div id=\"gazdasagportal.hu_fullbanner_wideboard\"><\/div>\r\n<\/div>\n<p>    Frank-Walter Steinmeier a Bild am Sonntag c\u00edm\u0171 vas\u00e1rnapi n\u00e9met lapban megjelent interj\u00faban hangs\u00falyozta, hogy &#8222;az iraki \u00e1llam egyben tart\u00e1s\u00e1nak tal\u00e1n a legutols\u00f3 es\u00e9ly\u00e9t jelenti&#8221; egy Haider al-\u00c1b\u00e1di (a korm\u00e1nyalak\u00edt\u00e1ssal h\u00e9tf\u0151n megb\u00edzott m\u00e9rs\u00e9kelt s\u00edita politikus) vezette \u00faj korm\u00e1ny, amelyben megfelel\u0151 k\u00e9pviseletet szerez valamennyi iraki r\u00e9gi\u00f3 \u00e9s vall\u00e1s, \u00e9s amely hat\u00e9konyan v\u00e9dekezik az I\u00c1 t\u00e1mad\u00e1sa ellen.<br \/>\n    A n\u00e9met k\u00fcl\u00fcgyminiszter szombaton Erb\u00edlben \u00e9s Bagdadban, az I\u00c1 \u00e1ltal fenyegetett \u00e9szak-iraki Kurdiszt\u00e1n auton\u00f3m tartom\u00e1ny f\u0151v\u00e1ros\u00e1ban, illetve az iraki f\u0151v\u00e1rosban folytatott t\u00e1rgyal\u00e1sokat. \u0150 az els\u0151 nyugati vezet\u0151, aki az I\u00c1 el\u0151ret\u00f6r\u00e9se miatt keletkezett v\u00e1ls\u00e1g kezdete \u00f3ta Irakba l\u00e1togatott.<br \/>\n    Az \u00fat sor\u00e1n k\u00e9sz\u00fclt interj\u00faban kiemelte, hogy &#8222;egy f\u00fcggetlen kurd \u00e1llam m\u00e9g ink\u00e1bb cs\u00f6kkenten\u00e9 a r\u00e9gi\u00f3 stabilit\u00e1s\u00e1t \u00e9s \u00faj fesz\u00fclts\u00e9gek kialakul\u00e1s\u00e1hoz vezetne, tal\u00e1n m\u00e9g Irak \u00e9s a szomsz\u00e9dos \u00e1llamok k\u00f6z\u00f6tt is&#8221;.<br \/>\n    Frank-Walter Steinmeier hozz\u00e1tette, hogy az &#8222;I\u00c1 terrorist\u00e1i elk\u00e9pzelhetetlen brutalit\u00e1ssal l\u00e9pnek fel&#8221;, \u00e9s &#8222;k\u00e9ts\u00e9gtelen, hogy megpr\u00f3b\u00e1lj\u00e1k m\u00e1s t\u00e9rs\u00e9gekbe, \u00edgy Eur\u00f3p\u00e1ba is elvinni a terrort&#8221;.<br \/>\n    Ez\u00e9rt &#8222;Eur\u00f3pa \u00e9rdeke az I\u00c1 feltart\u00f3ztat\u00e1sa Irakban&#8221;, \u00e9s ez siker\u00fclhet is, ha a bagdadi \u00e9s erb\u00edli vezet\u0151k minden er\u0151t mozg\u00f3s\u00edtanak \u00e9s t\u00e1mogat\u00e1st kapnak a nemzetk\u00f6zi k\u00f6z\u00f6ss\u00e9gt\u0151l.<br \/>\n    Hasonl\u00f3an v\u00e9lekedett Masz\u00fad Barzani, Kurdiszt\u00e1n tartom\u00e1ny eln\u00f6ke is a Bild am Sonntagnak adott interj\u00faban, hangs\u00falyozva, hogy az I\u00c1 megjelen\u00e9s\u00e9vel &#8222;fordul\u00f3ponthoz \u00e9rkezett a terrorizmus elleni k\u00fczdelem&#8221;, \u00e9s a kurdok &#8222;a szabad vil\u00e1g k\u00e9pviselet\u00e9ben&#8221; harcolnak a terrorizmus ellen.<br \/>\n    &#8222;Aki meg akarja v\u00e9deni Eur\u00f3p\u00e1t a terrorizmust\u00f3l, annak most Kurdiszt\u00e1nt kell megv\u00e9denie&#8221; &#8211; mondta Barzani.<br \/>\n    Hozz\u00e1tette, hogy a kurd er\u0151knek korszer\u0171 \u00e9s hat\u00e9kony fegyverekre van sz\u00fcks\u00e9g\u00fck a nemzetk\u00f6zi k\u00f6z\u00f6ss\u00e9gt\u0151l, \u00edgy N\u00e9metorsz\u00e1gt\u00f3l is.<br \/>\n    Az esetleges n\u00e9met fegyversz\u00e1ll\u00edt\u00e1sokkal kapcsolatban Frank-Walter Steinmeier nem foglalt \u00e1ll\u00e1st egy\u00e9rtelm\u0171en az iraki l\u00e1togat\u00e1s\u00e1n. Az ARD k\u00f6zszolg\u00e1lati telev\u00edzi\u00f3nak adott nyilatkozat\u00e1ban azt mondta, hogy a n\u00e9met korm\u00e1ny &#8222;a jogi \u00e9s politikai lehet\u0151s\u00e9gek hat\u00e1r\u00e1ig&#8221; elmegy.<br \/>\n    A berlini vezet\u00e9s egyik f\u0151 k\u00fcl-, \u00e9s biztons\u00e1gpolitikai alapelve, hogy N\u00e9metorsz\u00e1g nem sz\u00e1ll\u00edt fegyvert h\u00e1bor\u00fas \u00f6vezetbe. Ezt az elvet az a megfontol\u00e1s indokolja, hogy kisz\u00e1m\u00edthatatlan a fegyverek sorsa. P\u00e9ld\u00e1ul el\u0151fordulhat, hogy a kurdok nemzetk\u00f6zi t\u00e1mogat\u00e1s r\u00e9v\u00e9n feltart\u00f3ztatj\u00e1k az I\u00c1-t, de a k\u00f6vetkez\u0151 l\u00e9p\u00e9sben a k\u00fclf\u00f6ldr\u0151l kapott fegyverekkel az auton\u00f3mi\u00e1juk kiterjeszt\u00e9s\u00e9re, Irak egys\u00e9g\u00e9nek megbont\u00e1s\u00e1ra t\u00f6rekednek majd. Ugyanakkor Berlin az I\u00c1 kegyetlenked\u00e9sei \u00e9s az eg\u00e9sz k\u00f6zel-keleti t\u00e9rs\u00e9get fenyeget\u0151 el\u0151ret\u00f6r\u00e9se miatt m\u00e9gis azt m\u00e9rlegeli, hogy humanit\u00e1rius seg\u00e9ly \u00e9s katonai felszerel\u00e9sek mellett fegyverrel \u00e9s l\u0151szerrel is t\u00e1mogatja a kurd er\u0151ket vagy az iraki hadsereget, vagy mindkett\u0151t.<br \/>\n    Az I\u00c1 j\u00fanius \u00f3ta jelent\u0151s ter\u00fcleteket vont ellen\u0151rz\u00e9se al\u00e1 Irak szunnit\u00e1k lakta \u00e9szaki \u00e9s nyugati r\u00e9sz\u00e9n, \u00e9s ott, illetve a sz\u00edriai polg\u00e1rh\u00e1bor\u00fa alatt kor\u00e1bban hatalm\u00e1ba ker\u00edtett ter\u00fcleteken egy &#8222;kalif\u00e1tust&#8221; ki\u00e1ltott ki. Az ut\u00f3bbi hetekben sz\u00e1mos vall\u00e1si kisebbs\u00e9g t\u00f6bb t\u00edzezer tagj\u00e1t \u00fcld\u00f6zt\u00e9k el lakhely\u00fckr\u0151l az I\u00c1 harcosai, \u00e9s harcot ind\u00edtottak a kurd tartom\u00e1ny ellen, amely az \u00e9vek \u00f3ta vall\u00e1si er\u0151szak \u00e1ltal s\u00fajtott Irakban eddig m\u00e9g viszonylag a b\u00e9ke \u00e9s stabilit\u00e1s szigete volt.(MTI)<\/p>\n","protected":false},"excerpt":{"rendered":"<p>A n\u00e9met k\u00fcl\u00fcgyminiszter szerint egy \u00f6n\u00e1ll\u00f3 kurd \u00e1llam l\u00e9trehoz\u00e1sa tov\u00e1bb gyeng\u00edten\u00e9 a k\u00f6zel-keleti t\u00e9rs\u00e9g stabilit\u00e1s\u00e1t, ez\u00e9rt az Iszl\u00e1m \u00c1llam (I\u00c1) nev\u0171 sz\u00e9ls\u0151s\u00e9ges szunnita fegyveres szervezet ellen k\u00fczd\u0151 kurdok t\u00e1mogat\u00e1sa mellett Irak egys\u00e9g\u00e9nek meg\u00f3v\u00e1s\u00e1ra is t\u00f6rekedni kell.<\/p>\n","protected":false},"author":1,"featured_media":0,"comment_status":"open","ping_status":"closed","sticky":false,"template":"","format":"standard","meta":[],"categories":[16],"tags":[],"_links":{"self":[{"href":"https:\/\/gazdasagportal.hu\/index.php\/wp-json\/wp\/v2\/posts\/41887"}],"collection":[{"href":"https:\/\/gazdasagportal.hu\/index.php\/wp-json\/wp\/v2\/posts"}],"about":[{"href":"https:\/\/gazdasagportal.hu\/index.php\/wp-json\/wp\/v2\/types\/post"}],"author":[{"embeddable":true,"href":"https:\/\/gazdasagportal.hu\/index.php\/wp-json\/wp\/v2\/users\/1"}],"replies":[{"embeddable":true,"href":"https:\/\/gazdasagportal.hu\/index.php\/wp-json\/wp\/v2\/comments?post=41887"}],"version-history":[{"count":1,"href":"https:\/\/gazdasagportal.hu\/index.php\/wp-json\/wp\/v2\/posts\/41887\/revisions"}],"predecessor-version":[{"id":41889,"href":"https:\/\/gazdasagportal.hu\/index.php\/wp-json\/wp\/v2\/posts\/41887\/revisions\/41889"}],"wp:attachment":[{"href":"https:\/\/gazdasagportal.hu\/index.php\/wp-json\/wp\/v2\/media?parent=41887"}],"wp:term":[{"taxonomy":"category","embeddable":true,"href":"https:\/\/gazdasagportal.hu\/index.php\/wp-json\/wp\/v2\/categories?post=41887"},{"taxonomy":"post_tag","embeddable":true,"href":"https:\/\/gazdasagportal.hu\/index.php\/wp-json\/wp\/v2\/tags?post=41887"}],"curies":[{"name":"wp","href":"https:\/\/api.w.org\/{rel}","templated":true}]}}