{"id":41885,"date":"2014-08-17T16:39:25","date_gmt":"2014-08-17T14:39:25","guid":{"rendered":"http:\/\/stockportal.hu\/?p=41885"},"modified":"2014-08-17T15:02:20","modified_gmt":"2014-08-17T13:02:20","slug":"ukran-valsag-fidesz-az-mszp-ezuttal-is-csak-a-sajat-politikai-erdekeit-tartja-szem-elott","status":"publish","type":"post","link":"https:\/\/gazdasagportal.hu\/index.php\/ukran-valsag-fidesz-az-mszp-ezuttal-is-csak-a-sajat-politikai-erdekeit-tartja-szem-elott\/","title":{"rendered":"Ukr\u00e1n v\u00e1ls\u00e1g &#8211; Fidesz: az MSZP ez\u00fattal is csak a saj\u00e1t politikai \u00e9rdekeit tartja szem el\u0151tt"},"content":{"rendered":"<p><strong>A Fidesz szerint az MSZP az ukrajnai v\u00e1ls\u00e1ggal kapcsolatban is csak a saj\u00e1t politikai \u00e9rdekeit n\u00e9zi, a nagyobbik korm\u00e1nyp\u00e1rt nem t\u00e1mogatja a nemzetbiztons\u00e1gi \u00e9s a k\u00fcl\u00fcgyi bizotts\u00e1gok \u00f6sszevont \u00fcl\u00e9s\u00e9nek \u00f6sszeh\u00edv\u00e1s\u00e1t.<\/strong><!--more--><br \/>\n<div class=\"ads-in-post1\"><div id=\"gazdasagportal.hu_fullbanner_wideboard\"><\/div>\r\n<\/div>\n<p>    A Fidesz frakci\u00f3ja ezt azzal \u00f6sszef\u00fcgg\u00e9sben k\u00f6z\u00f6lte vas\u00e1rnap az MTI-vel, hogy az MSZP szombaton tudatta, kezdem\u00e9nyezi Pint\u00e9r S\u00e1ndor bel\u00fcgyminiszter, Hende Csaba honv\u00e9delmi \u00e9s Varga Mih\u00e1ly nemzetgazdas\u00e1gi miniszter meghallgat\u00e1s\u00e1t az ukr\u00e1n esem\u00e9nyek \u00e9s az orosz k\u00fcl\u00fcgyminiszt\u00e9rium p\u00e9nteki k\u00f6zlem\u00e9ny\u00e9nek tiszt\u00e1z\u00e1s\u00e1ra, a k\u00f6r\u00fclm\u00e9nyek \u00e9s a t\u00e9nyek felt\u00e1r\u00e1s\u00e1ra.<br \/>\n    Az orosz miniszt\u00e9rium p\u00e9nteken azt k\u00f6z\u00f6lte: &#8222;a Kijevnek sz\u00e1nt, Magyarorsz\u00e1gr\u00f3l sz\u00e1rmaz\u00f3 fegyversz\u00e1ll\u00edtm\u00e1nyok ny\u00edlt megs\u00e9rt\u00e9s\u00e9t jelentik azoknak a k\u00f6telezetts\u00e9geknek, amelyeket Budapest a hagyom\u00e1nyos fegyverek exportja ter\u00fclet\u00e9n v\u00e1llalt&#8221;. Moszkva a h\u00eddf\u0151.net internetes \u00fajs\u00e1g h\u00edr\u00e9t komment\u00e1lta. A K\u00fclgazdas\u00e1gi \u00e9s K\u00fcl\u00fcgyminiszt\u00e9rium v\u00e1laszk\u00f6zlem\u00e9ny\u00e9ben hat\u00e1rozottan c\u00e1folta, hogy Magyarorsz\u00e1g haditechnik\u00e1t sz\u00e1ll\u00edtana Ukrajn\u00e1ba, a port\u00e1lon megjelent cikket pedig \u00e1lh\u00edrnek nevezte.<br \/>\n    A Fidesz-frakci\u00f3 vas\u00e1rnapi k\u00f6zlem\u00e9ny\u00e9ben az MSZP-re utalva \u00fagy fogalmazott: &#8222;Egy finoman sz\u00f3lva is bizonytalan h\u00e1tter\u0171 honlapnak a magyar k\u00fcl\u00fcgyminiszt\u00e9rium \u00e1ltal hivatalosan c\u00e1folt \u00e1lh\u00edrei miatt m\u00e1r k\u00e9pes lenne a magyar Orsz\u00e1ggy\u0171l\u00e9s tekint\u00e9ly\u00e9t \u00e9s haz\u00e1nkat is vesz\u00e9lyeztetni.&#8221; A baloldal nem el\u0151sz\u00f6r akarja kihaszn\u00e1lni az ukrajnai v\u00e1ls\u00e1got &#8211; tett\u00e9k hozz\u00e1, hangs\u00falyozva, a Fidesz-frakci\u00f3 &#8222;nem t\u00e1mogatja a nemzetbiztons\u00e1gi \u00e9s a k\u00fcl\u00fcgyi bizotts\u00e1gok \u00f6sszevont \u00fcl\u00e9s\u00e9nek \u00f6sszeh\u00edv\u00e1s\u00e1t egy \u00e1lh\u00edr miatt&#8221;.(MTI)<\/p>\n","protected":false},"excerpt":{"rendered":"<p>A Fidesz szerint az MSZP az ukrajnai v\u00e1ls\u00e1ggal kapcsolatban is csak a saj\u00e1t politikai \u00e9rdekeit n\u00e9zi, a nagyobbik korm\u00e1nyp\u00e1rt nem t\u00e1mogatja a nemzetbiztons\u00e1gi \u00e9s a k\u00fcl\u00fcgyi bizotts\u00e1gok \u00f6sszevont \u00fcl\u00e9s\u00e9nek \u00f6sszeh\u00edv\u00e1s\u00e1t.<\/p>\n","protected":false},"author":1,"featured_media":0,"comment_status":"open","ping_status":"closed","sticky":false,"template":"","format":"standard","meta":[],"categories":[18,139],"tags":[],"_links":{"self":[{"href":"https:\/\/gazdasagportal.hu\/index.php\/wp-json\/wp\/v2\/posts\/41885"}],"collection":[{"href":"https:\/\/gazdasagportal.hu\/index.php\/wp-json\/wp\/v2\/posts"}],"about":[{"href":"https:\/\/gazdasagportal.hu\/index.php\/wp-json\/wp\/v2\/types\/post"}],"author":[{"embeddable":true,"href":"https:\/\/gazdasagportal.hu\/index.php\/wp-json\/wp\/v2\/users\/1"}],"replies":[{"embeddable":true,"href":"https:\/\/gazdasagportal.hu\/index.php\/wp-json\/wp\/v2\/comments?post=41885"}],"version-history":[{"count":1,"href":"https:\/\/gazdasagportal.hu\/index.php\/wp-json\/wp\/v2\/posts\/41885\/revisions"}],"predecessor-version":[{"id":41886,"href":"https:\/\/gazdasagportal.hu\/index.php\/wp-json\/wp\/v2\/posts\/41885\/revisions\/41886"}],"wp:attachment":[{"href":"https:\/\/gazdasagportal.hu\/index.php\/wp-json\/wp\/v2\/media?parent=41885"}],"wp:term":[{"taxonomy":"category","embeddable":true,"href":"https:\/\/gazdasagportal.hu\/index.php\/wp-json\/wp\/v2\/categories?post=41885"},{"taxonomy":"post_tag","embeddable":true,"href":"https:\/\/gazdasagportal.hu\/index.php\/wp-json\/wp\/v2\/tags?post=41885"}],"curies":[{"name":"wp","href":"https:\/\/api.w.org\/{rel}","templated":true}]}}