{"id":41883,"date":"2014-08-17T14:58:52","date_gmt":"2014-08-17T12:58:52","guid":{"rendered":"http:\/\/stockportal.hu\/?p=41883"},"modified":"2014-08-17T15:05:20","modified_gmt":"2014-08-17T13:05:20","slug":"beremeles-szukseges-nemetorszagban-az-unios-gazdasag-beinditasahoz","status":"publish","type":"post","link":"https:\/\/gazdasagportal.hu\/index.php\/beremeles-szukseges-nemetorszagban-az-unios-gazdasag-beinditasahoz\/","title":{"rendered":"B\u00e9remel\u00e9s sz\u00fcks\u00e9ges az uni\u00f3s gazdas\u00e1g beind\u00edt\u00e1s\u00e1hoz"},"content":{"rendered":"<p><strong>B\u00e9remel\u00e9sre \u00e9s egy sor tov\u00e1bbi l\u00e9p\u00e9sre van sz\u00fcks\u00e9g N\u00e9metorsz\u00e1g r\u00e9sz\u00e9r\u0151l az Eur\u00f3pai Uni\u00f3 gazdas\u00e1g\u00e1nak beind\u00edt\u00e1s\u00e1hoz &#8211; mondta  Andor L\u00e1szl\u00f3 foglalkoztat\u00e1s\u00e9rt, szoci\u00e1lis \u00fcgyek\u00e9rt, \u00e9s t\u00e1rsadalmi \u00f6sszetartoz\u00e1s\u00e9rt felel\u0151s eur\u00f3pai uni\u00f3s biztos a Welt am Sonntag c\u00edm\u0171 vas\u00e1rnapi n\u00e9met lapban megjelent interj\u00faban.<\/strong><!--more--><br \/>\n<div class=\"ads-in-post1\"><div id=\"gazdasagportal.hu_fullbanner_wideboard\"><\/div>\r\n<\/div>\n<p>    A n\u00e9met gazdas\u00e1g szerepe meghat\u00e1roz\u00f3 Eur\u00f3p\u00e1ban, ami &#8222;k\u00fcl\u00f6nleges felel\u0151ss\u00e9ggel j\u00e1r&#8221; &#8211; emelte ki az Eur\u00f3pai Bizotts\u00e1g magyar tagja, nagyon fontosnak nevezve, hogy N\u00e9metorsz\u00e1g jelent\u0151sen b\u0151v\u00edtse az \u00e1llami, \u00f6nkorm\u00e1nyzati beruh\u00e1z\u00e1sokat, \u00e9l\u00e9nk\u00edtse a belf\u00f6ldi keresletet \u00e9s cs\u00f6kkentse a t\u00falzott m\u00e9rt\u00e9k\u0171, m\u00e1s eur\u00f3pai orsz\u00e1gok helyzet\u00e9t ront\u00f3 k\u00fclkereskedelmi t\u00f6bblet\u00e9t.<br \/>\n    Ehhez a br\u00fcsszeli bizotts\u00e1g meg\u00edt\u00e9l\u00e9se szerint v\u00e1ltoztatni kell a b\u00e9rpolitik\u00e1n. A b\u00e9remelked\u00e9s t\u00f6bb mint t\u00edz \u00e9ve elmarad a termel\u00e9keny\u00e9g n\u00f6veked\u00e9s\u00e9t\u0151l, hiszen a termel\u00e9kenys\u00e9g jelent\u0151sen javult, de a b\u00e9rsz\u00ednvonal csek\u00e9ly m\u00e9rt\u00e9kben emelkedett &#8211; fejtette ki Andor L\u00e1szl\u00f3, hangs\u00falyozva, hogy &#8222;jobb lenne&#8221;, ha a b\u00e9rek a termel\u00e9kenys\u00e9g emelked\u00e9s\u00e9nek megfelel\u0151 m\u00e9rt\u00e9kben n\u00f6vekedn\u00e9nek.<br \/>\n    A br\u00fcsszeli bizotts\u00e1g term\u00e9szetesen nem avatkozik be a tag\u00e1llamok b\u00e9rpolitik\u00e1j\u00e1ba, de &#8222;meg tudjuk \u00e1llap\u00edtani, hogy mi helyes, \u00e9s mi helytelen&#8221; &#8211; mondta az uni\u00f3s biztos, megjegyezve, hogy a v\u00e1ls\u00e1gba ker\u00fclt eur\u00f3\u00f6vezeti tagorsz\u00e1gokban is v\u00e9gbementek k\u00e1ros folyamatok, hiszen a b\u00e9rek emelked\u00e9se meghaladta a termel\u00e9kenys\u00e9g n\u00f6veked\u00e9s\u00e9t, ami szint\u00e9n fenntarthatatlan.<br \/>\n    Arra a k\u00e9rd\u00e9sre, hogy az EU-nak \u00e9s a Nemzetk\u00f6zi Valutaalapnak (IMF) vajon m\u00e1s t\u00edpus\u00fa reformokat kellett volna elind\u00edtania az eur\u00f3\u00f6vezeti v\u00e1ls\u00e1g\u00e1llamokban, Andor L\u00e1szl\u00f3 azt mondta, hogy fontos \u00e1talak\u00edt\u00e1sokat hajtottak v\u00e9gre a munkaer\u0151piac, a szakk\u00e9pz\u00e9si rendszer, a k\u00f6zigazgat\u00e1s \u00e9s a nyugd\u00edjbiztos\u00edt\u00e1s ter\u00fclet\u00e9n. Ezekre a reformokra sz\u00fcks\u00e9g volt, de a szoci\u00e1lis gondokat tov\u00e1bb s\u00falyosb\u00edt\u00f3 drasztikus b\u00e9rcs\u00f6kkent\u00e9sek hely\u00e9nval\u00f3s\u00e1ga k\u00e9ts\u00e9ges.<br \/>\n    &#8222;A megszor\u00edt\u00e1sok politik\u00e1ja az ut\u00f3bbi \u00e9vekben az eur\u00f3\u00f6vezet sok orsz\u00e1g\u00e1ban elm\u00e9ly\u00edtette a gazdas\u00e1gi v\u00e1ls\u00e1got&#8221; &#8211; mondta a szoci\u00e1lpolitik\u00e1\u00e9rt, foglalkoztat\u00e1s\u00e9rt \u00e9s t\u00e1rsadalmi befogad\u00e1s\u00e9rt felel\u0151s uni\u00f3s biztos.<br \/>\n    Az Eur\u00f3pai Bizotts\u00e1g illet\u00e9kese mellett az ut\u00f3bbi hetekben a n\u00e9met sz\u00f6vets\u00e9gi k\u00f6zponti bank (Bundesbank) eln\u00f6ke \u00e9s az Eur\u00f3pai K\u00f6zponti Bank (EKB) f\u0151k\u00f6zgazd\u00e1sza is b\u00e9remel\u00e9st s\u00fcrgetett a n\u00e9met munkaad\u00f3kt\u00f3l.(MTI)<\/p>\n","protected":false},"excerpt":{"rendered":"<p>B\u00e9remel\u00e9sre \u00e9s egy sor tov\u00e1bbi l\u00e9p\u00e9sre van sz\u00fcks\u00e9g N\u00e9metorsz\u00e1g r\u00e9sz\u00e9r\u0151l az Eur\u00f3pai Uni\u00f3 gazdas\u00e1g\u00e1nak beind\u00edt\u00e1s\u00e1hoz &#8211; mondta Andor L\u00e1szl\u00f3 foglalkoztat\u00e1s\u00e9rt, szoci\u00e1lis \u00fcgyek\u00e9rt, \u00e9s t\u00e1rsadalmi \u00f6sszetartoz\u00e1s\u00e9rt felel\u0151s eur\u00f3pai uni\u00f3s biztos a Welt am Sonntag c\u00edm\u0171 vas\u00e1rnapi n\u00e9met lapban megjelent interj\u00faban.<\/p>\n","protected":false},"author":1,"featured_media":0,"comment_status":"open","ping_status":"closed","sticky":false,"template":"","format":"standard","meta":[],"categories":[12],"tags":[],"_links":{"self":[{"href":"https:\/\/gazdasagportal.hu\/index.php\/wp-json\/wp\/v2\/posts\/41883"}],"collection":[{"href":"https:\/\/gazdasagportal.hu\/index.php\/wp-json\/wp\/v2\/posts"}],"about":[{"href":"https:\/\/gazdasagportal.hu\/index.php\/wp-json\/wp\/v2\/types\/post"}],"author":[{"embeddable":true,"href":"https:\/\/gazdasagportal.hu\/index.php\/wp-json\/wp\/v2\/users\/1"}],"replies":[{"embeddable":true,"href":"https:\/\/gazdasagportal.hu\/index.php\/wp-json\/wp\/v2\/comments?post=41883"}],"version-history":[{"count":2,"href":"https:\/\/gazdasagportal.hu\/index.php\/wp-json\/wp\/v2\/posts\/41883\/revisions"}],"predecessor-version":[{"id":41890,"href":"https:\/\/gazdasagportal.hu\/index.php\/wp-json\/wp\/v2\/posts\/41883\/revisions\/41890"}],"wp:attachment":[{"href":"https:\/\/gazdasagportal.hu\/index.php\/wp-json\/wp\/v2\/media?parent=41883"}],"wp:term":[{"taxonomy":"category","embeddable":true,"href":"https:\/\/gazdasagportal.hu\/index.php\/wp-json\/wp\/v2\/categories?post=41883"},{"taxonomy":"post_tag","embeddable":true,"href":"https:\/\/gazdasagportal.hu\/index.php\/wp-json\/wp\/v2\/tags?post=41883"}],"curies":[{"name":"wp","href":"https:\/\/api.w.org\/{rel}","templated":true}]}}