{"id":41879,"date":"2014-08-17T13:24:08","date_gmt":"2014-08-17T11:24:08","guid":{"rendered":"http:\/\/stockportal.hu\/?p=41879"},"modified":"2014-08-17T10:24:40","modified_gmt":"2014-08-17T08:24:40","slug":"onkormanyzat-2014-hetfon-allapitjak-meg-a-jeloltte-valashoz-szukseges-ajanlasszamokat-a-jegyzok","status":"publish","type":"post","link":"https:\/\/gazdasagportal.hu\/index.php\/onkormanyzat-2014-hetfon-allapitjak-meg-a-jeloltte-valashoz-szukseges-ajanlasszamokat-a-jegyzok\/","title":{"rendered":"\u00d6nkorm\u00e1nyzat 2014 &#8211; H\u00e9tf\u0151n \u00e1llap\u00edtj\u00e1k meg a jel\u00f6ltt\u00e9 v\u00e1l\u00e1shoz sz\u00fcks\u00e9ges aj\u00e1nl\u00e1ssz\u00e1mokat a jegyz\u0151k"},"content":{"rendered":"<p><strong>H\u00e9tf\u0151n kell minden jegyz\u0151nek \u00e9s megyei f\u0151jegyz\u0151nek meg\u00e1llap\u00edtania az \u00f6nkorm\u00e1nyzati v\u00e1laszt\u00e1son a jel\u00f6ltek \u00e9s list\u00e1k indul\u00e1s\u00e1hoz sz\u00fcks\u00e9ges aj\u00e1nl\u00e1sok sz\u00e1m\u00e1t.<\/strong><!--more--><br \/>\n<div class=\"ads-in-post1\"><div id=\"gazdasagportal.hu_fullbanner_wideboard\"><\/div>\r\n<\/div>\n<p>    A v\u00e1laszt\u00e1si elj\u00e1r\u00e1sr\u00f3l sz\u00f3l\u00f3 t\u00f6rv\u00e9ny szerint az okt\u00f3beri \u00f6nkorm\u00e1nyzati v\u00e1laszt\u00e1son azok a jel\u00f6ltek \u00e9s list\u00e1k vehetnek r\u00e9szt, amelyek \u00f6sszegy\u0171jt\u00f6tt\u00e9k az indul\u00e1shoz sz\u00fcks\u00e9ges sz\u00e1m\u00fa v\u00e1laszt\u00f3polg\u00e1ri t\u00e1mogat\u00f3 aj\u00e1nl\u00e1st. Az orsz\u00e1ggy\u0171l\u00e9si \u00e9s eur\u00f3pai parlamenti (EP-) v\u00e1laszt\u00e1shoz hasonl\u00f3an a v\u00e1laszt\u00f3polg\u00e1rok t\u00f6bb jel\u00f6ltet is aj\u00e1nlhatnak.<br \/>\n    Azokon a telep\u00fcl\u00e9seken, ahol t\u00edzezern\u00e9l kevesebb a lakosok sz\u00e1ma, egy\u00e9ni list\u00e1s jel\u00f6ltek, a t\u00edzezret meghalad\u00f3 lakos\u00fa telep\u00fcl\u00e9seken pedig egy\u00e9ni v\u00e1laszt\u00f3ker\u00fcleti jel\u00f6ltek indulhatnak a k\u00e9pvisel\u0151-test\u00fcleti tags\u00e1g\u00e9rt.<br \/>\n    A helyi \u00f6nkorm\u00e1nyzati k\u00e9pvisel\u0151k \u00e9s polg\u00e1rmesterek v\u00e1laszt\u00e1s\u00e1r\u00f3l sz\u00f3l\u00f3 t\u00f6rv\u00e9ny szerint k\u00e9pvisel\u0151jel\u00f6lt az lehet, akit az adott v\u00e1laszt\u00f3ker\u00fclet v\u00e1laszt\u00f3polg\u00e1rainak legal\u00e1bb 1 sz\u00e1zal\u00e9ka jel\u00f6ltnek aj\u00e1nlott. Polg\u00e1rmesterjel\u00f6lt az lehet, akit a 10 ezer vagy ann\u00e1l kevesebb lakos\u00fa telep\u00fcl\u00e9s v\u00e1laszt\u00f3polg\u00e1rainak legal\u00e1bb 3 sz\u00e1zal\u00e9ka, a 10 ezer lakost meghalad\u00f3, de 100 ezer vagy ann\u00e1l kevesebb lakos\u00fa telep\u00fcl\u00e9s eset\u00e9n legal\u00e1bb 300 v\u00e1laszt\u00f3polg\u00e1r, a 100 ezern\u00e9l t\u00f6bb lakos\u00fa telep\u00fcl\u00e9s eset\u00e9n legal\u00e1bb 500 v\u00e1laszt\u00f3polg\u00e1r jel\u00f6ltnek aj\u00e1nlott.<br \/>\n    B\u00e1r a jogszab\u00e1ly r\u00f6gz\u00edti, hogy a jel\u00f6lteknek a v\u00e1laszt\u00f3k h\u00e1ny sz\u00e1zal\u00e9k\u00e1nak t\u00e1mogat\u00e1s\u00e1t kell megszerezni\u00fck az indul\u00e1shoz, a jel\u00f6lt\u00e1ll\u00edt\u00e1shoz sz\u00fcks\u00e9ges aj\u00e1nl\u00e1sok pontos sz\u00e1m\u00e1t a helyi v\u00e1laszt\u00e1si iroda vezet\u0151j\u00e9nek &#8211; azaz a jegyz\u0151nek &#8211; kell meg\u00e1llap\u00edtania.<br \/>\n    A megyei lista \u00e1ll\u00edt\u00e1s\u00e1hoz sz\u00fcks\u00e9ges aj\u00e1nl\u00e1sok sz\u00e1m\u00e1t a ter\u00fcleti v\u00e1laszt\u00e1si iroda vezet\u0151je, azaz a megyei f\u0151jegyz\u0151 \u00e1llap\u00edtja meg, a f\u0151polg\u00e1rmester-jel\u00f6lt \u00e1ll\u00edt\u00e1s\u00e1hoz sz\u00fcks\u00e9ges aj\u00e1nl\u00e1sok sz\u00e1m\u00e1t pedig a F\u0151v\u00e1rosi V\u00e1laszt\u00e1si Iroda vezet\u0151je.<br \/>\n    A megyei v\u00e1laszt\u00f3ker\u00fcletben list\u00e1t az a jel\u00f6l\u0151szervezet \u00e1ll\u00edthat, amely a v\u00e1laszt\u00f3ker\u00fclet v\u00e1laszt\u00f3polg\u00e1rai 0,5 sz\u00e1zal\u00e9k\u00e1nak aj\u00e1nl\u00e1s\u00e1t \u00f6sszegy\u0171jt\u00f6tte. F\u0151polg\u00e1rmester-jel\u00f6lt pedig az lehet, akit legal\u00e1bb 5 ezer f\u0151v\u00e1rosi v\u00e1laszt\u00f3polg\u00e1r aj\u00e1nlott jel\u00f6ltnek.<br \/>\n    Az aj\u00e1nl\u00e1sok sz\u00e1m\u00e1t h\u00e9tf\u0151n kell meg\u00e1llap\u00edtani, ehhez pedig az augusztus 15-\u00e9n, p\u00e9nteken a n\u00e9vjegyz\u00e9kben szerepl\u0151k adatait kell alapul venni.<br \/>\n    Az egy\u00e9ni list\u00e1s \u00e9s az egy\u00e9ni v\u00e1laszt\u00f3ker\u00fcleti jel\u00f6ltet, a polg\u00e1rmesterjel\u00f6ltet \u00e9s a f\u0151polg\u00e1rmester-jel\u00f6ltet legk\u00e9s\u0151bb szeptember 8-\u00e1n 16 \u00f3r\u00e1ig kell bejelenteni. A kompenz\u00e1ci\u00f3s list\u00e1t, a f\u0151v\u00e1rosi kompenz\u00e1ci\u00f3s list\u00e1t \u00e9s a megyei list\u00e1t pedig legk\u00e9s\u0151bb szeptember 9-\u00e9n 16 \u00f3r\u00e1ig kell bejelenteni.(MTI)<\/p>\n","protected":false},"excerpt":{"rendered":"<p>H\u00e9tf\u0151n kell minden jegyz\u0151nek \u00e9s megyei f\u0151jegyz\u0151nek meg\u00e1llap\u00edtania az \u00f6nkorm\u00e1nyzati v\u00e1laszt\u00e1son a jel\u00f6ltek \u00e9s list\u00e1k indul\u00e1s\u00e1hoz sz\u00fcks\u00e9ges aj\u00e1nl\u00e1sok sz\u00e1m\u00e1t.<\/p>\n","protected":false},"author":1,"featured_media":0,"comment_status":"open","ping_status":"closed","sticky":false,"template":"","format":"standard","meta":[],"categories":[18],"tags":[],"_links":{"self":[{"href":"https:\/\/gazdasagportal.hu\/index.php\/wp-json\/wp\/v2\/posts\/41879"}],"collection":[{"href":"https:\/\/gazdasagportal.hu\/index.php\/wp-json\/wp\/v2\/posts"}],"about":[{"href":"https:\/\/gazdasagportal.hu\/index.php\/wp-json\/wp\/v2\/types\/post"}],"author":[{"embeddable":true,"href":"https:\/\/gazdasagportal.hu\/index.php\/wp-json\/wp\/v2\/users\/1"}],"replies":[{"embeddable":true,"href":"https:\/\/gazdasagportal.hu\/index.php\/wp-json\/wp\/v2\/comments?post=41879"}],"version-history":[{"count":1,"href":"https:\/\/gazdasagportal.hu\/index.php\/wp-json\/wp\/v2\/posts\/41879\/revisions"}],"predecessor-version":[{"id":41880,"href":"https:\/\/gazdasagportal.hu\/index.php\/wp-json\/wp\/v2\/posts\/41879\/revisions\/41880"}],"wp:attachment":[{"href":"https:\/\/gazdasagportal.hu\/index.php\/wp-json\/wp\/v2\/media?parent=41879"}],"wp:term":[{"taxonomy":"category","embeddable":true,"href":"https:\/\/gazdasagportal.hu\/index.php\/wp-json\/wp\/v2\/categories?post=41879"},{"taxonomy":"post_tag","embeddable":true,"href":"https:\/\/gazdasagportal.hu\/index.php\/wp-json\/wp\/v2\/tags?post=41879"}],"curies":[{"name":"wp","href":"https:\/\/api.w.org\/{rel}","templated":true}]}}