{"id":41877,"date":"2014-08-17T12:00:27","date_gmt":"2014-08-17T10:00:27","guid":{"rendered":"http:\/\/stockportal.hu\/?p=41877"},"modified":"2014-08-17T10:23:41","modified_gmt":"2014-08-17T08:23:41","slug":"devizahitel-fazekas-attores-az-orszag-legnagyobb-birosagan-az-ugyteher-csokkenteseben","status":"publish","type":"post","link":"https:\/\/gazdasagportal.hu\/index.php\/devizahitel-fazekas-attores-az-orszag-legnagyobb-birosagan-az-ugyteher-csokkenteseben\/","title":{"rendered":"Devizahitel &#8211; Fazekas: \u00e1tt\u00f6r\u00e9s az orsz\u00e1g legnagyobb b\u00edr\u00f3s\u00e1g\u00e1n az \u00fcgyteher cs\u00f6kkent\u00e9s\u00e9ben"},"content":{"rendered":"<p><strong>\u00c1tt\u00f6r\u00e9st siker\u00fclt el\u00e9rni az \u00fcgyteher cs\u00f6kkent\u00e9s\u00e9ben az orsz\u00e1g legnagyobb b\u00edr\u00f3s\u00e1g\u00e1n, a F\u0151v\u00e1rosi T\u00f6rv\u00e9nysz\u00e9ken, \u00edgy a jelent\u0151s t\u00f6bbletterhet okoz\u00f3 t\u00f6bb sz\u00e1z \u00faj devizahiteles per t\u00f6rv\u00e9nyben el\u0151\u00edrt szigor\u00fa elint\u00e9z\u00e9si hat\u00e1rideje is tarthat\u00f3 lesz &#8211; mondta Fazekas S\u00e1ndor, a t\u00f6rv\u00e9nysz\u00e9k eln\u00f6ke az MTI-nek.<\/strong><!--more--><br \/>\n<div class=\"ads-in-post1\"><div id=\"gazdasagportal.hu_fullbanner_wideboard\"><\/div>\r\n<\/div>\n<p>    A t\u00f6rv\u00e9ny szerint a devizahiteles szerz\u0151d\u00e9sek egyoldal\u00fa m\u00f3dos\u00edt\u00e1s\u00e1nak tisztess\u00e9gtelens\u00e9g\u00e9vel kapcsolatban az \u00f6sszesen mintegy 400 p\u00e9nzint\u00e9zet \u00e1ltal az \u00e1llam ellen ind\u00edthat\u00f3 perekben m\u00e9g egy h\u00e9tig, legk\u00e9s\u0151bb augusztus 25-ig lehet b\u00edr\u00f3s\u00e1ghoz fordulni. Ezekben a perekben els\u0151 fokon a F\u0151v\u00e1rosi T\u00f6rv\u00e9nysz\u00e9knek van kiz\u00e1r\u00f3lagos illet\u00e9kess\u00e9ge, amelynek a kereset be\u00e9rkez\u00e9s\u00e9t\u0151l sz\u00e1m\u00edtott legfeljebb 30 napon bel\u00fcl d\u00f6nt\u00e9st is kell hoznia. P\u00e9nteken meg\u00e9rkeztek az els\u0151 keresetek a p\u00e9nzint\u00e9zetekt\u0151l.<br \/>\n    Az orsz\u00e1g mintegy 2900 b\u00edr\u00e1j\u00e1b\u00f3l csaknem h\u00e9tsz\u00e1zat foglalkoztat\u00f3 F\u0151v\u00e1rosi T\u00f6rv\u00e9nysz\u00e9k eln\u00f6k\u00e9v\u00e9 2012. janu\u00e1r 1-j\u00e9n kinevezett Fazekas S\u00e1ndor elmondta: az egy b\u00edr\u00f3 kez\u00e9n egyszerre folyamatban l\u00e9v\u0151 \u00fcgyek sz\u00e1ma jelenleg a legt\u00f6bb \u00fcgyszakban ker\u00fcleti szinten \u00f6tven \u00e9s sz\u00e1z k\u00f6z\u00f6tt van, \u00e9s a t\u00f6rv\u00e9nysz\u00e9k els\u0151 \u00e9s m\u00e1sodfok\u00fa szakter\u00fcletein is jelent\u0151sen cs\u00f6kkent. K\u00e9t-h\u00e1rom \u00e9ve m\u00e9g sz\u00e1zn\u00e1l, s\u0151t bizonyos \u00fcgyszakokban k\u00e9tsz\u00e1zn\u00e1l is t\u00f6bb perben j\u00e1rt el egyszerre egy f\u0151v\u00e1rosi b\u00edr\u00f3. Ez az \u00fcgymennyis\u00e9g j\u00f3val meghaladta az orsz\u00e1gos \u00e1tlagot \u00e9s gyakorlatilag kezelhetetlen volt, t\u00e1rgyal\u00e1sokat csak n\u00e9gy-\u00f6t havonta tudtak tartani egy-egy \u00fcgyben.<br \/>\n    Az elm\u00falt k\u00e9t \u00e9s f\u00e9l \u00e9vben hat\u00e1rozott l\u00e9p\u00e9sek t\u00f6rt\u00e9ntek az\u00e9rt, hogy \u00e9rdemi v\u00e1ltoz\u00e1sok legyenek a f\u0151v\u00e1ros \u00e9vtizedek \u00f3ta neh\u00e9z helyzetben l\u00e9v\u0151 b\u00edr\u00f3s\u00e1gain &#8211; k\u00f6z\u00f6lte Fazekas S\u00e1ndor.<br \/>\n    Kifejtette: nemperes \u00fcgyeket int\u00e9z\u0151 b\u00edr\u00e1k k\u00f6z\u00fcl t\u00f6bb tucatot tettek \u00e1t peres \u00fcgyek int\u00e9z\u00e9s\u00e9re. B\u00edr\u00e1kat seg\u00edt\u0151 teamek j\u00f6ttek l\u00e9tre titk\u00e1rok, jogv\u00e9gzett \u00fcgyint\u00e9z\u0151k \u00e9s tisztvisel\u0151k r\u00e9szv\u00e9tel\u00e9vel, \u00e9s a perel\u0151k\u00e9sz\u00edt\u00e9st\u0151l a v\u00e1dlottak felkutat\u00e1s\u00e1n, szak\u00e9rt\u0151k kirendel\u00e9s\u00e9n \u00e1t az \u00edt\u00e9letek \u00edr\u00e1sba foglal\u00e1s\u00e1ig sz\u00e1mos ter\u00fcleten v\u00e1llalt\u00e1k \u00e1t az adminisztrat\u00edv terheket a b\u00edr\u00e1kt\u00f3l, \u00edgy \u0151k az \u00edt\u00e9lkez\u0151 munk\u00e1ra koncentr\u00e1lhatnak. Ezek a teamek ker\u00fcleti b\u00edr\u00f3s\u00e1gi szinten 30-40 sz\u00e1zal\u00e9kkal n\u00f6velt\u00e9k az \u00edt\u00e9lkez\u00e9s hat\u00e9konys\u00e1g\u00e1t, azaz hozz\u00e1vet\u0151leg ilyen ar\u00e1nyban n\u00f6velt\u00e9k a befejezett \u00fcgyek sz\u00e1m\u00e1t &#8211; mondta el az eln\u00f6k. Szerinte ez \u00e1tt\u00f6r\u00e9snek nevezhet\u0151 a k\u00f6zponti r\u00e9gi\u00f3 b\u00edr\u00f3s\u00e1gainak t\u00f6bb \u00e9vtizedes leterhelts\u00e9g\u00e9t tekintve.<br \/>\n    Puszt\u00e1n h\u00e1zon bel\u00fcli int\u00e9zked\u00e9sek, bels\u0151 er\u0151forr\u00e1sok azonban nem lettek volna elegend\u0151k a t\u00f6rv\u00e9nysz\u00e9k helyzet\u00e9nek konszolid\u00e1l\u00e1s\u00e1hoz, sz\u00fcks\u00e9g volt az Orsz\u00e1gos B\u00edr\u00f3s\u00e1gi Hivatal t\u00e1mogat\u00e1s\u00e1ra is. Ennek k\u00f6sz\u00f6nhet\u0151en a t\u00f6rv\u00e9nysz\u00e9ken 2012-ben t\u00f6bb mint sz\u00e1z \u00faj, \u00fcgyint\u00e9z\u0151i, illetve titk\u00e1ri st\u00e1tus j\u00f6tt l\u00e9tre, \u00e9s 2013-ban is jelent\u0151s l\u00e9tsz\u00e1mfejleszt\u00e9s volt &#8211; ismertette az eln\u00f6k.<br \/>\n    Hozz\u00e1tette: az elm\u00falt k\u00e9t \u00e9vben a legnagyobb k\u00f6z\u00e9rdekl\u0151d\u00e9sre sz\u00e1mot tart\u00f3 \u00e9s legterjedelmesebb, kiemelked\u0151 t\u00e1rgyi s\u00faly\u00fa, bonyolult bizony\u00edt\u00e1st ig\u00e9nyl\u0151 t\u00f6rv\u00e9nysz\u00e9ki els\u0151fok\u00fa b\u00fcntet\u0151\u00fcgyekn\u00e9l harmad\u00e1ra cs\u00f6kkent az egy b\u00edr\u00f3n\u00e1l folyamatban l\u00e9v\u0151 \u00fcgyek sz\u00e1ma, 36-r\u00f3l 12-re. A jelenleg k\u00fcl\u00f6nb\u00f6z\u0151 \u00fcgyszakokban folyamatban l\u00e9v\u0151 permennyis\u00e9g mellett lehet min\u0151s\u00e9gi munk\u00e1t v\u00e9gezni, s\u00falyozni az \u00fcgyek fontoss\u00e1ga szerint, illetve vannak tartal\u00e9kok a hirtelen nagy mennyis\u00e9gben \u00e9rkez\u0151 olyan d\u00f6mping\u00fcgyek kezel\u00e9s\u00e9re is, mint amilyenek a devizahiteles \u00fcgyek.<br \/>\n    Fazekas S\u00e1ndor hangs\u00falyozta, hogy a jelenlegi helyzetben m\u00e1r nem megy a t\u00f6bbi \u00fcgy rov\u00e1s\u00e1ra a devizahiteles perek int\u00e9z\u00e9se, ahogy ez h\u00e1rom \u00e9vvel ezel\u0151tt t\u00f6rt\u00e9nt volna. A devizahiteles \u00fcgyek miatt a f\u0151v\u00e1rosi ker\u00fcletekb\u0151l m\u00e1r az els\u0151 negyed\u00e9vben 127 b\u00edr\u00f3t rendeltek fel a t\u00f6rv\u00e9nysz\u00e9kre.<br \/>\n    &#8222;A h\u00f3labd\u00e1t az elej\u00e9n lehet k\u00f6nnyen meg\u00e1ll\u00edtani. A felmer\u00fcl\u0151 probl\u00e9m\u00e1kra gyorsan kell reag\u00e1lni, mert k\u00e9s\u0151bb m\u00e1r sokkal nehezebb a kialakult helyzet kezel\u00e9se&#8221; &#8211; mondta az eln\u00f6k.<br \/>\n    Azok a koll\u00e9g\u00e1k, akiket berendelnek a t\u00f6bbletterhek feldolgoz\u00e1sa \u00e9rdek\u00e9ben, elfogadj\u00e1k a d\u00f6nt\u00e9st, mert tudj\u00e1k, hogy \u0151k is sz\u00e1m\u00edthatnak seg\u00edts\u00e9gre, ha neh\u00e9z helyzetbe ker\u00fclnek. Minden szervezeti egys\u00e9g egyform\u00e1n fontos, b\u00e1rmely ter\u00fcleten romlik a hat\u00e9konys\u00e1g, lassul az \u00fcgyek elint\u00e9z\u00e9se, az az eg\u00e9sz szervezetre vet rossz f\u00e9nyt &#8211; tette hozz\u00e1 Fazekas S\u00e1ndor.<br \/>\n    A t\u00f6rv\u00e9nysz\u00e9k munk\u00e1j\u00e1nak sz\u00ednvonal\u00e1t, az \u00edt\u00e9lkez\u0151 munka elfogadotts\u00e1g\u00e1t jelzi az is, hogy polg\u00e1ri \u00fcgyszakba ker\u00fcleti szinten az \u00fcgyek t\u00f6bb mint 80 sz\u00e1zal\u00e9ka joger\u0151re emelkedik, befejez\u0151dik, mert a felek nem fellebbeznek &#8211; hangs\u00falyozta az eln\u00f6k.<br \/>\n    Fazekas S\u00e1ndor elmondta: a t\u00f6rv\u00e9nysz\u00e9k Mark\u00f3 utcai \u00e9p\u00fclet\u00e9ben okt\u00f3ber 30-\u00e1n adj\u00e1k \u00e1t az \u00faj \u00fcgyf\u00e9lcentrumot. Valamennyi kezel\u0151iroda egy helyen lesz, teljes k\u00f6r\u0171 felvil\u00e1gos\u00edt\u00e1st adnak majd a folyamatban l\u00e9v\u0151 \u00fcgyekr\u0151l. Kivet\u00edt\u0151n lesznek olvashat\u00f3k az alapvet\u0151 inform\u00e1ci\u00f3k, a keresetlev\u00e9l beny\u00fajt\u00e1s\u00e1hoz is seg\u00edts\u00e9get kapnak az \u00fcgyfelek, \u00e9s az okm\u00e1nyirod\u00e1khoz hasonl\u00f3an lehet\u0151s\u00e9g lesz elektronikus id\u0151pontfoglal\u00e1sra.<br \/>\n    R\u00f6videsen l\u00e9trej\u00f6n a f\u0151v\u00e1rosban az egys\u00e9ges szab\u00e1lys\u00e9rt\u00e9si b\u00edr\u00f3s\u00e1g, amely eg\u00e9sz Budapestre kiterjed\u0151 illet\u00e9kess\u00e9ggel m\u0171k\u00f6dik majd 2015. janu\u00e1r 1-j\u00e9t\u0151l a II. ker\u00fclet, T\u00f6lgyfa utca 1-3. sz\u00e1m alatti \u00faj b\u00edr\u00f3s\u00e1gi \u00e9p\u00fcletben. Ebben az \u00e9p\u00fcletben kap majd helyet a F\u0151v\u00e1rosi K\u00f6zigazgat\u00e1si \u00e9s Munka\u00fcgyi B\u00edr\u00f3s\u00e1g is, amely jelenleg k\u00e9t k\u00fcl\u00f6n\u00e1ll\u00f3 objektumban dolgozik. \u00c9vente t\u00f6bb sz\u00e1z milli\u00f3 forintos megtakar\u00edt\u00e1st jelenthet majd, hogy a T\u00f6lgyfa utcai, a t\u00f6rv\u00e9nysz\u00e9k kezel\u0151i jog\u00e1ban l\u00e9v\u0151 \u00e9p\u00fclet\u00e9rt nem kell b\u00e9rleti d\u00edjat fizetni.(MTI)<\/p>\n","protected":false},"excerpt":{"rendered":"<p>\u00c1tt\u00f6r\u00e9st siker\u00fclt el\u00e9rni az \u00fcgyteher cs\u00f6kkent\u00e9s\u00e9ben az orsz\u00e1g legnagyobb b\u00edr\u00f3s\u00e1g\u00e1n, a F\u0151v\u00e1rosi T\u00f6rv\u00e9nysz\u00e9ken, \u00edgy a jelent\u0151s t\u00f6bbletterhet okoz\u00f3 t\u00f6bb sz\u00e1z \u00faj devizahiteles per t\u00f6rv\u00e9nyben el\u0151\u00edrt szigor\u00fa elint\u00e9z\u00e9si hat\u00e1rideje is tarthat\u00f3 lesz &#8211; mondta Fazekas S\u00e1ndor, a t\u00f6rv\u00e9nysz\u00e9k eln\u00f6ke az MTI-nek.<\/p>\n","protected":false},"author":1,"featured_media":0,"comment_status":"open","ping_status":"closed","sticky":false,"template":"","format":"standard","meta":[],"categories":[19,112],"tags":[],"_links":{"self":[{"href":"https:\/\/gazdasagportal.hu\/index.php\/wp-json\/wp\/v2\/posts\/41877"}],"collection":[{"href":"https:\/\/gazdasagportal.hu\/index.php\/wp-json\/wp\/v2\/posts"}],"about":[{"href":"https:\/\/gazdasagportal.hu\/index.php\/wp-json\/wp\/v2\/types\/post"}],"author":[{"embeddable":true,"href":"https:\/\/gazdasagportal.hu\/index.php\/wp-json\/wp\/v2\/users\/1"}],"replies":[{"embeddable":true,"href":"https:\/\/gazdasagportal.hu\/index.php\/wp-json\/wp\/v2\/comments?post=41877"}],"version-history":[{"count":1,"href":"https:\/\/gazdasagportal.hu\/index.php\/wp-json\/wp\/v2\/posts\/41877\/revisions"}],"predecessor-version":[{"id":41878,"href":"https:\/\/gazdasagportal.hu\/index.php\/wp-json\/wp\/v2\/posts\/41877\/revisions\/41878"}],"wp:attachment":[{"href":"https:\/\/gazdasagportal.hu\/index.php\/wp-json\/wp\/v2\/media?parent=41877"}],"wp:term":[{"taxonomy":"category","embeddable":true,"href":"https:\/\/gazdasagportal.hu\/index.php\/wp-json\/wp\/v2\/categories?post=41877"},{"taxonomy":"post_tag","embeddable":true,"href":"https:\/\/gazdasagportal.hu\/index.php\/wp-json\/wp\/v2\/tags?post=41877"}],"curies":[{"name":"wp","href":"https:\/\/api.w.org\/{rel}","templated":true}]}}