{"id":41873,"date":"2014-08-17T09:12:29","date_gmt":"2014-08-17T07:12:29","guid":{"rendered":"http:\/\/stockportal.hu\/?p=41873"},"modified":"2014-08-17T08:44:23","modified_gmt":"2014-08-17T06:44:23","slug":"tozsde-heti-osszefoglalo-csokkeno-forgalomban-emelkedett-a-bux-a-heten","status":"publish","type":"post","link":"https:\/\/gazdasagportal.hu\/index.php\/tozsde-heti-osszefoglalo-csokkeno-forgalomban-emelkedett-a-bux-a-heten\/","title":{"rendered":"T\u0151zsde heti \u00f6sszefoglal\u00f3: Cs\u00f6kken\u0151 forgalomban emelkedett a BUX a h\u00e9ten"},"content":{"rendered":"<p><strong>Cs\u00f6kken\u0151 forgalom mellett jelent\u0151sen emelkedett a Budapesti \u00c9rt\u00e9kt\u0151zsde (B\u00c9T) r\u00e9szv\u00e9nyindexe az elm\u00falt h\u00e9ten, a vezet\u0151 r\u00e9szv\u00e9nyek mind er\u0151s\u00f6dtek.<\/strong><!--more--><br \/>\n<div class=\"ads-in-post1\"><div id=\"gazdasagportal.hu_fullbanner_wideboard\"><\/div>\r\n<\/div>\n<p>    A BUX egy h\u00e9t alatt 2,42 sz\u00e1zal\u00e9kkal 423,72 ponttal emelkedett, p\u00e9nteken z\u00e1r\u00e1skor 17 506,09 ponton \u00e1llt. A heti forgalom 34,3 milli\u00e1rd forint volt, m\u00edg az el\u0151z\u0151 h\u00e9ten 40,7 milli\u00e1rd forint \u00e9rt\u00e9kben kereskedtek a r\u00e9szv\u00e9nypiacon.<br \/>\n    H\u00e9tf\u0151n a BUX k\u00f6zel 200 pontot emelkedett, amely els\u0151sorban az OTP-nek \u00e9s a Richternek volt k\u00f6sz\u00f6nhet\u0151. A geopolitikai helyzet megnyugv\u00e1s\u00e1val &#8211; az elm\u00falt hetek gyeng\u00fcl\u00e9se ut\u00e1n &#8211; vil\u00e1gszerte korrig\u00e1lni tudtak a piacok.<br \/>\n    Kedden Eur\u00f3pa-szerte visszarendez\u0151dtek a piacok a h\u00e9tf\u0151i emelked\u00e9sb\u0151l, mindenki az orosz-ukr\u00e1n fejlem\u00e9nyeket v\u00e1rta. A BUX is elvesztette az el\u0151z\u0151 napi emelked\u00e9s\u00e9t. Az OTP \u00e1rfolyam\u00e1ban is kedden jelent meg a h\u00e9tf\u0151 esti &#8211; a t\u0151zsdez\u00e1r\u00e1s ut\u00e1n k\u00f6zz\u00e9 tett &#8211; profit figyelmeztet\u00e9s. Ebben az \u00e1llt, hogy &#8211; az MNB m\u00f3dszertan\u00e1val sz\u00e1m\u00edtva &#8211; a kor\u00e1bban jelzettn\u00e9l j\u00f3val nagyobb lehet a bank vesztes\u00e9ge, amire a m\u00e1sodik negyed\u00e9vben meg is k\u00e9pzi a c\u00e9ltartal\u00e9kot.<br \/>\n    Szerd\u00e1n alapvet\u0151en pozit\u00edv volt a hangulat, nem volt negat\u00edv h\u00edr, ami be\u00e1rny\u00e9kolta volna a keresked\u00e9st, \u00edgy a h\u00e9ten elindult pozit\u00edv ir\u00e1ny\u00fa korrekci\u00f3 folytat\u00f3dni tudott a nemzetk\u00f6zi \u00e9s a hazai piacon is. A BUX t\u00f6bb mint h\u00e1romsz\u00e1z pontot emelkedett.<br \/>\n    Cs\u00fct\u00f6rt\u00f6k\u00f6n csendes volt a keresked\u00e9s, a BUX &#8211; az aznap megjelent &#8211; fontos makrogazdas\u00e1gi adatok ellen\u00e9re sz\u0171k s\u00e1vban mozgott, z\u00e1r\u00e1sra alig t\u00edz pontot esett.<br \/>\n    P\u00e9nteken a magyar t\u0151zsde z\u00e1r\u00e1sa el\u0151tt f\u00e9l \u00f3r\u00e1val az eur\u00f3pai t\u0151zsd\u00e9k hirtelen esni kezdtek. A n\u00e9met DAX p\u00e9ld\u00e1ul mintegy 200 pontot vesztett az \u00e9rt\u00e9k\u00e9b\u0151l, \u00edgy a BUX &#8211; majdnem 100 pontos &#8211; pozit\u00edv z\u00e1r\u00e1sa mindenk\u00e9ppen j\u00f3 eredm\u00e9nynek sz\u00e1m\u00edtott. Az eur\u00f3pai b\u00f6rz\u00e9ken elad\u00e1si hull\u00e1m, kisebb p\u00e1nik alakult ki arra a h\u00edrre, hogy az ukr\u00e1n hadsereg t\u00e1mad\u00e1st int\u00e9zett az orosz er\u0151k ellen.<br \/>\n    A vezet\u0151 r\u00e9szv\u00e9nyek k\u00f6z\u00fcl az OTP a m\u00falt h\u00e9ten 161 forintot, 4,24 sz\u00e1zal\u00e9kot er\u0151s\u00f6d\u00f6tt, 3957 forintot \u00e9rt p\u00e9nteken z\u00e1r\u00e1skor.<br \/>\n    A Mol 125 forintos, 1,08 sz\u00e1zal\u00e9kos er\u0151s\u00f6d\u00e9ssel 11 725 forinton z\u00e1rta a hetet.<br \/>\n    A Magyar Telekom \u00e1rfolyama 12 forinttal, 3,36 sz\u00e1zal\u00e9kkal 369 forintra emelkedett.<br \/>\n    A Richter-pap\u00edrok \u00e9rt\u00e9ke 68 forinttal, 1,8 sz\u00e1zal\u00e9kkal 3855 forintra er\u0151s\u00f6d\u00f6tt.<br \/>\n    A kis- \u00e9s k\u00f6zepes r\u00e9szv\u00e9nyek indexe, a BUMIX egy h\u00e9t alatt 2,65 ponttal, 0,18 sz\u00e1zal\u00e9kkal emelkedett, 1502,34 ponton z\u00e1rt p\u00e9nteken.(MTI)<\/p>\n","protected":false},"excerpt":{"rendered":"<p>Cs\u00f6kken\u0151 forgalom mellett jelent\u0151sen emelkedett a Budapesti \u00c9rt\u00e9kt\u0151zsde (B\u00c9T) r\u00e9szv\u00e9nyindexe az elm\u00falt h\u00e9ten, a vezet\u0151 r\u00e9szv\u00e9nyek mind er\u0151s\u00f6dtek.<\/p>\n","protected":false},"author":1,"featured_media":38464,"comment_status":"open","ping_status":"closed","sticky":false,"template":"","format":"standard","meta":[],"categories":[7,122],"tags":[],"_links":{"self":[{"href":"https:\/\/gazdasagportal.hu\/index.php\/wp-json\/wp\/v2\/posts\/41873"}],"collection":[{"href":"https:\/\/gazdasagportal.hu\/index.php\/wp-json\/wp\/v2\/posts"}],"about":[{"href":"https:\/\/gazdasagportal.hu\/index.php\/wp-json\/wp\/v2\/types\/post"}],"author":[{"embeddable":true,"href":"https:\/\/gazdasagportal.hu\/index.php\/wp-json\/wp\/v2\/users\/1"}],"replies":[{"embeddable":true,"href":"https:\/\/gazdasagportal.hu\/index.php\/wp-json\/wp\/v2\/comments?post=41873"}],"version-history":[{"count":1,"href":"https:\/\/gazdasagportal.hu\/index.php\/wp-json\/wp\/v2\/posts\/41873\/revisions"}],"predecessor-version":[{"id":41874,"href":"https:\/\/gazdasagportal.hu\/index.php\/wp-json\/wp\/v2\/posts\/41873\/revisions\/41874"}],"wp:featuredmedia":[{"embeddable":true,"href":"https:\/\/gazdasagportal.hu\/index.php\/wp-json\/wp\/v2\/media\/38464"}],"wp:attachment":[{"href":"https:\/\/gazdasagportal.hu\/index.php\/wp-json\/wp\/v2\/media?parent=41873"}],"wp:term":[{"taxonomy":"category","embeddable":true,"href":"https:\/\/gazdasagportal.hu\/index.php\/wp-json\/wp\/v2\/categories?post=41873"},{"taxonomy":"post_tag","embeddable":true,"href":"https:\/\/gazdasagportal.hu\/index.php\/wp-json\/wp\/v2\/tags?post=41873"}],"curies":[{"name":"wp","href":"https:\/\/api.w.org\/{rel}","templated":true}]}}