{"id":41847,"date":"2014-08-16T15:52:53","date_gmt":"2014-08-16T13:52:53","guid":{"rendered":"http:\/\/stockportal.hu\/?p=41847"},"modified":"2014-08-16T14:24:11","modified_gmt":"2014-08-16T12:24:11","slug":"irani-atomprogram-iran-ha-novemberig-lesz-is-megallapodas-a-reszleteket-utana-kell-kidolgozni","status":"publish","type":"post","link":"https:\/\/gazdasagportal.hu\/index.php\/irani-atomprogram-iran-ha-novemberig-lesz-is-megallapodas-a-reszleteket-utana-kell-kidolgozni\/","title":{"rendered":"Ir\u00e1ni atomprogram &#8211; Ir\u00e1n: ha novemberig lesz is meg\u00e1llapod\u00e1s, a r\u00e9szleteket ut\u00e1na kell kidolgozni"},"content":{"rendered":"<p><strong>Ha a novemberig meghosszabb\u00edtott hat\u00e1rid\u0151ig sz\u00fcletik is \u00e1ltal\u00e1nos meg\u00e1llapod\u00e1s az ir\u00e1ni atomprogramr\u00f3l Teher\u00e1n \u00e9s a vele t\u00e1rgyal\u00f3 nagyhatalmak k\u00f6z\u00f6tt, a r\u00e9szletek kidolgoz\u00e1s\u00e1hoz m\u00e9g id\u0151 kell ut\u00e1na &#8211; jelentette ki Dzsavad Zarif ir\u00e1ni k\u00fcl\u00fcgyminiszter, akit az Iran Daily c\u00edm\u0171 angol nyelv\u0171 napilap id\u00e9zett szombaton.<\/strong><!--more--><br \/>\n<div class=\"ads-in-post1\"><div id=\"gazdasagportal.hu_fullbanner_wideboard\"><\/div>\r\n<\/div>\n<p>    \u00cdgy nem val\u00f3sz\u00edn\u0171, hogy lesz v\u00e9gs\u0151 meg\u00e1llapod\u00e1s november 24-\u00e9ig &#8211; tette hozz\u00e1.<br \/>\n    Az ENSZ Biztons\u00e1gi Tan\u00e1cs\u00e1nak \u00f6t \u00e1lland\u00f3 tagj\u00e1t \u00e9s N\u00e9metorsz\u00e1got t\u00f6m\u00f6r\u00edt\u0151 hatok k\u00e9pvisel\u0151i egy nappal a j\u00falius 20-i hat\u00e1rid\u0151 lej\u00e1rta el\u0151tt megegyeztek Ir\u00e1nnal abban, hogy n\u00e9gy h\u00f3nappal meghosszabb\u00edtj\u00e1k az ut\u00f3bbi vitatott atomprogramj\u00e1r\u00f3l foly\u00f3 t\u00e1rgyal\u00e1sokat.<br \/>\n    A feleknek a genfi ideiglenes megegyez\u00e9st kell felv\u00e1ltaniuk egy v\u00e9gleges meg\u00e1llapod\u00e1ssal, \u00e9s b\u00e1r siker\u00fclt &#8222;k\u00e9zzelfoghat\u00f3 eredm\u00e9nyeket&#8221; el\u00e9rni\u00fck &#8211; p\u00e9ld\u00e1ul az araki neh\u00e9zvizes reaktor tekintet\u00e9ben -, John Kerry amerikai \u00e9s Zarif ir\u00e1ni k\u00fcl\u00fcgyminiszter, valamint Catherine Ashton, az Eur\u00f3pai Uni\u00f3 k\u00fcl- \u00e9s biztons\u00e1gpolitikai f\u0151k\u00e9pvisel\u0151je \u00fagy fogalmazott akkor: az \u00e1ll\u00e1spontok k\u00f6z\u00f6tt m\u00e9g mindig vannak l\u00e9nyeges k\u00fcl\u00f6nbs\u00e9gek. Ashton sz\u00f3viv\u0151je augusztus elej\u00e9n k\u00f6z\u00f6lte, hogy a t\u00e1rgyal\u00e1sok m\u00e9g az ENSZ K\u00f6zgy\u0171l\u00e9s\u00e9nek szeptember 16-\u00e1n kezd\u0151d\u0151 \u00fcl\u00e9sszaka el\u0151tt folytat\u00f3dnak.<br \/>\n    Vas\u00e1rnap Teher\u00e1nba \u00e9rkezik Amano Jukija, a Nemzetk\u00f6zi Atomenergia-\u00fcgyn\u00f6ks\u00e9g (NA\u00dc) f\u0151igazgat\u00f3ja, hogy az \u00fcgyn\u00f6ks\u00e9g \u00e9s Ir\u00e1n k\u00f6z\u00f6tti egy\u00fcttm\u0171k\u00f6d\u00e9s folytat\u00e1s\u00e1r\u00f3l t\u00e1rgyaljon a teher\u00e1ni vezet\u0151kkel. A NA\u00dc augusztus 25-\u00e9ig adott hat\u00e1rid\u0151t Ir\u00e1nnak arra, hogy atomprogramj\u00e1r\u00f3l bizonyos tov\u00e1bbi inform\u00e1ci\u00f3kat adjon.(MTI)<\/p>\n","protected":false},"excerpt":{"rendered":"<p>Ha a novemberig meghosszabb\u00edtott hat\u00e1rid\u0151ig sz\u00fcletik is \u00e1ltal\u00e1nos meg\u00e1llapod\u00e1s az ir\u00e1ni atomprogramr\u00f3l Teher\u00e1n \u00e9s a vele t\u00e1rgyal\u00f3 nagyhatalmak k\u00f6z\u00f6tt, a r\u00e9szletek kidolgoz\u00e1s\u00e1hoz m\u00e9g id\u0151 kell ut\u00e1na &#8211; jelentette ki Dzsavad Zarif ir\u00e1ni k\u00fcl\u00fcgyminiszter, akit az Iran Daily c\u00edm\u0171 angol nyelv\u0171 napilap id\u00e9zett szombaton.<\/p>\n","protected":false},"author":1,"featured_media":0,"comment_status":"open","ping_status":"closed","sticky":false,"template":"","format":"standard","meta":[],"categories":[16],"tags":[],"_links":{"self":[{"href":"https:\/\/gazdasagportal.hu\/index.php\/wp-json\/wp\/v2\/posts\/41847"}],"collection":[{"href":"https:\/\/gazdasagportal.hu\/index.php\/wp-json\/wp\/v2\/posts"}],"about":[{"href":"https:\/\/gazdasagportal.hu\/index.php\/wp-json\/wp\/v2\/types\/post"}],"author":[{"embeddable":true,"href":"https:\/\/gazdasagportal.hu\/index.php\/wp-json\/wp\/v2\/users\/1"}],"replies":[{"embeddable":true,"href":"https:\/\/gazdasagportal.hu\/index.php\/wp-json\/wp\/v2\/comments?post=41847"}],"version-history":[{"count":1,"href":"https:\/\/gazdasagportal.hu\/index.php\/wp-json\/wp\/v2\/posts\/41847\/revisions"}],"predecessor-version":[{"id":41848,"href":"https:\/\/gazdasagportal.hu\/index.php\/wp-json\/wp\/v2\/posts\/41847\/revisions\/41848"}],"wp:attachment":[{"href":"https:\/\/gazdasagportal.hu\/index.php\/wp-json\/wp\/v2\/media?parent=41847"}],"wp:term":[{"taxonomy":"category","embeddable":true,"href":"https:\/\/gazdasagportal.hu\/index.php\/wp-json\/wp\/v2\/categories?post=41847"},{"taxonomy":"post_tag","embeddable":true,"href":"https:\/\/gazdasagportal.hu\/index.php\/wp-json\/wp\/v2\/tags?post=41847"}],"curies":[{"name":"wp","href":"https:\/\/api.w.org\/{rel}","templated":true}]}}