{"id":41845,"date":"2014-08-16T14:19:29","date_gmt":"2014-08-16T12:19:29","guid":{"rendered":"http:\/\/stockportal.hu\/?p=41845"},"modified":"2014-08-16T14:19:29","modified_gmt":"2014-08-16T12:19:29","slug":"ukran-valsag-az-mszp-az-europai-bizottsagtol-ker-kompenzaciot-az-orosz-szankciok-miatt","status":"publish","type":"post","link":"https:\/\/gazdasagportal.hu\/index.php\/ukran-valsag-az-mszp-az-europai-bizottsagtol-ker-kompenzaciot-az-orosz-szankciok-miatt\/","title":{"rendered":"Ukr\u00e1n v\u00e1ls\u00e1g &#8211; Az MSZP az Eur\u00f3pai Bizotts\u00e1gt\u00f3l k\u00e9r kompenz\u00e1ci\u00f3t az orosz szankci\u00f3k miatt"},"content":{"rendered":"<p><strong>Az Eur\u00f3pai Bizotts\u00e1ghoz fordul az orosz kereskedelmi szankci\u00f3k miatt Ujhelyi Istv\u00e1n szocialista EP-k\u00e9pvisel\u0151 a neh\u00e9z helyzetbe ker\u00fclt szektorok kompenz\u00e1ci\u00f3ja \u00e9rdek\u00e9ben.<\/strong><!--more--><br \/>\n<div class=\"ads-in-post1\"><div id=\"gazdasagportal.hu_fullbanner_wideboard\"><\/div>\r\n<\/div>\n<p>    Az MSZP szombaton az MTI-vel azt k\u00f6z\u00f6lte: az Eur\u00f3pai Parlament k\u00fcl\u00fcgyi bizotts\u00e1g\u00e1nak tagja azt v\u00e1rja a test\u00fclett\u0151l, hogy miel\u0151bb dolgozz\u00e1k ki az importtilalom miatt neh\u00e9z helyzetbe ker\u00fcl\u0151 szektorok &#8211; \u00edgy a magyar agr\u00e1ripar &#8211; megfelel\u0151 m\u00e9rt\u00e9k\u0171 kompenz\u00e1ci\u00f3j\u00e1t. Hozz\u00e1tett\u00e9k: a szankci\u00f3 miatt \u00e1tfog\u00f3 megold\u00e1sra van sz\u00fcks\u00e9g.<br \/>\n    A p\u00e1rt felh\u00edvta a figyelmet arra, hogy az EU-tagorsz\u00e1gok legfontosabb oroszorsz\u00e1gi exportcikkei az agr\u00e1rterm\u00e9kek; csak Magyarorsz\u00e1g t\u00f6bb mint hetvenmilli\u00e1rd forintnyi \u00e9rt\u00e9kben sz\u00e1ll\u00edtott tavaly mez\u0151gazdas\u00e1gi \u00e9s \u00e9lelmiszer\u00e1rut a most r\u00e9szben bez\u00e1rul\u00f3 orosz piacra.<br \/>\n    Szerint\u00fck Putyin politik\u00e1j\u00e1nak k\u00f6vetkezm\u00e9nyek\u00e9nt a magyar kis- \u00e9s k\u00f6zepes v\u00e1llalkoz\u00f3k v\u00e1rhat\u00f3an mintegy huszon\u00f6tmilli\u00e1rd forint vesztes\u00e9get lesznek k\u00e9nytelenek elk\u00f6nyvelni. Ez Magyarorsz\u00e1gon t\u00f6bb t\u00edzezer munkahelyet \u00e9rint \u00e9s vesz\u00e9lyeztet &#8211; \u00edrta k\u00f6zlem\u00e9ny\u00e9ben a p\u00e1rt.<br \/>\n    Ujhelyi Istv\u00e1n ebben a magyar korm\u00e1nyt is hat\u00e9kony \u00e9rdekk\u00e9pviseletre sz\u00f3l\u00edtja fel.<br \/>\n    Az MSZP aleln\u00f6ke emellett kamp\u00e1nyt ind\u00edtott a k\u00f6z\u00f6ss\u00e9gi oldal\u00e1n a magyar term\u00e9kek fogyaszt\u00e1sa mellett.(MTI)<\/p>\n","protected":false},"excerpt":{"rendered":"<p>Az Eur\u00f3pai Bizotts\u00e1ghoz fordul az orosz kereskedelmi szankci\u00f3k miatt Ujhelyi Istv\u00e1n szocialista EP-k\u00e9pvisel\u0151 a neh\u00e9z helyzetbe ker\u00fclt szektorok kompenz\u00e1ci\u00f3ja \u00e9rdek\u00e9ben.<\/p>\n","protected":false},"author":1,"featured_media":0,"comment_status":"open","ping_status":"closed","sticky":false,"template":"","format":"standard","meta":[],"categories":[139],"tags":[],"_links":{"self":[{"href":"https:\/\/gazdasagportal.hu\/index.php\/wp-json\/wp\/v2\/posts\/41845"}],"collection":[{"href":"https:\/\/gazdasagportal.hu\/index.php\/wp-json\/wp\/v2\/posts"}],"about":[{"href":"https:\/\/gazdasagportal.hu\/index.php\/wp-json\/wp\/v2\/types\/post"}],"author":[{"embeddable":true,"href":"https:\/\/gazdasagportal.hu\/index.php\/wp-json\/wp\/v2\/users\/1"}],"replies":[{"embeddable":true,"href":"https:\/\/gazdasagportal.hu\/index.php\/wp-json\/wp\/v2\/comments?post=41845"}],"version-history":[{"count":1,"href":"https:\/\/gazdasagportal.hu\/index.php\/wp-json\/wp\/v2\/posts\/41845\/revisions"}],"predecessor-version":[{"id":41846,"href":"https:\/\/gazdasagportal.hu\/index.php\/wp-json\/wp\/v2\/posts\/41845\/revisions\/41846"}],"wp:attachment":[{"href":"https:\/\/gazdasagportal.hu\/index.php\/wp-json\/wp\/v2\/media?parent=41845"}],"wp:term":[{"taxonomy":"category","embeddable":true,"href":"https:\/\/gazdasagportal.hu\/index.php\/wp-json\/wp\/v2\/categories?post=41845"},{"taxonomy":"post_tag","embeddable":true,"href":"https:\/\/gazdasagportal.hu\/index.php\/wp-json\/wp\/v2\/tags?post=41845"}],"curies":[{"name":"wp","href":"https:\/\/api.w.org\/{rel}","templated":true}]}}