{"id":41814,"date":"2014-08-15T19:43:53","date_gmt":"2014-08-15T17:43:53","guid":{"rendered":"http:\/\/stockportal.hu\/?p=41814"},"modified":"2014-08-15T18:14:42","modified_gmt":"2014-08-15T16:14:42","slug":"javitottak-a-brit-gazdasag-novekedesi-adatait","status":"publish","type":"post","link":"https:\/\/gazdasagportal.hu\/index.php\/javitottak-a-brit-gazdasag-novekedesi-adatait\/","title":{"rendered":"Jav\u00edtott\u00e1k a brit gazdas\u00e1g n\u00f6veked\u00e9si adatait"},"content":{"rendered":"<p><strong>Az el\u0151zetes becsl\u00e9sn\u00e9l valamivel gyorsabban n\u0151tt a brit gazdas\u00e1g teljes\u00edtm\u00e9nye az idei m\u00e1sodik negyed\u00e9vben.<\/strong><!--more--><br \/>\n<div class=\"ads-in-post1\"><div id=\"gazdasagportal.hu_fullbanner_wideboard\"><\/div>\r\n<\/div>\n<p>    A brit statisztikai hivatal p\u00e9nteken ismertetett, r\u00e9szletesebb adatokra \u00e9p\u00fcl\u0151 m\u00e1sodik becsl\u00e9se szerint a brit hazai \u00f6sszterm\u00e9k (GDP) az idei m\u00e1sodik h\u00e1rom h\u00f3napban 3,2 sz\u00e1zal\u00e9kkal haladta meg az egy \u00e9vvel kor\u00e1bbi azonos id\u0151szak\u00e9t.<br \/>\n    A n\u00e9h\u00e1ny hete ismertetett els\u0151 becsl\u00e9sben 3,1 sz\u00e1zal\u00e9kos \u00e9ves n\u00f6veked\u00e9si \u00fctem szerepelt.<br \/>\n    A brit gazdas\u00e1g hat \u00e9ve nem n\u00f6vekedett olyan \u00fctemben, mint az idei els\u0151 f\u00e9l\u00e9vben, \u00e9s a GDP-\u00e9rt\u00e9k m\u00e1r meghaladta a p\u00e9nz\u00fcgyi v\u00e1ls\u00e1g elhatalmasod\u00e1sa el\u0151tt, 2008 els\u0151 negyed\u00e9ben m\u00e9rt legut\u00f3bbi cs\u00facsot.<br \/>\n    Nagy-Britannia &#8211; az eur\u00f3\u00f6vezeten k\u00edv\u00fcli legnagyobb EU-gazdas\u00e1g &#8211; 2008-2009-es recesszi\u00f3ja az addigi leghosszabb volt a modern brit gazdas\u00e1gt\u00f6rt\u00e9netben. A visszaes\u00e9s 2009 harmadik negyed\u00e9v\u00e9ig tartott; az volt a hatodik olyan negyed\u00e9v egym\u00e1s ut\u00e1n, amelyben cs\u00f6kkent a brit GDP-\u00e9rt\u00e9k.<br \/>\n    A brit statisztikai hivatal becsl\u00e9se szerint a brit GDP a p\u00e9nz\u00fcgyi v\u00e1ls\u00e1g el\u0151tt m\u00e9rt legut\u00f3bbi cs\u00facs \u00e9s a 2009 k\u00f6zep\u00e9n el\u00e9rt m\u00e9lypont k\u00f6z\u00f6tt 7,2 sz\u00e1zal\u00e9kot zuhant; ez is id\u0151ar\u00e1nyos negat\u00edv rekord.<br \/>\n    Londoni p\u00e9nz\u00fcgyi elemz\u0151k kimutat\u00e1sa szerint ugyanakkor a brit gazdas\u00e1g m\u00e9g \u00edgy is sokkal jobb \u00e1llapotban v\u00e9szelte \u00e1t a v\u00e1ls\u00e1got, mint az eur\u00f3\u00f6vezeti perif\u00e9ria, \u00e9s j\u00f3val hamarabb dolgozta le vesztes\u00e9geit is.<br \/>\n    Az egyik legtekint\u00e9lyesebb londoni gazdas\u00e1gi-p\u00e9nz\u00fcgyi elemz\u0151h\u00e1z, a Centre for Economics and Business Research (CEBR) k\u00f6zgazd\u00e1szainak \u00faj tanulm\u00e1nya szerint p\u00e9ld\u00e1ul G\u00f6r\u00f6gorsz\u00e1gban 2008 \u00e9s 2013 k\u00f6z\u00f6tt 23,8 sz\u00e1zal\u00e9kkal zuhant az egy f\u0151re jut\u00f3 \u00f6sszkibocs\u00e1t\u00e1s re\u00e1l\u00e9rt\u00e9ken, \u00e9s 2014-2019 k\u00f6z\u00f6tt \u00f6sszesen is csak 15 sz\u00e1zal\u00e9kos n\u00f6veked\u00e9s v\u00e1rhat\u00f3, vagyis a g\u00f6r\u00f6g gazdas\u00e1g val\u00f3sz\u00edn\u0171leg a k\u00f6vetkez\u0151 \u00f6t \u00e9vben sem hozza be a recesszi\u00f3s \u00e9vekben elszenvedett visszaes\u00e9st.<br \/>\n    Spanyolorsz\u00e1gban az el\u0151z\u0151 \u00f6t \u00e9v 10,1 sz\u00e1zal\u00e9kos kumulat\u00edv visszaes\u00e9s\u00e9t a k\u00f6vetkez\u0151 \u00f6t \u00e9vben 4,6 sz\u00e1zal\u00e9kos n\u00f6veked\u00e9s k\u00f6vetheti. Az olasz gazdas\u00e1g teljes\u00edtm\u00e9nye a tavaly z\u00e1rult \u00f6t \u00e9vben 9,2 sz\u00e1zal\u00e9kkal zsugorodott, \u00e9s 2019-ig v\u00e1rhat\u00f3an szint\u00e9n 4,6 sz\u00e1zal\u00e9kkal n\u00f6vekszik &#8211; j\u00f3solt\u00e1k a CEBR londoni k\u00f6zgazd\u00e1szai.<br \/>\n    A brit gazdas\u00e1g ugyanakkor az elm\u00falt negyed\u00e9vekben a magasan fejlett gazdas\u00e1gok n\u00f6veked\u00e9si \u00e9llovas\u00e1v\u00e1 v\u00e1lt. George Osborne p\u00e9nz\u00fcgyminiszter az \u00e1prilisban kezd\u0151d\u00f6tt 2014-2015-\u00f6s p\u00e9nz\u00fcgyi \u00e9v k\u00f6lts\u00e9gvet\u00e9s\u00e9t ismertetve a parlament als\u00f3h\u00e1z\u00e1ban kijelentette, hogy a brit gazdas\u00e1g n\u00f6vekszik a leggyorsabban a vezet\u0151 ipari hatalmak k\u00f6z\u00f6tt.<br \/>\n    Osborne k\u00f6z\u00f6lte: a korm\u00e1ny fel\u00fclvizsg\u00e1lt \u00faj progn\u00f3zisa szerint a brit hazai \u00f6sszterm\u00e9k az idei napt\u00e1ri \u00e9vben 2,7 sz\u00e1zal\u00e9kkal b\u0151v\u00fcl a kor\u00e1bban v\u00e1rt 2,4 sz\u00e1zal\u00e9k helyett.<br \/>\n    A Bank of England &#8211; a brit jegybank &#8211; kanadai korm\u00e1nyz\u00f3ja, Mark Carney a londoni als\u00f3h\u00e1z p\u00e9nz\u00fcgyi bizotts\u00e1g\u00e1nak m\u00falt havi meghallgat\u00e1s\u00e1n kijelentette: a brit gazdas\u00e1g kil\u00e1bal\u00e1si folyamat\u00e1nak el\u0151rehaladt\u00e1val &#8222;egyre k\u00f6zeledik&#8221; a jegybanki kamatszint &#8222;normaliz\u00e1l\u00e1s\u00e1nak&#8221; id\u0151pontja. Carney nem tett utal\u00e1st az els\u0151 kamatemel\u00e9s v\u00e1rhat\u00f3 id\u0151pontj\u00e1ra, hangs\u00falyozta ugyanakkor, hogy a monet\u00e1ris politika szigor\u00edt\u00e1sa igen fokozatos \u00fctem\u0171 lesz, \u00e9s a brit jegybanki kamat v\u00e1rhat\u00f3an a k\u00f6vetkez\u0151 \u00e9vekben is j\u00f3val a t\u00f6rt\u00e9nelmi \u00e1tlag alatt marad.<br \/>\n    A Bank of England t\u00f6bb mint \u00f6t \u00e9ve, 2009 m\u00e1rciusa \u00f3ta 0,5 sz\u00e1zal\u00e9kon tartja alapkamat\u00e1t. Ez abszol\u00fat m\u00e9lys\u00e9gi rekord: a Bank of England 1694-es alap\u00edt\u00e1sa \u00e9s a 0,5 sz\u00e1zal\u00e9kos alapkamat el\u00e9r\u00e9se k\u00f6z\u00f6tt eltelt 315 \u00e9vben soha nem cs\u00f6kkent 2 sz\u00e1zal\u00e9k al\u00e1 az ir\u00e1nyad\u00f3 brit jegybanki kamat.(MTI)<\/p>\n","protected":false},"excerpt":{"rendered":"<p>Az el\u0151zetes becsl\u00e9sn\u00e9l valamivel gyorsabban n\u0151tt a brit gazdas\u00e1g teljes\u00edtm\u00e9nye az idei m\u00e1sodik negyed\u00e9vben.<\/p>\n","protected":false},"author":1,"featured_media":0,"comment_status":"open","ping_status":"closed","sticky":false,"template":"","format":"standard","meta":[],"categories":[12],"tags":[],"_links":{"self":[{"href":"https:\/\/gazdasagportal.hu\/index.php\/wp-json\/wp\/v2\/posts\/41814"}],"collection":[{"href":"https:\/\/gazdasagportal.hu\/index.php\/wp-json\/wp\/v2\/posts"}],"about":[{"href":"https:\/\/gazdasagportal.hu\/index.php\/wp-json\/wp\/v2\/types\/post"}],"author":[{"embeddable":true,"href":"https:\/\/gazdasagportal.hu\/index.php\/wp-json\/wp\/v2\/users\/1"}],"replies":[{"embeddable":true,"href":"https:\/\/gazdasagportal.hu\/index.php\/wp-json\/wp\/v2\/comments?post=41814"}],"version-history":[{"count":1,"href":"https:\/\/gazdasagportal.hu\/index.php\/wp-json\/wp\/v2\/posts\/41814\/revisions"}],"predecessor-version":[{"id":41815,"href":"https:\/\/gazdasagportal.hu\/index.php\/wp-json\/wp\/v2\/posts\/41814\/revisions\/41815"}],"wp:attachment":[{"href":"https:\/\/gazdasagportal.hu\/index.php\/wp-json\/wp\/v2\/media?parent=41814"}],"wp:term":[{"taxonomy":"category","embeddable":true,"href":"https:\/\/gazdasagportal.hu\/index.php\/wp-json\/wp\/v2\/categories?post=41814"},{"taxonomy":"post_tag","embeddable":true,"href":"https:\/\/gazdasagportal.hu\/index.php\/wp-json\/wp\/v2\/tags?post=41814"}],"curies":[{"name":"wp","href":"https:\/\/api.w.org\/{rel}","templated":true}]}}