{"id":41806,"date":"2014-08-15T17:57:26","date_gmt":"2014-08-15T15:57:26","guid":{"rendered":"http:\/\/stockportal.hu\/?p=41806"},"modified":"2014-08-15T17:57:26","modified_gmt":"2014-08-15T15:57:26","slug":"bild-nemetorszag-roman-es-bolgar-fegyvereket-szallithat-irakba","status":"publish","type":"post","link":"https:\/\/gazdasagportal.hu\/index.php\/bild-nemetorszag-roman-es-bolgar-fegyvereket-szallithat-irakba\/","title":{"rendered":"Bild: N\u00e9metorsz\u00e1g rom\u00e1n \u00e9s bolg\u00e1r fegyvereket sz\u00e1ll\u00edthat Irakba"},"content":{"rendered":"<p><strong>A n\u00e9met v\u00e9delmi miniszt\u00e9rium tervei szerint a Bundeswehr &#8211; a n\u00e9met hadsereg &#8211; uni\u00f3s partnerek, k\u00f6zt\u00fck Rom\u00e1nia \u00e9s Bulg\u00e1ria \u00e1ltal felaj\u00e1nlott fegyvereket sz\u00e1ll\u00edthat Irakba az Iszl\u00e1m \u00c1llam (I\u00c1) sz\u00e9ls\u0151s\u00e9ges szunnita szervezet ellen harcol\u00f3 er\u0151knek &#8211; jelentette p\u00e9nteken a Bild.<\/strong><!--more--><br \/>\n<div class=\"ads-in-post1\"><div id=\"gazdasagportal.hu_fullbanner_wideboard\"><\/div>\r\n<\/div>\n<p>    A n\u00e9met lap online kiad\u00e1s\u00e1ban megjelent besz\u00e1mol\u00f3 szerint a Bundeswehr f\u0151fel\u00fcgyel\u0151j\u00e9nek a v\u00e9delmi miniszt\u00e9riumb\u00f3l p\u00e9nteken megk\u00fcld\u00f6tt javaslatban az \u00e1ll, hogy v\u00e1llalj\u00e1k \u00e1t partnerorsz\u00e1gokt\u00f3l &#8222;katonai felszerel\u00e9sek, bele\u00e9rtve fegyverzet \u00e9s l\u0151szer Irakba sz\u00e1ll\u00edt\u00e1s\u00e1nak&#8221; feladat\u00e1t.<br \/>\n    A Bild szerint a Bundeswehr a &#8222;logisztikai t\u00e1mogat\u00e1s&#8221; r\u00e9szek\u00e9nt egyebek k\u00f6z\u00f6tt Rom\u00e1ni\u00e1b\u00f3l \u00e9s Bulg\u00e1ri\u00e1b\u00f3l sz\u00e1rmaz\u00f3 Kalasnyikov g\u00e9pkarab\u00e9lyokat juttathat el az I\u00c1 ellen k\u00fczd\u0151 kurd er\u0151knek.<br \/>\n    N\u00e9met r\u00e9szr\u0151l egyel\u0151re fegyvert \u00e9s l\u0151szert nem kell sz\u00e1ll\u00edtani Irakba, Berlin hozz\u00e1j\u00e1rul\u00e1sa &#8222;kiz\u00e1r\u00f3lag hal\u00e1lt nem okoz\u00f3 katonai eszk\u00f6z\u00f6ket&#8221;, a t\u00f6bbi k\u00f6z\u00f6tt t\u00e1vk\u00f6zl\u00e9si berendez\u00e9seket, aknakeres\u0151 eszk\u00f6z\u00f6ket, goly\u00f3\u00e1ll\u00f3 mell\u00e9nyeket, sisakokat, katona-eg\u00e9szs\u00e9g\u00fcgyi j\u00e1rm\u0171veket \u00e9s &#8222;\u00e9jjell\u00e1t\u00f3 (infrav\u00f6r\u00f6s) k\u00e9sz\u00fcl\u00e9keket&#8221; jelent &#8211; id\u00e9zett a lap a bizalmas dokumentumb\u00f3l.<br \/>\n    Ugyanakkor N\u00e9metorsz\u00e1g sz\u00fcks\u00e9g eset\u00e9n fegyverekkel is t\u00e1mogathatja az I\u00c1 elleni harcot &#8211; jelezte Ursula von der Leyen v\u00e9delmi miniszter a Bild p\u00e9nteki nyomtatott kiad\u00e1s\u00e1ban k\u00f6z\u00f6lt interj\u00faban.<br \/>\n    &#8222;Ha egy n\u00e9pirt\u00e1st csak n\u00e9met fegyverekkel lehet megakad\u00e1lyozni, akkor seg\u00edten\u00fcnk kell&#8221; &#8211; mondta a miniszter, utalva arra, miszerint N\u00e9metorsz\u00e1g szak\u00edthat azzal a k\u00fcl- \u00e9s biztons\u00e1gpolitikai alapelvvel, hogy nem sz\u00e1ll\u00edt fegyvert h\u00e1bor\u00fas \u00f6vezetbe.<br \/>\n    N\u00e9metorsz\u00e1g a katonai jelleg\u0171 t\u00e1mogat\u00e1st\u00f3l f\u00fcggetlen\u00fcl nagy er\u0151ket mozg\u00f3s\u00edt az I\u00c1 \u00e1ltal \u00c9szak-Irakban \u00fcld\u00f6z\u00f6ttek &#8211; k\u00f6zt\u00fck a kereszt\u00e9ny k\u00f6z\u00f6ss\u00e9g \u00e9s a kurd nyelven besz\u00e9l\u0151, de \u00f6n\u00e1ll\u00f3 vall\u00e1st k\u00f6vet\u0151 jazidi kisebbs\u00e9g, valamint a t\u00fcrkm\u00e9n n\u00e9pcsoport &#8211; humanit\u00e1rius seg\u00e9lyez\u00e9s\u00e9re. Eddig csaknem 25 milli\u00f3 eur\u00f3val t\u00e1mogatt\u00e1k a menek\u00fcltek ell\u00e1t\u00e1s\u00e1t, \u00e9s p\u00e9nteken a Bundeswehr n\u00e9gy sz\u00e1ll\u00edt\u00f3 rep\u00fcl\u0151g\u00e9pe 36 tonn\u00e1nyi seg\u00e9llyel indult el Irakba.<br \/>\n    A h\u00e9t v\u00e9g\u00e9n Frank-Walter Steinmeier k\u00fcl\u00fcgyminiszter is Irakba utazik, a Bild \u00e1ltal id\u00e9zett miniszt\u00e9riumi dokumentum szerint pedig hamarosan  egy &#8222;katonai \u00f6sszek\u00f6t\u0151 szervezeti egys\u00e9ggel&#8221; b\u0151v\u00edtik az Erb\u00edlben &#8211; az \u00e9szak-iraki Kurdiszt\u00e1n auton\u00f3m tartom\u00e1ny f\u0151v\u00e1ros\u00e1ban &#8211; m\u0171k\u00f6d\u0151 n\u00e9met f\u0151konzul\u00e1tust.<br \/>\n    Az I\u00c1  j\u00fanius \u00f3ta jelent\u0151s ter\u00fcleteket foglalt el Irak nyugati \u00e9s \u00e9szaki r\u00e9sz\u00e9n, \u00e9s egyre komolyabb fenyeget\u00e9st jelent Kurdiszt\u00e1n tartom\u00e1nyra, amely eddig a b\u00e9ke \u00e9s a stabilit\u00e1s szigete volt a hossz\u00fa ideje vall\u00e1si er\u0151szak s\u00fajtotta Irakban.<br \/>\n    Az ENSZ becsl\u00e9sei szerint eddig m\u00e1sf\u00e9l milli\u00f3 iraki menek\u00fclt el otthon\u00e1b\u00f3l az I\u00c1 offenz\u00edv\u00e1ja miatt. A vil\u00e1gszervezet szerd\u00e1n a legmagasabb, harmadik fokozat\u00fa humanit\u00e1rius katasztr\u00f3f\u00e1nak min\u0151s\u00edtette az iraki helyzetet, \u00e9s tov\u00e1bbi seg\u00e9lyeket \u00edg\u00e9rt az orsz\u00e1g lakoss\u00e1g\u00e1nak.<br \/>\n    Az I\u00c1 elleni v\u00e9dekez\u00e9sre k\u00e9sz\u00fcl\u0151 Erb\u00edlben a napokban sokan v\u00e1s\u00e1roltak Kalasnyikov g\u00e9pkarab\u00e9lyt, amelynek az \u00e1ra a kor\u00e1bbi 700 doll\u00e1rr\u00f3l 1300 doll\u00e1rra emelkedett.(MTI)<\/p>\n","protected":false},"excerpt":{"rendered":"<p>A n\u00e9met v\u00e9delmi miniszt\u00e9rium tervei szerint a Bundeswehr &#8211; a n\u00e9met hadsereg &#8211; uni\u00f3s partnerek, k\u00f6zt\u00fck Rom\u00e1nia \u00e9s Bulg\u00e1ria \u00e1ltal felaj\u00e1nlott fegyvereket sz\u00e1ll\u00edthat Irakba az Iszl\u00e1m \u00c1llam (I\u00c1) sz\u00e9ls\u0151s\u00e9ges szunnita szervezet ellen harcol\u00f3 er\u0151knek &#8211; jelentette p\u00e9nteken a Bild.<\/p>\n","protected":false},"author":1,"featured_media":0,"comment_status":"open","ping_status":"closed","sticky":false,"template":"","format":"standard","meta":[],"categories":[16],"tags":[],"_links":{"self":[{"href":"https:\/\/gazdasagportal.hu\/index.php\/wp-json\/wp\/v2\/posts\/41806"}],"collection":[{"href":"https:\/\/gazdasagportal.hu\/index.php\/wp-json\/wp\/v2\/posts"}],"about":[{"href":"https:\/\/gazdasagportal.hu\/index.php\/wp-json\/wp\/v2\/types\/post"}],"author":[{"embeddable":true,"href":"https:\/\/gazdasagportal.hu\/index.php\/wp-json\/wp\/v2\/users\/1"}],"replies":[{"embeddable":true,"href":"https:\/\/gazdasagportal.hu\/index.php\/wp-json\/wp\/v2\/comments?post=41806"}],"version-history":[{"count":1,"href":"https:\/\/gazdasagportal.hu\/index.php\/wp-json\/wp\/v2\/posts\/41806\/revisions"}],"predecessor-version":[{"id":41807,"href":"https:\/\/gazdasagportal.hu\/index.php\/wp-json\/wp\/v2\/posts\/41806\/revisions\/41807"}],"wp:attachment":[{"href":"https:\/\/gazdasagportal.hu\/index.php\/wp-json\/wp\/v2\/media?parent=41806"}],"wp:term":[{"taxonomy":"category","embeddable":true,"href":"https:\/\/gazdasagportal.hu\/index.php\/wp-json\/wp\/v2\/categories?post=41806"},{"taxonomy":"post_tag","embeddable":true,"href":"https:\/\/gazdasagportal.hu\/index.php\/wp-json\/wp\/v2\/tags?post=41806"}],"curies":[{"name":"wp","href":"https:\/\/api.w.org\/{rel}","templated":true}]}}