{"id":41799,"date":"2014-08-15T17:39:41","date_gmt":"2014-08-15T15:39:41","guid":{"rendered":"http:\/\/stockportal.hu\/?p=41799"},"modified":"2014-08-15T19:01:31","modified_gmt":"2014-08-15T17:01:31","slug":"ukran-valsag-kijev-megsemmisitettek-az-ukrajnaba-behatolt-orosz-hadoszlop-zomet","status":"publish","type":"post","link":"https:\/\/gazdasagportal.hu\/index.php\/ukran-valsag-kijev-megsemmisitettek-az-ukrajnaba-behatolt-orosz-hadoszlop-zomet\/","title":{"rendered":"Megsemmis\u00edtett\u00e9k az Ukrajn\u00e1ba behatolt orosz hadoszlop z\u00f6m\u00e9t"},"content":{"rendered":"<p><strong>Az ukr\u00e1n fegyveres er\u0151k t\u00fcz\u00e9rs\u00e9ge megsemmis\u00edtette annak az orosz harcj\u00e1rm\u0171oszlopnak a nagy r\u00e9sz\u00e9t, amely p\u00e9ntekre virrad\u00f3 \u00e9jjel hatolt be Ukrajna ter\u00fclet\u00e9re a kelet-ukrajnai Izvarine hat\u00e1r\u00e1tkel\u0151n\u00e9l &#8211; k\u00f6z\u00f6lte Petro Porosenko ukr\u00e1n eln\u00f6k telefonon David Cameron brit minisztereln\u00f6kkel.<\/strong><!--more--><br \/>\n<div class=\"ads-in-post1\"><div id=\"gazdasagportal.hu_fullbanner_wideboard\"><\/div>\r\n<\/div>\n<p>    Az ukr\u00e1n eln\u00f6k aggodalm\u00e1t fejezte ki a brit korm\u00e1nyf\u0151nek az orosz-ukr\u00e1n hat\u00e1r ment\u00e9n kialakult helyzet miatt. \u00c1ll\u00edt\u00e1sa szerint a szeparatist\u00e1k \u00e1ltal ellen\u0151rz\u00f6tt ter\u00fclet hat\u00e1rszakasz\u00e1n tov\u00e1bbra is \u00e9rkeznek illeg\u00e1lisan fegyverek \u00e9s katonai eszk\u00f6z\u00f6k Oroszorsz\u00e1gb\u00f3l.<br \/>\n    Az ukr\u00e1n eln\u00f6ki sajt\u00f3szolg\u00e1lat t\u00e1j\u00e9koztat\u00e1sa szerint Cameron &#8222;hat\u00e1rozott \u00e9s k\u00f6vetkezetes&#8221; t\u00e1mogat\u00e1s\u00e1r\u00f3l biztos\u00edtotta Ukrajn\u00e1t \u00e9s Porosenko eln\u00f6k tev\u00e9kenys\u00e9g\u00e9t.<br \/>\n    El\u0151z\u0151leg k\u00fclf\u00f6ldi \u00fajs\u00e1g\u00edr\u00f3k &#8211; k\u00f6zt\u00fck a The Guardian \u00e9s a Daily Telegraph c\u00edm\u0171 brit lapok tud\u00f3s\u00edt\u00f3i &#8211; sz\u00e1moltak be k\u00f6z\u00f6ss\u00e9gi port\u00e1lokon arr\u00f3l, hogy orosz p\u00e1nc\u00e9lozott harcj\u00e1rm\u0171vek \u00e9s Ural katonai teheraut\u00f3k keltek \u00e1t az ukr\u00e1n hat\u00e1ron ann\u00e1l a Luhanszk megyei Izvarine \u00e1tkel\u0151n\u00e9l, amelynek orosz oldal\u00e1ra, a &#8222;Donyeck&#8221; elnevez\u00e9s\u0171 \u00e1tkel\u0151re nem sokkal k\u00e9s\u0151bb meg\u00e9rkezett a csaknem 300 kamionb\u00f3l \u00e1ll\u00f3 orosz seg\u00e9lykonvoj. A k\u00fclf\u00f6ldi \u00fajs\u00e1g\u00edr\u00f3knak az orosz hat\u00f3s\u00e1gok enged\u00e9lyezt\u00e9k, hogy egy\u00fctt tartsanak a seg\u00e9lykonvojjal, \u00edgy saj\u00e1t szem\u00fckkel l\u00e1tt\u00e1k, amint a harcj\u00e1rm\u0171vek behatolnak Ukrajna ter\u00fclet\u00e9re.<br \/>\n    A behatol\u00e1s h\u00edr\u00e9t p\u00e9nteken meger\u0151s\u00edtette a kelet-ukrajnai szakad\u00e1rok ellen ind\u00edtott, Kijev \u00e1ltal terrorellenesnek nevezett hadm\u0171velet parancsnoks\u00e1ga, hozz\u00e1t\u00e9ve, hogy az el\u0151zetes inform\u00e1ci\u00f3k szerint fegyveres katon\u00e1kat sz\u00e1ll\u00edtottak a harci j\u00e1rm\u0171vek.<br \/>\n    Andrij Liszenko, a Nemzetv\u00e9delmi \u00e9s Biztons\u00e1gi Tan\u00e1cs (RNBO) sz\u00f3viv\u0151je p\u00e9nteki kijevi sajt\u00f3t\u00e1j\u00e9koztat\u00f3j\u00e1n k\u00f6z\u00f6lte, hogy a katonai h\u00edrszerz\u00e9s \u00e9szlelte a hadoszlopot, amely Izvarin\u00e9n\u00e9l \u00e1tkelt az orosz-ukr\u00e1n hat\u00e1ron. Hozz\u00e1tette, hogy az orosz katonai j\u00e1rm\u0171vek sz\u00e1m\u00e1t Kijev egyel\u0151re nem hozza nyilv\u00e1noss\u00e1gra.<br \/>\n    K\u00e9rd\u00e9sre v\u00e1laszolva Liszenko kifejtette, hogy nem c\u00e9lszer\u0171 az ukr\u00e1n l\u00e9gier\u0151t bevetni a szeparatist\u00e1k ellen, mivel a szakad\u00e1roknak vannak l\u00e9gv\u00e9delmi rendszereik, az orosz hat\u00e1ron t\u00falr\u00f3l pedig folyamatosan figyelik az ukr\u00e1n l\u00e9gteret. Szavai szerint ez\u00e9rt az ukr\u00e1n fegyveres er\u0151k jelenleg a szakad\u00e1r konvojokkal szemben a &#8222;felder\u00edt\u00e9s, k\u00f6vet\u00e9s \u00e9s megsemmis\u00edt\u00e9s&#8221; taktik\u00e1j\u00e1t alkalmazz\u00e1k.<br \/>\n    Vlagyimir Putyin eln\u00f6k az ukrajnai Kr\u00edm f\u00e9lsziget Oroszorsz\u00e1g \u00e1ltali bekebelez\u00e9se ut\u00e1n elismerte, hogy orosz katon\u00e1k m\u00e1r a Kr\u00edmben voltak m\u00e1rcius k\u00f6zep\u00e9n, a f\u00e9lsziget hovatartoz\u00e1s\u00e1r\u00f3l sebt\u00e9ben megrendezett &#8211; Kijev \u00e9s a nemzetk\u00f6zi k\u00f6z\u00f6ss\u00e9g \u00e1ltal nem elismert &#8211; n\u00e9pszavaz\u00e1s idej\u00e9n. Moszkva azonban tov\u00e1bbra is visszautas\u00edtja azokat a Kijevi v\u00e1dakat, amelyek szerint az orosz titkosszolg\u00e1lathoz tartoz\u00f3 tan\u00e1csad\u00f3kkal \u00e9s zsoldosokkal, valamint fegyverekkel \u00e9s katonai eszk\u00f6z\u00f6kkel l\u00e1tja el a kelet-ukrajnai Donyeck \u00e9s Luhanszk megy\u00e9kben harcol\u00f3 oroszbar\u00e1t szeparatist\u00e1kat, fegyveres er\u0151i pedig rendszeresen megs\u00e9rtik Ukrajna ter\u00fclet\u00e9t. A Kreml ezzel szemben azzal v\u00e1dolja Kijevet, hogy el akarja szabot\u00e1lni az orosz seg\u00e9ly eljuttat\u00e1s\u00e1t a harcok s\u00fajtotta kelet-ukrajnai tele\u00fcl\u00e9sek lakosaihoz, \u00e9s ennek \u00e9rdek\u00e9ben fokozza harci tev\u00e9kenys\u00e9g\u00e9t a t\u00e9rs\u00e9gben.(MTI)<\/p>\n","protected":false},"excerpt":{"rendered":"<p>Az ukr\u00e1n fegyveres er\u0151k t\u00fcz\u00e9rs\u00e9ge megsemmis\u00edtette annak az orosz harcj\u00e1rm\u0171oszlopnak a nagy r\u00e9sz\u00e9t, amely p\u00e9ntekre virrad\u00f3 \u00e9jjel hatolt be Ukrajna ter\u00fclet\u00e9re a kelet-ukrajnai Izvarine hat\u00e1r\u00e1tkel\u0151n\u00e9l &#8211; k\u00f6z\u00f6lte Petro Porosenko ukr\u00e1n eln\u00f6k telefonon David Cameron brit minisztereln\u00f6kkel.<\/p>\n","protected":false},"author":1,"featured_media":32701,"comment_status":"open","ping_status":"closed","sticky":false,"template":"","format":"standard","meta":[],"categories":[146,139],"tags":[],"_links":{"self":[{"href":"https:\/\/gazdasagportal.hu\/index.php\/wp-json\/wp\/v2\/posts\/41799"}],"collection":[{"href":"https:\/\/gazdasagportal.hu\/index.php\/wp-json\/wp\/v2\/posts"}],"about":[{"href":"https:\/\/gazdasagportal.hu\/index.php\/wp-json\/wp\/v2\/types\/post"}],"author":[{"embeddable":true,"href":"https:\/\/gazdasagportal.hu\/index.php\/wp-json\/wp\/v2\/users\/1"}],"replies":[{"embeddable":true,"href":"https:\/\/gazdasagportal.hu\/index.php\/wp-json\/wp\/v2\/comments?post=41799"}],"version-history":[{"count":9,"href":"https:\/\/gazdasagportal.hu\/index.php\/wp-json\/wp\/v2\/posts\/41799\/revisions"}],"predecessor-version":[{"id":41819,"href":"https:\/\/gazdasagportal.hu\/index.php\/wp-json\/wp\/v2\/posts\/41799\/revisions\/41819"}],"wp:featuredmedia":[{"embeddable":true,"href":"https:\/\/gazdasagportal.hu\/index.php\/wp-json\/wp\/v2\/media\/32701"}],"wp:attachment":[{"href":"https:\/\/gazdasagportal.hu\/index.php\/wp-json\/wp\/v2\/media?parent=41799"}],"wp:term":[{"taxonomy":"category","embeddable":true,"href":"https:\/\/gazdasagportal.hu\/index.php\/wp-json\/wp\/v2\/categories?post=41799"},{"taxonomy":"post_tag","embeddable":true,"href":"https:\/\/gazdasagportal.hu\/index.php\/wp-json\/wp\/v2\/tags?post=41799"}],"curies":[{"name":"wp","href":"https:\/\/api.w.org\/{rel}","templated":true}]}}